{"id":236463,"date":"2026-09-02T17:17:31","date_gmt":"2026-09-02T17:17:31","guid":{"rendered":"https:\/\/www.europesays.com\/be-fr\/236463\/"},"modified":"2026-09-02T17:17:31","modified_gmt":"2026-09-02T17:17:31","slug":"les-neuf-evenements-celestes-a-ne-pas-manquer-en-septembre-national-geographic","status":"publish","type":"post","link":"https:\/\/www.europesays.com\/be-fr\/236463\/","title":{"rendered":"Les neuf \u00e9v\u00e9nements c\u00e9lestes \u00e0 ne pas manquer en septembre | National Geographic"},"content":{"rendered":"<p>\u00a0<\/p>\n<p>Les nuits d\u2019observation du ciel sont particuli\u00e8rement spectaculaires autour de la nouvelle lune, lorsque nous ne percevons quasiment pas la lumi\u00e8re de notre satellite naturel. Associez cette obscurit\u00e9 \u00e0 un site pr\u00e9serv\u00e9 de la pollution lumineuse, comme un parc national, et vous pourriez apercevoir des galaxies, des n\u00e9buleuses et le c\u0153ur lumineux de la Voie lact\u00e9e.<\/p>\n<p>Ce mois-ci, la nouvelle lune aura lieu entre les 11 et 12 septembre, une occasion id\u00e9ale pour sortir observer le ciel. Il s\u2019agit en outre de l\u2019un des derniers mois de l\u2019ann\u00e9e 2026 o\u00f9 le centre de la Voie lact\u00e9e restera visible depuis l\u2019h\u00e9misph\u00e8re Nord. Apr\u00e8s novembre, il ne r\u00e9appara\u00eetra plus avant le printemps.<\/p>\n<p>\u00a0<\/p>\n<p>L\u2019heure dor\u00e9e (la premi\u00e8re heure qui suit le lever du soleil) sera particuli\u00e8rement belle le 14 septembre. Peu apr\u00e8s le coucher du Soleil, un fin croissant de Lune appara\u00eetra \u00e0 moins de cinq degr\u00e9s de V\u00e9nus au-dessus de l\u2019horizon ouest, soit environ la largeur de trois doigts d&rsquo;une main tendue. Contrairement aux rapprochements entre plan\u00e8tes et Lune observables au d\u00e9but du mois, celui-ci ne n\u00e9cessitera aucun r\u00e9veil avant l\u2019aube. Le duo brillera pendant environ une heure apr\u00e8s le coucher du Soleil avant de dispara\u00eetre sous l\u2019horizon.<\/p>\n<p>\u00a0<\/p>\n<p>Le soir du 18 septembre, V\u00e9nus atteindra son \u00e9clat maximal de toute l&rsquo;ann\u00e9e, ainsi que l\u2019un de ses pics de luminosit\u00e9 de l\u2019ann\u00e9e. La plan\u00e8te atteindra une magnitude de -4,8. \u00c0 titre de comparaison, la pleine lune affiche une magnitude d\u2019environ -12. Cela reste n\u00e9anmoins un ph\u00e9nom\u00e8ne \u00e0 ne pas manquer. Gr\u00e2ce \u00e0 sa luminosit\u00e9 exceptionnelle, V\u00e9nus est l\u2019un des astres les plus faciles \u00e0 rep\u00e9rer dans le ciel, m\u00eame au-dessus des grandes villes. Elle appara\u00eetra peu apr\u00e8s le coucher du Soleil, pr\u00e8s de l\u2019horizon ouest. Guettez \u00e9galement Mercure, visible \u00e0 proximit\u00e9.<\/p>\n<p>\u00a0<\/p>\n<p>L\u2019automne commencera officiellement dans l\u2019h\u00e9misph\u00e8re Nord le soir du 22 septembre. Au-del\u00e0 des magnifiques couleurs dont se parera la nature, les \u00e9quinoxes sont r\u00e9put\u00e9s pour favoriser une activit\u00e9 des aurores bor\u00e9ales sup\u00e9rieure \u00e0 la moyenne. Ce ph\u00e9nom\u00e8ne s\u2019explique par l\u2019inclinaison particuli\u00e8re de la Terre \u00e0 cette p\u00e9riode de l\u2019ann\u00e9e, qui cr\u00e9e des conditions plus favorables aux interactions avec le vent solaire.<\/p>\n<p>Une recrudescence de l\u2019activit\u00e9 aurorale n\u2019est jamais garantie, les aurores restant difficiles \u00e0 pr\u00e9voir, mais cette p\u00e9riode marque traditionnellement le d\u00e9but de la saison des aurores avec son lot d\u2019attentes et d\u2019observations spectaculaires. M\u00eame si le maximum solaire, le pic du cycle d\u2019activit\u00e9 de onze ans du Soleil, semble d\u00e9sormais d\u00e9pass\u00e9, l\u2019ann\u00e9e pourrait encore offrir de tr\u00e8s belles manifestations lumineuses, notamment sous les latitudes arctiques.<\/p>\n<p>\u00a0<\/p>\n<p>La constellation des G\u00e9meaux est surtout connue pour ses deux \u00e9toiles principales, Castor et Pollux. Le matin du 25 septembre, ce duo c\u00e9leste sera rejoint temporairement par Mars. La plan\u00e8te rouge s\u2019alignera presque parfaitement avec les deux \u00e9toiles, formant un trio facilement identifiable dans le ciel oriental : Castor au sommet, Pollux au centre et Mars, teint\u00e9e d\u2019orange, en dessous. En regardant un peu plus bas vers l\u2019horizon, vous pourrez \u00e9galement apercevoir Jupiter, particuli\u00e8rement brillante.\u00a0<\/p>\n","protected":false},"excerpt":{"rendered":"\u00a0 Les nuits d\u2019observation du ciel sont particuli\u00e8rement spectaculaires autour de la nouvelle lune, lorsque nous ne percevons&hellip;\n","protected":false},"author":2,"featured_media":236464,"comment_status":"","ping_status":"","sticky":false,"template":"","format":"standard","meta":{"footnotes":"","_share_on_mastodon":"0"},"categories":[70],"tags":[2681,73112,8831,12,13,18,17,1918,10676,10442,73,71,75,72,76,74,19952],"class_list":["post-236463","post","type-post","status-publish","format-standard","has-post-thumbnail","category-sciences-et-technologies","tag-astronomie","tag-astronomie-amateur","tag-aurores","tag-be","tag-be-fr","tag-belgique","tag-belgium","tag-espace","tag-lune","tag-planetes","tag-science","tag-science-and-technology","tag-sciences","tag-sciences-et-technologies","tag-technologies","tag-technology","tag-voie-lactee"],"share_on_mastodon":{"url":"https:\/\/pubeurope.com\/@be_fr\/117202586618781554","error":""},"_links":{"self":[{"href":"https:\/\/www.europesays.com\/be-fr\/wp-json\/wp\/v2\/posts\/236463","targetHints":{"allow":["GET"]}}],"collection":[{"href":"https:\/\/www.europesays.com\/be-fr\/wp-json\/wp\/v2\/posts"}],"about":[{"href":"https:\/\/www.europesays.com\/be-fr\/wp-json\/wp\/v2\/types\/post"}],"author":[{"embeddable":true,"href":"https:\/\/www.europesays.com\/be-fr\/wp-json\/wp\/v2\/users\/2"}],"replies":[{"embeddable":true,"href":"https:\/\/www.europesays.com\/be-fr\/wp-json\/wp\/v2\/comments?post=236463"}],"version-history":[{"count":0,"href":"https:\/\/www.europesays.com\/be-fr\/wp-json\/wp\/v2\/posts\/236463\/revisions"}],"wp:featuredmedia":[{"embeddable":true,"href":"https:\/\/www.europesays.com\/be-fr\/wp-json\/wp\/v2\/media\/236464"}],"wp:attachment":[{"href":"https:\/\/www.europesays.com\/be-fr\/wp-json\/wp\/v2\/media?parent=236463"}],"wp:term":[{"taxonomy":"category","embeddable":true,"href":"https:\/\/www.europesays.com\/be-fr\/wp-json\/wp\/v2\/categories?post=236463"},{"taxonomy":"post_tag","embeddable":true,"href":"https:\/\/www.europesays.com\/be-fr\/wp-json\/wp\/v2\/tags?post=236463"}],"curies":[{"name":"wp","href":"https:\/\/api.w.org\/{rel}","templated":true}]}}