{"id":236469,"date":"2026-09-02T17:21:13","date_gmt":"2026-09-02T17:21:13","guid":{"rendered":"https:\/\/www.europesays.com\/be-fr\/236469\/"},"modified":"2026-09-02T17:21:13","modified_gmt":"2026-09-02T17:21:13","slug":"je-commence-a-avoir-honte-dhabiter-en-wallonie-voici-le-coup-de-gueule-dun-animateur-vedette-de-la-rtbf","status":"publish","type":"post","link":"https:\/\/www.europesays.com\/be-fr\/236469\/","title":{"rendered":"\u00ab\u00a0Je commence \u00e0 avoir honte d&rsquo;habiter en Wallonie\u2026\u00a0\u00bb\u00a0: voici le coup de gueule d&rsquo;un animateur vedette de la RTBF"},"content":{"rendered":"<p><img loading=\"lazy\" decoding=\"async\" class=\"w-full lazyload lazyload--opacity object-contain\" style=\"aspect-ratio:100 \/ 100;opacity:1\" alt=\"Gaetan Bartosz\" width=\"768\" height=\"768\" fetchpriority=\"auto\" src=\"https:\/\/www.europesays.com\/be-fr\/wp-content\/uploads\/2026\/09\/1788369671_429_S5VKD3X55FFF3BW6V4SEHXNP7I.png\"  data- data-optimumx=\"1\"\/><img loading=\"lazy\" decoding=\"async\" src=\"https:\/\/www.europesays.com\/be-fr\/wp-content\/uploads\/2026\/09\/7MWH6XXOYRH5REGROBW2SC3G4U.jpg\" width=\"768\" height=\"768\" alt=\"Gaetan Bartosz\" class=\"absolute inset-0 w-full\"\/>Gaetan Bartosz \u00a9Facebook\/BartoszLa Belgique\u00a0: \u00ab\u00a0pays en voie de d\u00e9veloppement\u00a0\u00bb<\/p>\n<p class=\"ap-StoryElement ap-StoryElement--mb ap-StoryText\">Gaetan Bartosz explique son ras-le-bol. \u00ab\u00a0J&rsquo;ai parfois l&rsquo;impression qu&rsquo;on vit dans un pays en voie de d\u00e9veloppement tellement certaines infrastructures semblent \u00e0 l&rsquo;abandon\u2026 Le r\u00e9seau Tha\u00eflandais (d&rsquo;o\u00f9 cette photo -avec son post- du r\u00e9seau tha\u00eflandais qui, m\u00eame avec des fils partout, fonctionne, NdlR.) fonctionne mieux.\u00a0\u00bb<\/p>\n<p class=\"ap-StoryElement ap-StoryElement--mb ap-StoryText\">Apr\u00e8s avoir point\u00e9 du doigt RESA (principal op\u00e9rateur des r\u00e9seaux de distribution d&rsquo;\u00e9lectricit\u00e9 et de gaz en Province de Li\u00e8ge), il conclut sur la note sal\u00e9e que tout citoyen belge paie. Et pas uniquement les Li\u00e9geois. \u00ab\u00a0Parce que lorsqu&rsquo;on voit le montant de nos factures, on est clairement en droit d&rsquo;attendre un r\u00e9seau qui fonctionne correctement\u00a0! On paie cher\u2026 tr\u00e8s cher. Alors la moindre des choses, c&rsquo;est d&rsquo;avoir le service qui va avec.\u00a0\u00bb<\/p>\n<p class=\"ap-StoryElement ap-StoryElement--mb ap-StoryText\">Et les internautes soutiennent l&rsquo;animateur car ils semblent sur la m\u00eame\u2026 longueur d&rsquo;onde. \u00ab\u00a0Tout aussi fr\u00e9quent dans la r\u00e9gion de Chimay. C&rsquo;est partout pareil\u00a0\u00bb\u00a0; \u00ab\u00a0Pareil chez moi, j&rsquo;habite Juprelle. J&rsquo;ai minimum 1 \u00e0 2 coupures de courant par mois\u00a0\u00bb\u00a0; \u00ab\u00a0Identiquement pareil sur Andenne\u00a0\u00bb. Ou encore\u00a0: \u00ab\u00a0Enti\u00e8rement d&rsquo;accord\u2026 sur Eghez\u00e9e, j&rsquo;\u00e9tais en EDGE \u00e0 mon domicile. Apr\u00e8s d\u00e9m\u00e9nagement, j&rsquo;ai un meilleur r\u00e9seau mais j&rsquo;ai beaucoup de pannes de courant g\u00e9n\u00e9rales\u2026 \u00e7a dure quelques secondes, minutes, \u2026 mais il me faut tout r\u00e9gler\u2026 y compris alarme, thermostat,\u00a0etc. Je dois interroger mon fournisseur local.\u00a0\u00bb<\/p>\n","protected":false},"excerpt":{"rendered":"Gaetan Bartosz \u00a9Facebook\/BartoszLa Belgique\u00a0: \u00ab\u00a0pays en voie de d\u00e9veloppement\u00a0\u00bb Gaetan Bartosz explique son ras-le-bol. \u00ab\u00a0J&rsquo;ai parfois l&rsquo;impression qu&rsquo;on&hellip;\n","protected":false},"author":2,"featured_media":236470,"comment_status":"","ping_status":"","sticky":false,"template":"","format":"standard","meta":{"footnotes":"","_share_on_mastodon":"0"},"categories":[8],"tags":[10,145,12,13,18,17,2932,876,394,198,73113,40080,43063,16756,22056,73114,1404,48620,11,404,12221,70470,971,946,7023,951,10456,952,10457],"class_list":["post-236469","post","type-post","status-publish","format-standard","has-post-thumbnail","category-actualites","tag-actualites","tag-architecture","tag-be","tag-be-fr","tag-belgique","tag-belgium","tag-brussel","tag-center","tag-city","tag-communication","tag-directional-sign","tag-guidance","tag-illu","tag-illus","tag-illustraties","tag-information-sign","tag-media","tag-media-square","tag-news","tag-no-people","tag-persconferentie","tag-radio-television-francophone","tag-rtbf","tag-sign","tag-signage","tag-symbol","tag-text","tag-travel","tag-western-script"],"share_on_mastodon":{"url":"https:\/\/pubeurope.com\/@be_fr\/117202602626975659","error":""},"_links":{"self":[{"href":"https:\/\/www.europesays.com\/be-fr\/wp-json\/wp\/v2\/posts\/236469","targetHints":{"allow":["GET"]}}],"collection":[{"href":"https:\/\/www.europesays.com\/be-fr\/wp-json\/wp\/v2\/posts"}],"about":[{"href":"https:\/\/www.europesays.com\/be-fr\/wp-json\/wp\/v2\/types\/post"}],"author":[{"embeddable":true,"href":"https:\/\/www.europesays.com\/be-fr\/wp-json\/wp\/v2\/users\/2"}],"replies":[{"embeddable":true,"href":"https:\/\/www.europesays.com\/be-fr\/wp-json\/wp\/v2\/comments?post=236469"}],"version-history":[{"count":0,"href":"https:\/\/www.europesays.com\/be-fr\/wp-json\/wp\/v2\/posts\/236469\/revisions"}],"wp:featuredmedia":[{"embeddable":true,"href":"https:\/\/www.europesays.com\/be-fr\/wp-json\/wp\/v2\/media\/236470"}],"wp:attachment":[{"href":"https:\/\/www.europesays.com\/be-fr\/wp-json\/wp\/v2\/media?parent=236469"}],"wp:term":[{"taxonomy":"category","embeddable":true,"href":"https:\/\/www.europesays.com\/be-fr\/wp-json\/wp\/v2\/categories?post=236469"},{"taxonomy":"post_tag","embeddable":true,"href":"https:\/\/www.europesays.com\/be-fr\/wp-json\/wp\/v2\/tags?post=236469"}],"curies":[{"name":"wp","href":"https:\/\/api.w.org\/{rel}","templated":true}]}}