{"id":236499,"date":"2026-09-02T17:40:23","date_gmt":"2026-09-02T17:40:23","guid":{"rendered":"https:\/\/www.europesays.com\/be-fr\/236499\/"},"modified":"2026-09-02T17:40:23","modified_gmt":"2026-09-02T17:40:23","slug":"en-larmes-ariana-grande-fait-ses-adieux-a-la-scene-avant-son-retrait-de-la-vie-publique","status":"publish","type":"post","link":"https:\/\/www.europesays.com\/be-fr\/236499\/","title":{"rendered":"En larmes, Ariana Grande fait ses adieux \u00e0 la sc\u00e8ne avant son retrait de la vie publique"},"content":{"rendered":"<p class=\"ap-StoryElement ap-StoryElement--mb ap-StoryText\">Un concert riche en \u00e9motion. Ce mardi soir avait lieu le tout dernier concert de la tourn\u00e9e \u00ab\u00a0Eternal Sunshine\u00a0\u00bb d&rsquo;Ariana Grande, \u00e0 Londres. Mais en plus d&rsquo;\u00eatre la fin de cette tourn\u00e9e, cette date marquait \u00e9galement le d\u00e9but d&rsquo;une longue pause pour la chanteuse de 33 ans.<\/p>\n<p class=\"ap-StoryElement ap-StoryElement--mb ap-StoryText\">En effet, le dimanche 2 ao\u00fbt 2026, le repr\u00e9sentant d&rsquo;Ariana Grande avait annonc\u00e9 qu&rsquo;elle souhaitait prendre \u00ab\u00a0une pause bien m\u00e9rit\u00e9e loin du travail et des apparitions publiques\u00a0\u00bb. En cause : les \u00ab\u00a0commentaires incessants et permanents du public\u00a0\u00bb, notamment sur son physique, qui accompagnaient chacune de ses apparitions.<\/p>\n","protected":false},"excerpt":{"rendered":"Un concert riche en \u00e9motion. Ce mardi soir avait lieu le tout dernier concert de la tourn\u00e9e \u00ab\u00a0Eternal&hellip;\n","protected":false},"author":2,"featured_media":236500,"comment_status":"","ping_status":"","sticky":false,"template":"","format":"standard","meta":{"footnotes":"","_share_on_mastodon":"0"},"categories":[83],"tags":[22046,13411,12,13,18,17,366,96,95,9385,660],"class_list":["post-236499","post","type-post","status-publish","format-standard","has-post-thumbnail","category-divertissement","tag-adieux","tag-ariana-grande","tag-be","tag-be-fr","tag-belgique","tag-belgium","tag-concert","tag-divertissement","tag-entertainment","tag-larmes","tag-tournee"],"share_on_mastodon":{"url":"https:\/\/pubeurope.com\/@be_fr\/117202676876366014","error":""},"_links":{"self":[{"href":"https:\/\/www.europesays.com\/be-fr\/wp-json\/wp\/v2\/posts\/236499","targetHints":{"allow":["GET"]}}],"collection":[{"href":"https:\/\/www.europesays.com\/be-fr\/wp-json\/wp\/v2\/posts"}],"about":[{"href":"https:\/\/www.europesays.com\/be-fr\/wp-json\/wp\/v2\/types\/post"}],"author":[{"embeddable":true,"href":"https:\/\/www.europesays.com\/be-fr\/wp-json\/wp\/v2\/users\/2"}],"replies":[{"embeddable":true,"href":"https:\/\/www.europesays.com\/be-fr\/wp-json\/wp\/v2\/comments?post=236499"}],"version-history":[{"count":0,"href":"https:\/\/www.europesays.com\/be-fr\/wp-json\/wp\/v2\/posts\/236499\/revisions"}],"wp:featuredmedia":[{"embeddable":true,"href":"https:\/\/www.europesays.com\/be-fr\/wp-json\/wp\/v2\/media\/236500"}],"wp:attachment":[{"href":"https:\/\/www.europesays.com\/be-fr\/wp-json\/wp\/v2\/media?parent=236499"}],"wp:term":[{"taxonomy":"category","embeddable":true,"href":"https:\/\/www.europesays.com\/be-fr\/wp-json\/wp\/v2\/categories?post=236499"},{"taxonomy":"post_tag","embeddable":true,"href":"https:\/\/www.europesays.com\/be-fr\/wp-json\/wp\/v2\/tags?post=236499"}],"curies":[{"name":"wp","href":"https:\/\/api.w.org\/{rel}","templated":true}]}}