{"id":236525,"date":"2026-09-02T18:07:50","date_gmt":"2026-09-02T18:07:50","guid":{"rendered":"https:\/\/www.europesays.com\/be-fr\/236525\/"},"modified":"2026-09-02T18:07:50","modified_gmt":"2026-09-02T18:07:50","slug":"la-mort-de-la-femme-du-pasteur-netflix-que-devient-jp-miller","status":"publish","type":"post","link":"https:\/\/www.europesays.com\/be-fr\/236525\/","title":{"rendered":"La mort de la femme du pasteur (Netflix) : que devient JP Miller ?"},"content":{"rendered":"<p>C\u2019est une histoire qui a boulevers\u00e9 les \u00c9tats-Unis. Ce mercredi 26 ao\u00fbt, Netflix a sorti sa nouvelle minis\u00e9rie documentaire en trois \u00e9pisodes, La mort de la femme du pasteur. La s\u00e9rie retrace les derniers instants de la vie de Mica Miller, morte \u00e0 30 ans en avril 2024. Femme du pasteur John-Paul Miller, surnomm\u00e9 JP, la jeune femme a fini par se suicider apr\u00e8s des ann\u00e9es d\u2019abus de la part de son mari.<\/p>\n<p><a href=\"https:\/\/www.netflix-news.com\/articles\/programmes\/series\/1627968-la-mort-de-la-femme-du-pasteur-la-fin-expliquee-et-ce-que-sont-devenus-les-protagonistes-du-true-crime-netflix-27-08-2026\/\" rel=\"nofollow noopener\" target=\"_blank\">JP Miller n\u2019a pas \u00e9t\u00e9 inculp\u00e9 apr\u00e8s la mort de sa femme<\/a> et a ni\u00e9 totalement les accusations d&rsquo;abus \u00e9nonc\u00e9es par Mica Miller. Au d\u00e9part pasteur \u00e0 Myrtle Beach, une petite ville de Caroline du Sud, JP Miller a quitt\u00e9 son \u00e9glise, la Solid Rock Church, qui a ferm\u00e9 ses portes apr\u00e8s le suicide de Mica Miller. Le pasteur s\u2019est remari\u00e9 en juin 2025 \u00e0 Suzie Skinner, avec qui il continue de pr\u00eacher.<\/p>\n<p>                        La mort de la femme du pasteur : JP Miller en attente d\u2019un proc\u00e8s<\/p>\n<p>C\u2019est en d\u00e9cembre 2025, soit plus d\u2019un an apr\u00e8s le d\u00e9c\u00e8s de sa femme, que JP Miller a fait l\u2019objet de nouvelles accusations. On lui reproche notamment des communications r\u00e9p\u00e9t\u00e9es et non d\u00e9sir\u00e9es, l\u2019utilisation pr\u00e9sum\u00e9e de dispositifs de localisation, ainsi que la diffusion sans consentement d\u2019une photo intime.<\/p>\n<p>Plusieurs autres faits lui sont \u00e9galement reproch\u00e9s, notamment \u00e0 l\u2019encontre de Mica. JP Miller a plaid\u00e9 non coupable. Selon les informations disponibles en ao\u00fbt 2026, son proc\u00e8s doit s\u2019ouvrir lors de la session d\u2019octobre 2026. Contact\u00e9 par la plateforme, le pasteur a refus\u00e9 de participer au tournage de <a href=\"https:\/\/www.programme-tv.net\/news\/series-tv\/406134-les-meurtres-de-lidaho-netflix-laffaire-a-subi-un-nouveau-rebondissement-lie-a-bryan-kohberger\/\" data-api-deeplink=\"teleloisirs:\/\/news\/406134\" rel=\"nofollow noopener\" target=\"_blank\">la minis\u00e9rie Netflix. <\/a><\/p>\n<p>La mort de la femme du pasteur : la triste histoire de Mica Miller<\/p>\n<p><a href=\"https:\/\/www.programme-tv.net\/programme\/culture-infos\/r1550231193-la-mort-de-la-femme-du-pasteur\/\" rel=\"nofollow noopener\" target=\"_blank\">R\u00e9alis\u00e9e par Julia Willoughby Nason et Michael Gasparro, La mort de la femme du pasteur <\/a>revient sur la relation de Mica Miller avec son mari. Cette derni\u00e8re avait quinze ans de moins que lui, et a de nombreuses fois signal\u00e9 les comportements abusifs du pasteur. Le 25 avril 2024, JP Miller a re\u00e7u la demande de divorce de Mica et, deux jours apr\u00e8s, la jeune femme a \u00e9t\u00e9 retrouv\u00e9e morte.<\/p>\n<p>L\u2019enqu\u00eate a rapidement \u00e9t\u00e9 class\u00e9e comme un suicide, les autorit\u00e9s ayant trouv\u00e9 notamment une blessure par arme \u00e0 feu auto-inflig\u00e9e. Le documentaire revient sur les derniers mois de la vie de Mica, qui affirmait avoir subi des violences \u00ab\u00a0\u00e9motionnelles, sexuelles, spirituelles, financi\u00e8res et physiques\u00a0\u00bb au cours de son mariage.<\/p>\n<p>La mort de la femme du pasteur : la famille de Mica Miller engag\u00e9e apr\u00e8s la mort de la jeune femme<\/p>\n<p>La famille de Mica, depuis cet \u00e9v\u00e9nement tragique, s\u2019est beaucoup exprim\u00e9e dans les m\u00e9dias. Elle souhaite une r\u00e9forme judiciaire pour faire \u00e9voluer la l\u00e9gislation de la Caroline du Sud, afin qu\u2019elle reconnaisse davantage le contr\u00f4le coercitif et les violences psychologiques, \u00e9motionnelles et financi\u00e8res comme des formes de violences conjugales.<\/p>\n<p>Intitul\u00e9 \u00ab\u00a0Mica\u2019s law\u00a0\u00bb, le texte n\u2019a finalement pas \u00e9t\u00e9 adopt\u00e9 lors de la session parlementaire de 2026 mais ses d\u00e9fenseurs comptent le soumettre \u00e0 nouveau. L\u2019affaire autour de la mort de la femme du pasteur reste donc en suspens, entre une proc\u00e9dure judiciaire toujours en cours et la mobilisation de sa famille pour faire \u00e9voluer la l\u00e9gislation.<\/p>\n<p>Article \u00e9crit en collaboration avec 6Medias<\/p>\n","protected":false},"excerpt":{"rendered":"C\u2019est une histoire qui a boulevers\u00e9 les \u00c9tats-Unis. Ce mercredi 26 ao\u00fbt, Netflix a sorti sa nouvelle minis\u00e9rie&hellip;\n","protected":false},"author":2,"featured_media":236526,"comment_status":"","ping_status":"","sticky":false,"template":"","format":"standard","meta":{"footnotes":"","_share_on_mastodon":"0"},"categories":[83],"tags":[12,13,18,17,118,96,95,73141,73139,73140,560,2573,2438],"class_list":["post-236525","post","type-post","status-publish","format-standard","has-post-thumbnail","category-divertissement","tag-be","tag-be-fr","tag-belgique","tag-belgium","tag-commentaire","tag-divertissement","tag-entertainment","tag-la-mort-de-la-femme-du-pasteur","tag-la-mort-de-la-femme-du-pasteur-2026","tag-la-mort-de-la-femme-du-pasteur-season-1-2026","tag-netflix","tag-pub-streaming-netflix","tag-svod"],"share_on_mastodon":{"url":"https:\/\/pubeurope.com\/@be_fr\/117202783324737899","error":""},"_links":{"self":[{"href":"https:\/\/www.europesays.com\/be-fr\/wp-json\/wp\/v2\/posts\/236525","targetHints":{"allow":["GET"]}}],"collection":[{"href":"https:\/\/www.europesays.com\/be-fr\/wp-json\/wp\/v2\/posts"}],"about":[{"href":"https:\/\/www.europesays.com\/be-fr\/wp-json\/wp\/v2\/types\/post"}],"author":[{"embeddable":true,"href":"https:\/\/www.europesays.com\/be-fr\/wp-json\/wp\/v2\/users\/2"}],"replies":[{"embeddable":true,"href":"https:\/\/www.europesays.com\/be-fr\/wp-json\/wp\/v2\/comments?post=236525"}],"version-history":[{"count":0,"href":"https:\/\/www.europesays.com\/be-fr\/wp-json\/wp\/v2\/posts\/236525\/revisions"}],"wp:featuredmedia":[{"embeddable":true,"href":"https:\/\/www.europesays.com\/be-fr\/wp-json\/wp\/v2\/media\/236526"}],"wp:attachment":[{"href":"https:\/\/www.europesays.com\/be-fr\/wp-json\/wp\/v2\/media?parent=236525"}],"wp:term":[{"taxonomy":"category","embeddable":true,"href":"https:\/\/www.europesays.com\/be-fr\/wp-json\/wp\/v2\/categories?post=236525"},{"taxonomy":"post_tag","embeddable":true,"href":"https:\/\/www.europesays.com\/be-fr\/wp-json\/wp\/v2\/tags?post=236525"}],"curies":[{"name":"wp","href":"https:\/\/api.w.org\/{rel}","templated":true}]}}