{"id":236545,"date":"2026-09-02T18:28:19","date_gmt":"2026-09-02T18:28:19","guid":{"rendered":"https:\/\/www.europesays.com\/be-fr\/236545\/"},"modified":"2026-09-02T18:28:19","modified_gmt":"2026-09-02T18:28:19","slug":"vignette-routiere-belge-conformite-ue-et-non-discrimination-en-jeu","status":"publish","type":"post","link":"https:\/\/www.europesays.com\/be-fr\/236545\/","title":{"rendered":"Vignette routi\u00e8re belge : conformit\u00e9 UE et non-discrimination en jeu"},"content":{"rendered":"<p>  <img decoding=\"async\" class=\"r-img lazyloaded\" src=\"https:\/\/www.europesays.com\/be-fr\/wp-content\/uploads\/2026\/09\/1788373699_739_vdd.jpg\" alt=\"Louis Vandendriessche\"\/><\/p>\n<p>par <a href=\"https:\/\/www.rtl.be\/338762\/dpi-authors\/louis-vandendriessche\" rel=\"nofollow noopener\" target=\"_blank\">Louis Vandendriessche<\/a><\/p>\n<p>\tPubli\u00e9 le 02 septembre \u00e0 15h13<\/p>\n<p>  <a href=\"https:\/\/www.google.com\/preferences\/source?q=rtl%20info\" class=\"r-link--google-favorites\" role=\"button\">Ajoutez-nous \u00e0 vos favoris Google<\/a><br \/>\n\tLa future vignette routi\u00e8re belge ne devra pas \u00eatre valid\u00e9e au pr\u00e9alable par l\u2019Europe. Mais la Commission europ\u00e9enne contr\u00f4lera sa conformit\u00e9 apr\u00e8s son entr\u00e9e en vigueur, avec un point sensible\u00a0: la non-discrimination des automobilistes \u00e9trangers.<\/p>\n<p>&#13;<br \/>\n&#13;<\/p>\n<p>Source\u00a0: Belga<\/p>\n<p>La Commission europ\u00e9enne n\u2019est pas tenue de valider pr\u00e9alablement le projet de vignette routi\u00e8re des R\u00e9gions belges, mais elle \u00e9valuera la conformit\u00e9 du syst\u00e8me une fois celui-ci en place, notamment en mati\u00e8re de non-discrimination, indiquait-on mercredi dans les couloirs de l\u2019ex\u00e9cutif europ\u00e9en.<\/p>\n<p>La directive \u00ab\u00a0Eurovignette\u00a0\u00bb de 1999 impose aux \u00c9tats membres de notifier \u00e0 l\u2019avance \u00e0 la Commission les nouveaux p\u00e9ages applicables aux poids lourds. Mais il n\u2019existe aucune obligation similaire pour les nouvelles redevances d\u2019utilisation applicables aux v\u00e9hicules l\u00e9gers, pr\u00e9cisait-on.<\/p>\n<p>&#13;<br \/>\n&#13;<\/p>\n<p>&#13;<br \/>\n&#13;<\/p>\n<p>Les trois R\u00e9gions du pays se sont accord\u00e9es \u00e0 la mi-juillet sur le principe d\u2019un syst\u00e8me de vignette num\u00e9rique pour les v\u00e9hicules l\u00e9gers sur les routes et autoroutes r\u00e9gionales. L\u2019objectif est de faire contribuer les usagers \u00e9trangers \u00e0 l\u2019entretien du r\u00e9seau, tandis que des r\u00e9formes fiscales en compenseraient ou adouciraient le co\u00fbt dans les R\u00e9gions du pays.<\/p>\n<p>Les Pays-Bas et le Luxembourg s\u2019en sont d\u00e9j\u00e0 inqui\u00e9t\u00e9s, de m\u00eame que certaines localit\u00e9s de Belgique situ\u00e9es \u00e0 la fronti\u00e8re. Ils demandent des am\u00e9nagements pour les frontaliers. Le Luxembourg \u00e9change aussi avec la France et l\u2019Allemagne sur le sujet, dans l\u2019attente de clarifications de la Wallonie, indiquait r\u00e9cemment RTL L\u00ebtzebuerg.<\/p>\n<p>La Commission, de son c\u00f4t\u00e9, n\u2019est pas l\u00e9galement tenue de se prononcer sur la l\u00e9galit\u00e9 de tels plans avant l\u2019entr\u00e9e en vigueur du syst\u00e8me. Elle \u00e9valuera toutefois la conformit\u00e9 du nouveau syst\u00e8me avec le droit de l\u2019Union europ\u00e9enne et, si une violation venait \u00e0 \u00eatre constat\u00e9e, engagera des d\u00e9marches pour garantir sa conformit\u00e9, notamment au niveau de la non-discrimination.<\/p>\n<p>\n  &#13;<br \/>\n  \u00c0 lire aussi&#13;<br \/>\n  &#13;<\/p>\n<p>  <img decoding=\"async\" class=\"r-img\"  typeof=\"foaf:Image\" src=\"https:\/\/www.europesays.com\/be-fr\/wp-content\/uploads\/2026\/09\/90625069.jpeg\" alt=\"images (1).jfif\"\/><br \/>\n        <a class=\"r-stories--link\" href=\"https:\/\/www.rtl.be\/actu\/belgique\/politique\/du-changement-pour-tous-les-automobilistes-une-vignette-routiere-obligatoire-en\/2026-07-10\/article\/794168\" rel=\"nofollow noopener\" target=\"_blank\">Du changement pour tous les automobilistes\u00a0: une vignette routi\u00e8re obligatoire en Belgique en 2027<\/a>&#13;<br \/>\n  &#13;<br \/>\n&#13;\n<\/p>\n<p>En 2019, l\u2019Allemagne avait d\u00fb renoncer \u00e0 un projet de vignette pour les voitures particuli\u00e8res, compens\u00e9e fiscalement pour les r\u00e9sidents en Allemagne, apr\u00e8s un arr\u00eat de la Cour de Justice de l\u2019UE constatant une discrimination. La CJUE avait \u00e9t\u00e9 saisie par l\u2019Autriche, soutenue par les Pays-Bas.<\/p>\n<p>&#13;<br \/>\n&#13;<\/p>\n<p>&#13;<br \/>\n&#13;<\/p>\n<p><a class=\"r-btn r-btn--tag\" href=\"https:\/\/www.rtl.be\/364011\/free-tags\/vignette-autoroutiere\" title=\"vignette autorouti\u00e8re\" rel=\"nofollow noopener\" target=\"_blank\">vignette autorouti\u00e8re<\/a><br \/>\n<a class=\"r-btn r-btn--tag\" href=\"https:\/\/www.rtl.be\/1641\/locations\/europe\" title=\"Europe\" rel=\"nofollow noopener\" target=\"_blank\">Europe<\/a><\/p>\n","protected":false},"excerpt":{"rendered":"par Louis Vandendriessche Publi\u00e9 le 02 septembre \u00e0 15h13 Ajoutez-nous \u00e0 vos favoris Google La future vignette routi\u00e8re&hellip;\n","protected":false},"author":2,"featured_media":236546,"comment_status":"","ping_status":"","sticky":false,"template":"","format":"standard","meta":{"footnotes":"","_share_on_mastodon":"0"},"categories":[2],"tags":[73145,12,13,18,17,73149,1151,73147,73148,7101,73144,3572,73146,73143],"class_list":["post-236545","post","type-post","status-publish","format-standard","has-post-thumbnail","category-belgique","tag-autoroutes-belgique","tag-be","tag-be-fr","tag-belgique","tag-belgium","tag-cjue","tag-commission-europeenne","tag-eurovignette","tag-fiscalite-regionale","tag-luxembourg","tag-non-discrimination","tag-pays-bas","tag-vehicules-legers","tag-vignette-routiere-belge"],"share_on_mastodon":{"url":"https:\/\/pubeurope.com\/@be_fr\/117202866113087920","error":""},"_links":{"self":[{"href":"https:\/\/www.europesays.com\/be-fr\/wp-json\/wp\/v2\/posts\/236545","targetHints":{"allow":["GET"]}}],"collection":[{"href":"https:\/\/www.europesays.com\/be-fr\/wp-json\/wp\/v2\/posts"}],"about":[{"href":"https:\/\/www.europesays.com\/be-fr\/wp-json\/wp\/v2\/types\/post"}],"author":[{"embeddable":true,"href":"https:\/\/www.europesays.com\/be-fr\/wp-json\/wp\/v2\/users\/2"}],"replies":[{"embeddable":true,"href":"https:\/\/www.europesays.com\/be-fr\/wp-json\/wp\/v2\/comments?post=236545"}],"version-history":[{"count":0,"href":"https:\/\/www.europesays.com\/be-fr\/wp-json\/wp\/v2\/posts\/236545\/revisions"}],"wp:featuredmedia":[{"embeddable":true,"href":"https:\/\/www.europesays.com\/be-fr\/wp-json\/wp\/v2\/media\/236546"}],"wp:attachment":[{"href":"https:\/\/www.europesays.com\/be-fr\/wp-json\/wp\/v2\/media?parent=236545"}],"wp:term":[{"taxonomy":"category","embeddable":true,"href":"https:\/\/www.europesays.com\/be-fr\/wp-json\/wp\/v2\/categories?post=236545"},{"taxonomy":"post_tag","embeddable":true,"href":"https:\/\/www.europesays.com\/be-fr\/wp-json\/wp\/v2\/tags?post=236545"}],"curies":[{"name":"wp","href":"https:\/\/api.w.org\/{rel}","templated":true}]}}