{"id":236559,"date":"2026-09-02T18:40:14","date_gmt":"2026-09-02T18:40:14","guid":{"rendered":"https:\/\/www.europesays.com\/be-fr\/236559\/"},"modified":"2026-09-02T18:40:14","modified_gmt":"2026-09-02T18:40:14","slug":"inquietude-pour-mette-marit-le-roi-haakon-viii-a-son-chevet-juste-apres-sa-prestation-de-serment","status":"publish","type":"post","link":"https:\/\/www.europesays.com\/be-fr\/236559\/","title":{"rendered":"Inqui\u00e9tude pour Mette-Marit\u00a0: le roi Haakon VIII a son chevet juste apr\u00e8s sa prestation de serment"},"content":{"rendered":"<p class=\"ap-StoryElement ap-StoryElement--mb ap-StoryText\">Une p\u00e9riode difficile pour le nouveau roi de Norv\u00e8ge. Haakon VIII doit en effet faire face au d\u00e9c\u00e8s de son p\u00e8re, \u00e0 ses nouvelles obligations en tant que souverain mais aussi, depuis plusieurs mois, \u00e0 la maladie de son \u00e9pouse. Mette-Marit souffre en effet d&rsquo;une fibrose pulmonaire, pour laquelle elle a d\u00fb recevoir une greffe, qui lui a sauv\u00e9 la vie.<\/p>\n<p class=\"ap-StoryElement ap-StoryElement--mb ap-StoryText\">Mais il semblerait qu&rsquo;elle soit victime de complication. Depuis la mort du roi Harald V, la nouvelle souveraine a en effet manqu\u00e9 plusieurs \u00e9v\u00e9nements importants. Elle a notamment manqu\u00e9 le <a href=\"https:\/\/www.parismatch.be\/actualites\/people\/2026\/08\/30\/la-premiere-apparition-publique-en-famille-pour-la-reine-sonja-depuis-le-deces-du-roi-harald-mette-marit-grande-absente-L53ZWXNLHBEGNALI7UOPEFX2KA\/\" target=\"_self\" rel=\"nofollow noopener\">premier hommage rendu au d\u00e9funt monarque<\/a>, mais \u00e9galement la prestation de serment de son \u00e9poux, qui avait lieu ce mardi 1er septembre 2026. Si son absence avait \u00e9t\u00e9 <a href=\"https:\/\/www.parismatch.be\/actualites\/people\/2026\/09\/01\/inquietude-en-norvege-la-reine-mette-marit-forcee-de-rater-la-prestation-de-serment-dhaakon-en-raison-de-complications-liees-a-sa-transplantation-GKUMWKV245F2ZIQN24G5JEY6Q4\/\" target=\"_self\" rel=\"nofollow noopener\">communiqu\u00e9e en matin\u00e9e<\/a>, sa pr\u00e9sence avait d&rsquo;abord \u00e9t\u00e9 confirm\u00e9e, la veille.<\/p>\n","protected":false},"excerpt":{"rendered":"Une p\u00e9riode difficile pour le nouveau roi de Norv\u00e8ge. Haakon VIII doit en effet faire face au d\u00e9c\u00e8s&hellip;\n","protected":false},"author":2,"featured_media":236560,"comment_status":"","ping_status":"","sticky":false,"template":"","format":"standard","meta":{"footnotes":"","_share_on_mastodon":"0"},"categories":[9],"tags":[12,13,18,17,19147,72005,160,23711,31,11936,8179,6289,87,73152,32],"class_list":["post-236559","post","type-post","status-publish","format-standard","has-post-thumbnail","category-international","tag-be","tag-be-fr","tag-belgique","tag-belgium","tag-fibrose-pulmonaire","tag-haakon-viii","tag-hopital","tag-inquietude","tag-international","tag-mette-marit","tag-norvege","tag-reine","tag-sante","tag-serment","tag-world-news"],"share_on_mastodon":{"url":"https:\/\/pubeurope.com\/@be_fr\/117202912754020731","error":""},"_links":{"self":[{"href":"https:\/\/www.europesays.com\/be-fr\/wp-json\/wp\/v2\/posts\/236559","targetHints":{"allow":["GET"]}}],"collection":[{"href":"https:\/\/www.europesays.com\/be-fr\/wp-json\/wp\/v2\/posts"}],"about":[{"href":"https:\/\/www.europesays.com\/be-fr\/wp-json\/wp\/v2\/types\/post"}],"author":[{"embeddable":true,"href":"https:\/\/www.europesays.com\/be-fr\/wp-json\/wp\/v2\/users\/2"}],"replies":[{"embeddable":true,"href":"https:\/\/www.europesays.com\/be-fr\/wp-json\/wp\/v2\/comments?post=236559"}],"version-history":[{"count":0,"href":"https:\/\/www.europesays.com\/be-fr\/wp-json\/wp\/v2\/posts\/236559\/revisions"}],"wp:featuredmedia":[{"embeddable":true,"href":"https:\/\/www.europesays.com\/be-fr\/wp-json\/wp\/v2\/media\/236560"}],"wp:attachment":[{"href":"https:\/\/www.europesays.com\/be-fr\/wp-json\/wp\/v2\/media?parent=236559"}],"wp:term":[{"taxonomy":"category","embeddable":true,"href":"https:\/\/www.europesays.com\/be-fr\/wp-json\/wp\/v2\/categories?post=236559"},{"taxonomy":"post_tag","embeddable":true,"href":"https:\/\/www.europesays.com\/be-fr\/wp-json\/wp\/v2\/tags?post=236559"}],"curies":[{"name":"wp","href":"https:\/\/api.w.org\/{rel}","templated":true}]}}