{"id":236589,"date":"2026-09-02T19:06:12","date_gmt":"2026-09-02T19:06:12","guid":{"rendered":"https:\/\/www.europesays.com\/be-fr\/236589\/"},"modified":"2026-09-02T19:06:12","modified_gmt":"2026-09-02T19:06:12","slug":"trump-propose-de-rebaptiser-le-detroit-dormuz-en-detroit-trump","status":"publish","type":"post","link":"https:\/\/www.europesays.com\/be-fr\/236589\/","title":{"rendered":"Trump propose de rebaptiser le d\u00e9troit d\u2019Ormuz en \u00ab d\u00e9troit Trump \u00bb"},"content":{"rendered":"<p>  <img decoding=\"async\" class=\"r-img lazyloaded\" src=\"\/sites\/all\/themes\/enacarbon_rtl\/images\/rtlinfo-192x192.png\" alt=\"Image auteur par d\u00e9faut\"\/><\/p>\n<p>par RTL info avec AFP<br \/>\n\tPubli\u00e9 le 02 septembre \u00e0 17h59<\/p>\n<p>  <a href=\"https:\/\/www.google.com\/preferences\/source?q=rtl%20info\" class=\"r-link--google-favorites\" role=\"button\">Ajoutez-nous \u00e0 vos favoris Google<\/a><br \/>\n\tDonald Trump a propos\u00e9 sur Truth Social de donner son nom au d\u00e9troit d\u2019Ormuz, quelques jours apr\u00e8s un d\u00e9cret rebaptisant le lac Ontario, alors que cette zone reste sous tension depuis le conflit d\u00e9clench\u00e9 en f\u00e9vrier.<\/p>\n<p>&#13;<br \/>\n&#13;<\/p>\n<p>Donald Trump a propos\u00e9 mercredi de renommer le d\u00e9troit d\u2019Ormuz en \u00ab\u00a0d\u00e9troit Trump\u00a0\u00bb quelques jours apr\u00e8s avoir sign\u00e9 un d\u00e9cret pour changer le nom du \u00ab\u00a0lac Ontario\u00a0\u00bb, situ\u00e9 \u00e0 la fronti\u00e8re canadienne, en \u00ab\u00a0lac Am\u00e9rique\u00a0\u00bb.<\/p>\n<p>\u00ab\u00a0Maintenant que nous en avons le contr\u00f4le, devrions-nous rebaptiser le d\u00e9troit d\u2019Ormuz \u2018d\u00e9troit Trump\u2019\u00a0?\u00a0\u00bb, a \u00e9crit le pr\u00e9sident am\u00e9ricain sur sa plateforme Truth Social.<\/p>\n<p>&#13;<br \/>\n&#13;<\/p>\n<p>&#13;<br \/>\n&#13;<\/p>\n<p>Ce strat\u00e9gique passage maritime est verrouill\u00e9 par T\u00e9h\u00e9ran depuis le d\u00e9but de la guerre, d\u00e9clench\u00e9e le 28 f\u00e9vrier par des frappes isra\u00e9lo-am\u00e9ricaines sur l\u2019Iran. Les Etats-Unis m\u00e8nent en r\u00e9action un blocus des ports iraniens.<\/p>\n<p>Mi-ao\u00fbt, le pr\u00e9sident am\u00e9ricain avait publi\u00e9 une carte montrant le d\u00e9troit d\u2019Ormuz et le d\u00e9crivant comme un \u00ab\u00a0nouveau territoire am\u00e9ricain\u00a0\u00bb, reprenant une id\u00e9e qu\u2019il avait exprim\u00e9e quelques jours auparavant sur un ton qui laissait penser \u00e0 une plaisanterie.<\/p>\n<p>Ce n\u2019\u00e9tait pas la premi\u00e8re fois que Donald Trump, confront\u00e9 \u00e0 un obstacle de politique \u00e9trang\u00e8re, lan\u00e7ait ainsi une suggestion surprenante ou mena\u00e7ante d\u2019annexion d\u2019un territoire \u00e9tranger.<\/p>\n<p>&#13;<br \/>\n&#13;<\/p>\n<p>&#13;<br \/>\n&#13;<\/p>\n<p>\n  &#13;<br \/>\n  \u00c0 lire aussi&#13;<br \/>\n  &#13;<\/p>\n<p>  <img decoding=\"async\" data-copyright=\"X Doug Ford\" class=\"r-img\"  typeof=\"foaf:Image\" src=\"https:\/\/www.europesays.com\/be-fr\/wp-content\/uploads\/2026\/09\/1788375972_393_99620164.jpeg\" alt=\"Inauguration du panneau Lac Ontario \u00e0 Grimsby, c\u00f4t\u00e9 canadien du lac, avec Doug Ford, Premier ministre de la province canadienne de l\u2019Ontario\"\/><br \/>\n        <a class=\"r-stories--link\" href=\"https:\/\/www.rtl.be\/actu\/monde\/international\/la-reponse-de-taille-du-canada-donald-trump-qui-rebaptise-le-lac-ontario-en-lac\/2026-09-01\/article\/798962\" rel=\"nofollow noopener\" target=\"_blank\">La r\u00e9ponse (de taille) du Canada \u00e0 Donald Trump qui a rebaptis\u00e9 le lac Ontario en lac America\u00a0: \u00ab\u00a0Aujourd\u2019hui et pour toujours\u00a0\u00bb<\/a>&#13;<br \/>\n  &#13;<br \/>\n&#13;\n<\/p>\n<p>Depuis son retour au pouvoir, il a menac\u00e9 de faire du Canada le \u00ab\u00a051e\u00a0\u00bb Etat am\u00e9ricain, de s\u2019emparer du Groenland et m\u00eame \u00e9voqu\u00e9 une prise de contr\u00f4le de la bande de Gaza, sans passer \u00e0 l\u2019acte. Il a aussi rebaptis\u00e9 en janvier 2025 le Golfe du Mexique en \u00ab\u00a0Golfe de l\u2019Am\u00e9rique\u00a0\u00bb, une d\u00e9cision contest\u00e9e par Mexico.<\/p>\n<p>Sa derni\u00e8re remarque concernant le d\u00e9troit Ormuz intervient alors qu\u2019une issue pacifique au conflit entre l\u2019Iran et les Etats-Unis semble lointaine.<\/p>\n<p>Reprise des hostilit\u00e9s<\/p>\n<p>Mi-juin, les deux bellig\u00e9rants avaient sign\u00e9 un protocole d\u2019accord cens\u00e9 d\u00e9boucher sur un r\u00e8glement durable, qui n\u2019a rien donn\u00e9. Apr\u00e8s un mois de calme, les hostilit\u00e9s viennent de reprendre avec des frappes am\u00e9ricaines pr\u00e8s du d\u00e9troit d\u2019Ormuz et des r\u00e9ponses iraniennes contre des int\u00e9r\u00eats am\u00e9ricains au Moyen-Orient.<\/p>\n<p>Washington et T\u00e9h\u00e9ran posent des conditions a priori irr\u00e9conciliables \u00e0 la r\u00e9ouverture du d\u00e9troit, passage n\u00e9vralgique pour le commerce mondial de p\u00e9trole.<\/p>\n<p>&#13;<br \/>\n&#13;<\/p>\n<p>&#13;<br \/>\n&#13;<\/p>\n","protected":false},"excerpt":{"rendered":"par RTL info avec AFP Publi\u00e9 le 02 septembre \u00e0 17h59 Ajoutez-nous \u00e0 vos favoris Google Donald Trump&hellip;\n","protected":false},"author":2,"featured_media":236590,"comment_status":"","ping_status":"","sticky":false,"template":"","format":"standard","meta":{"footnotes":"","_share_on_mastodon":"0"},"categories":[9],"tags":[12,13,18,17,73156,18824,73154,34,73157,31,73155,69868,27718,55815,32],"class_list":["post-236589","post","type-post","status-publish","format-standard","has-post-thumbnail","category-international","tag-be","tag-be-fr","tag-belgique","tag-belgium","tag-conflit-iran","tag-detroit-dormuz","tag-detroit-trump","tag-donald-trump","tag-frappes-israelo-americaines","tag-international","tag-lac-amerique","tag-lac-ontario","tag-teheran","tag-truth-social","tag-world-news"],"share_on_mastodon":{"url":"https:\/\/pubeurope.com\/@be_fr\/117203015605453017","error":""},"_links":{"self":[{"href":"https:\/\/www.europesays.com\/be-fr\/wp-json\/wp\/v2\/posts\/236589","targetHints":{"allow":["GET"]}}],"collection":[{"href":"https:\/\/www.europesays.com\/be-fr\/wp-json\/wp\/v2\/posts"}],"about":[{"href":"https:\/\/www.europesays.com\/be-fr\/wp-json\/wp\/v2\/types\/post"}],"author":[{"embeddable":true,"href":"https:\/\/www.europesays.com\/be-fr\/wp-json\/wp\/v2\/users\/2"}],"replies":[{"embeddable":true,"href":"https:\/\/www.europesays.com\/be-fr\/wp-json\/wp\/v2\/comments?post=236589"}],"version-history":[{"count":0,"href":"https:\/\/www.europesays.com\/be-fr\/wp-json\/wp\/v2\/posts\/236589\/revisions"}],"wp:featuredmedia":[{"embeddable":true,"href":"https:\/\/www.europesays.com\/be-fr\/wp-json\/wp\/v2\/media\/236590"}],"wp:attachment":[{"href":"https:\/\/www.europesays.com\/be-fr\/wp-json\/wp\/v2\/media?parent=236589"}],"wp:term":[{"taxonomy":"category","embeddable":true,"href":"https:\/\/www.europesays.com\/be-fr\/wp-json\/wp\/v2\/categories?post=236589"},{"taxonomy":"post_tag","embeddable":true,"href":"https:\/\/www.europesays.com\/be-fr\/wp-json\/wp\/v2\/tags?post=236589"}],"curies":[{"name":"wp","href":"https:\/\/api.w.org\/{rel}","templated":true}]}}