{"id":236591,"date":"2026-09-02T19:07:10","date_gmt":"2026-09-02T19:07:10","guid":{"rendered":"https:\/\/www.europesays.com\/be-fr\/236591\/"},"modified":"2026-09-02T19:07:10","modified_gmt":"2026-09-02T19:07:10","slug":"arlon-la-police-diffuse-un-portrait-robot-apres-un-incident-au-parc-commercial-de-lhydrion","status":"publish","type":"post","link":"https:\/\/www.europesays.com\/be-fr\/236591\/","title":{"rendered":"Arlon : la police diffuse un portrait-robot apr\u00e8s un incident au parc commercial de l&rsquo;Hydrion"},"content":{"rendered":"<p class=\"ap-StoryElement ap-StoryElement--mb ap-StoryText\">Dans le cadre d&rsquo;une enqu\u00eate p\u00e9nale, le Parquet du Luxembourg et la zone de police Arlon\/Attert\/Habay\/Martelange lancent un appel \u00e0 t\u00e9moins afin d&rsquo;identifier un homme aper\u00e7u le jeudi 9 juillet 2026 dans l&rsquo;apr\u00e8s-midi au parc commercial de l&rsquo;Hydrion \u00e0 Arlon, notamment au sein du magasin Veritas.<\/p>\n<p class=\"ap-StoryElement ap-StoryElement--mb ap-StoryText\">L&rsquo;individu recherch\u00e9 est un homme d&rsquo;origine europ\u00e9enne \u00e2g\u00e9 d&rsquo;environ 30 ans. De corpulence sportive, il mesure entre 1m70 et 1m80, a le teint clair ainsi que des cheveux bruns. Au moment des faits, il portait un t-shirt blanc et un short noir.<\/p>\n","protected":false},"excerpt":{"rendered":"Dans le cadre d&rsquo;une enqu\u00eate p\u00e9nale, le Parquet du Luxembourg et la zone de police Arlon\/Attert\/Habay\/Martelange lancent un&hellip;\n","protected":false},"author":2,"featured_media":236592,"comment_status":"","ping_status":"","sticky":false,"template":"","format":"standard","meta":{"footnotes":"","_share_on_mastodon":"0"},"categories":[2],"tags":[799,14352,12,13,18,17,10305,43930],"class_list":["post-236591","post","type-post","status-publish","format-standard","has-post-thumbnail","category-belgique","tag-arlon","tag-attert","tag-be","tag-be-fr","tag-belgique","tag-belgium","tag-habay","tag-martelange"],"share_on_mastodon":{"url":"https:\/\/pubeurope.com\/@be_fr\/117203019177883730","error":""},"_links":{"self":[{"href":"https:\/\/www.europesays.com\/be-fr\/wp-json\/wp\/v2\/posts\/236591","targetHints":{"allow":["GET"]}}],"collection":[{"href":"https:\/\/www.europesays.com\/be-fr\/wp-json\/wp\/v2\/posts"}],"about":[{"href":"https:\/\/www.europesays.com\/be-fr\/wp-json\/wp\/v2\/types\/post"}],"author":[{"embeddable":true,"href":"https:\/\/www.europesays.com\/be-fr\/wp-json\/wp\/v2\/users\/2"}],"replies":[{"embeddable":true,"href":"https:\/\/www.europesays.com\/be-fr\/wp-json\/wp\/v2\/comments?post=236591"}],"version-history":[{"count":0,"href":"https:\/\/www.europesays.com\/be-fr\/wp-json\/wp\/v2\/posts\/236591\/revisions"}],"wp:featuredmedia":[{"embeddable":true,"href":"https:\/\/www.europesays.com\/be-fr\/wp-json\/wp\/v2\/media\/236592"}],"wp:attachment":[{"href":"https:\/\/www.europesays.com\/be-fr\/wp-json\/wp\/v2\/media?parent=236591"}],"wp:term":[{"taxonomy":"category","embeddable":true,"href":"https:\/\/www.europesays.com\/be-fr\/wp-json\/wp\/v2\/categories?post=236591"},{"taxonomy":"post_tag","embeddable":true,"href":"https:\/\/www.europesays.com\/be-fr\/wp-json\/wp\/v2\/tags?post=236591"}],"curies":[{"name":"wp","href":"https:\/\/api.w.org\/{rel}","templated":true}]}}