{"id":236613,"date":"2026-09-02T19:28:12","date_gmt":"2026-09-02T19:28:12","guid":{"rendered":"https:\/\/www.europesays.com\/be-fr\/236613\/"},"modified":"2026-09-02T19:28:12","modified_gmt":"2026-09-02T19:28:12","slug":"le-syndrome-de-la-main-etrangere-cet-insolite-bug-cerebral-3","status":"publish","type":"post","link":"https:\/\/www.europesays.com\/be-fr\/236613\/","title":{"rendered":"Le syndrome de la main \u00e9trang\u00e8re, cet insolite bug c\u00e9r\u00e9bral !"},"content":{"rendered":"<p>La main droite qui s\u2019appr\u00eate \u00e0 se saisir d\u2019une tasse de th\u00e9\u2026 doubl\u00e9e ou emp\u00each\u00e9e par\u2026 la main gauche ! Ou ce bras qui a tendance \u00e0 rester en l\u2019air, comme en l\u00e9vitation ! Derri\u00e8re l\u2019apparente cocasserie de ces situations se cache une v\u00e9ritable maladie, d\u2019ordre neurologique. Son nom : le syndrome de la main \u00e9trang\u00e8re ou Alien Hand Syndrome, en anglais.<\/p>\n<p>\u00ab Etranget\u00e9\u2026 \u00bb<\/p>\n<p>Les patients rapportent par exemple \u00ab une impression d\u2019\u00e9tranget\u00e9 d\u2019un membre sup\u00e9rieur avec le sentiment de poss\u00e9der un membre suppl\u00e9mentaire ind\u00e9pendant \u00bb, soulignent les chirurgiens fran\u00e7ais Patrick Houvet et Laurent Bourcheix, dans un article de 2021 consacr\u00e9 \u00e0 ce sujet. Et de d\u00e9crire une \u00ab sensation (qui) peut s\u2019accompagner de mouvements incontr\u00f4lables voire violents, (et) le sentiment que le membre a sa propre volont\u00e9 \u00bb.<\/p>\n<p>H\u00e9misph\u00e8re droit et gauche<\/p>\n<p>En cause, \u00ab des d\u00e9sordres neurologiques ou neuropsychologiques associ\u00e9s \u00e0 des anomalies dans le contr\u00f4le ou la conscience de certains mouvements \u00bb, comme le rapportent les Prs Fr\u00e9d\u00e9ric Assal et Patrik Vuilleumier (H\u00f4pitaux universitaires de Gen\u00e8ve, Suisse), dans la revue Annals of Neurology ( 2007). Ils sont parvenus \u00e0 d\u00e9crire les r\u00e9gions du cerveau impliqu\u00e9es dans ces mouvements anarchiques. Les m\u00e9decins ont travaill\u00e9 \u00e0 partir de l\u2019imagerie c\u00e9r\u00e9brale par r\u00e9sonance magn\u00e9tique fonctionnelle (IRMf), r\u00e9alis\u00e9e aupr\u00e8s d\u2019un patient victime d\u2019un accident vasculaire c\u00e9r\u00e9bral (AVC). \u00ab Celui-ci a provoqu\u00e9 une l\u00e9sion dans le cortex pari\u00e9tal droit, c\u2019est-\u00e0-dire dans la partie arri\u00e8re droite du cerveau \u00bb, glisse le Pr Assal. Jusqu\u2019\u00e0 cibler une zone bien particuli\u00e8re : la r\u00e9gion motrice primaire. Mais pas seulement, puisqu\u2019ils citent \u00e9galement \u00ab le cortex pr\u00e9frontal gauche et le pari\u00e9tal droit \u00bb.<\/p>\n<p>Quelles causes pr\u00e9cises ?<\/p>\n<p>Derri\u00e8re une multitude de formes cliniques rapport\u00e9es dans les \u00e9tudes, les causes pr\u00e9cises du syndrome de la main \u00e9trang\u00e8re apparaissent \u00e9galement nombreuses. Qu\u2019elles soient d\u2019ordre :<\/p>\n<p>&#8211; m\u00e9caniques, \u00e0 la suite d\u2019un traumatisme direct ou post-chirurgical ;<\/p>\n<p>&#8211; vasculaires (AVC, an\u00e9vrysmes) ;<\/p>\n<p>Des affections comme la scl\u00e9rose en plaques ainsi que des troubles d\u00e9g\u00e9n\u00e9ratifs tels que la d\u00e9g\u00e9n\u00e9rescence cortico-basale (CBD), la maladie de Creuzfeldt-Jacob ou celle d&rsquo;Alzheimer sont \u00e9galement cit\u00e9es. Quant \u00e0 l\u2019\u00e9volution, les Dr Houvet et Bourcheix pr\u00e9cisaient dans leur article qu\u2019elle \u00e9tait \u00ab encore mal analys\u00e9e et variable en fonction de l\u2019\u00e9tiologie \u00bb, c\u2019est-\u00e0-dire de l\u2019origine. Et d\u2019ajouter : \u00ab s\u2019il s\u2019agit d\u2019un AVC, ce syndrome s&rsquo;am\u00e9liore g\u00e9n\u00e9ralement \u00e0 des degr\u00e9s divers et le patient apprend \u00e0 le contr\u00f4ler par diverses astuces, telles que la tenue d&rsquo;un objet dans le membre affect\u00e9 pour permettre une activit\u00e9 normale du membre non impliqu\u00e9 \u00bb.<\/p>\n<p>Source : Assal F, Schwartz S, Vuilleumier P. Moving with or without will: functional neural correlates of alien hand syndrome. Ann Neurol. 2007 Sep;62(3):301-6. &#8211; Patrick Houvet, Laurent Bourcheix. Le syndrome de la main \u00e9trang\u00e8re (Alien Hand Syndrome, AHS): revue de la litt\u00e9rature. Hand Surgery and Rehabilitation, 2021, 40 (6), pp.876.<\/p>\n","protected":false},"excerpt":{"rendered":"La main droite qui s\u2019appr\u00eate \u00e0 se saisir d\u2019une tasse de th\u00e9\u2026 doubl\u00e9e ou emp\u00each\u00e9e par\u2026 la main&hellip;\n","protected":false},"author":2,"featured_media":236614,"comment_status":"","ping_status":"","sticky":false,"template":"","format":"standard","meta":{"footnotes":"","_share_on_mastodon":"0"},"categories":[82],"tags":[41,12,13,18,17,22926,4397,8765,73178,86,110,1590,87,12931],"class_list":["post-236613","post","type-post","status-publish","format-standard","has-post-thumbnail","category-sante","tag-41","tag-be","tag-be-fr","tag-belgique","tag-belgium","tag-bug","tag-cerebral","tag-cet","tag-etrangere","tag-health","tag-insolite","tag-main","tag-sante","tag-syndrome"],"share_on_mastodon":{"url":"https:\/\/pubeurope.com\/@be_fr\/117203101531692198","error":""},"_links":{"self":[{"href":"https:\/\/www.europesays.com\/be-fr\/wp-json\/wp\/v2\/posts\/236613","targetHints":{"allow":["GET"]}}],"collection":[{"href":"https:\/\/www.europesays.com\/be-fr\/wp-json\/wp\/v2\/posts"}],"about":[{"href":"https:\/\/www.europesays.com\/be-fr\/wp-json\/wp\/v2\/types\/post"}],"author":[{"embeddable":true,"href":"https:\/\/www.europesays.com\/be-fr\/wp-json\/wp\/v2\/users\/2"}],"replies":[{"embeddable":true,"href":"https:\/\/www.europesays.com\/be-fr\/wp-json\/wp\/v2\/comments?post=236613"}],"version-history":[{"count":0,"href":"https:\/\/www.europesays.com\/be-fr\/wp-json\/wp\/v2\/posts\/236613\/revisions"}],"wp:featuredmedia":[{"embeddable":true,"href":"https:\/\/www.europesays.com\/be-fr\/wp-json\/wp\/v2\/media\/236614"}],"wp:attachment":[{"href":"https:\/\/www.europesays.com\/be-fr\/wp-json\/wp\/v2\/media?parent=236613"}],"wp:term":[{"taxonomy":"category","embeddable":true,"href":"https:\/\/www.europesays.com\/be-fr\/wp-json\/wp\/v2\/categories?post=236613"},{"taxonomy":"post_tag","embeddable":true,"href":"https:\/\/www.europesays.com\/be-fr\/wp-json\/wp\/v2\/tags?post=236613"}],"curies":[{"name":"wp","href":"https:\/\/api.w.org\/{rel}","templated":true}]}}