{"id":236629,"date":"2026-09-02T19:42:09","date_gmt":"2026-09-02T19:42:09","guid":{"rendered":"https:\/\/www.europesays.com\/be-fr\/236629\/"},"modified":"2026-09-02T19:42:09","modified_gmt":"2026-09-02T19:42:09","slug":"tadej-pogacar-autorise-a-quitter-lhopital-mais-le-medecin-de-la-selection-slovene-est-tres-pessimiste-pour-le-mondial-ce-nest-pas-realiste","status":"publish","type":"post","link":"https:\/\/www.europesays.com\/be-fr\/236629\/","title":{"rendered":"Tadej Pogacar autoris\u00e9 \u00e0 quitter l&rsquo;h\u00f4pital mais le m\u00e9decin de la s\u00e9lection slov\u00e8ne est tr\u00e8s pessimiste pour le Mondial : \u00ab\u00a0Ce n&rsquo;est pas r\u00e9aliste\u00a0\u00bb"},"content":{"rendered":"<p class=\"ap-StoryElement ap-StoryElement--mb ap-StoryText\">Son retour \u00e0 domicile constitue une premi\u00e8re nouvelle rassurante, mais aucun d\u00e9lai n&rsquo;a encore \u00e9t\u00e9 fix\u00e9 pour sa reprise de l&rsquo;entra\u00eenement. La possibilit\u00e9 de le voir d\u00e9fendre son maillot arc-en-ciel lors du championnat du monde de Montr\u00e9al, le 27 septembre, semble d\u00e8s lors s&rsquo;\u00e9loigner.<\/p>\n<p><a href=\"https:\/\/www.dhnet.be\/sports\/cyclisme\/vuelta\/2026\/08\/30\/grave-blessure-fin-de-saison-et-consequences-pour-van-aert-et-evenepoel-les-questions-autour-de-labandon-de-tadej-pogacar-a-la-vuelta-22FU7OBZYZBKXD55A53I3L7JXA\/\" target=\"_self\" class=\"ap-StoryInterstitialLink ap-StoryElement ap-StoryElement--mb\" rel=\"nofollow noopener\">Grave blessure, fin de saison et cons\u00e9quences pour van Aert et Evenepoel : les questions autour de l&rsquo;abandon de Tadej Pogacar \u00e0 la Vuelta<\/a>\u00ab\u00a0Les Mondiaux ne sont pas une priorit\u00e9\u00a0\u00bb<\/p>\n<p class=\"ap-StoryElement ap-StoryElement--mb ap-StoryText\">Kristof Knap, m\u00e9decin de la s\u00e9lection slov\u00e8ne, appelle \u00e0 ne prendre aucun risque avec la sant\u00e9 du coureur. \u00ab\u00a0Ce n&rsquo;est pas r\u00e9aliste, m\u00eame si nous le souhaiterions tous\u00a0\u00bb, a-t-il reconnu aupr\u00e8s de la t\u00e9l\u00e9vision publique slov\u00e8ne RTV SLO \u00e0 propos d&rsquo;une participation au Mondial. L&rsquo;objectif prioritaire est d\u00e9sormais de permettre \u00e0 Pogacar de r\u00e9cup\u00e9rer compl\u00e8tement, sans pr\u00e9cipiter son retour \u00e0 la comp\u00e9tition.<\/p>\n<p class=\"ap-StoryElement ap-StoryElement--mb ap-StoryText\">Son \u00e9quipier et ami Domen Novak laisse encore une petite porte ouverte, tout en rappelant que la commotion c\u00e9r\u00e9brale constitue la principale inconnue. \u00ab\u00a0Il se remettra rapidement de sa fracture de la clavicule, mais nous ne savons pas combien de temps les effets de sa commotion dureront. Le plus important est qu&rsquo;il r\u00e9cup\u00e8re \u00e0 100 %. Participer au Mondial n&rsquo;est pas une obligation.\u00a0\u00bb<\/p>\n<p class=\"ap-StoryElement ap-StoryElement--mb ap-StoryText\">Apr\u00e8s Montr\u00e9al, Pogacar devait \u00e9galement d\u00e9fendre son titre europ\u00e9en le 4 octobre en Slov\u00e9nie, puis tenter de d\u00e9crocher une sixi\u00e8me victoire cons\u00e9cutive au Tour de Lombardie six jours plus tard. UAE n&rsquo;a encore pris aucune d\u00e9cision d\u00e9finitive, mais le sc\u00e9nario d&rsquo;une fin de saison pr\u00e9matur\u00e9e para\u00eet d\u00e9sormais le plus probable.<\/p>\n<p><a href=\"https:\/\/www.dhnet.be\/sports\/cyclisme\/vuelta\/2026\/08\/31\/est-il-envisageable-de-voir-tadej-pogacar-au-depart-des-mondiaux-un-medecin-du-sport-repond-le-jeu-nen-vaut-peut-etre-pas-la-chandelle-NYOFC46W5FCVLE3FX4TSQFB7LQ\/\" target=\"_self\" class=\"ap-StoryInterstitialLink ap-StoryElement ap-StoryElement--mb\" rel=\"nofollow noopener\">Est-il envisageable de voir Tadej Pogacar au d\u00e9part des Mondiaux ? Un m\u00e9decin du sport r\u00e9pond : \u00ab\u00a0Le jeu n&rsquo;en vaut peut-\u00eatre pas la chandelle\u00a0\u00bb<\/a><\/p>\n","protected":false},"excerpt":{"rendered":"Son retour \u00e0 domicile constitue une premi\u00e8re nouvelle rassurante, mais aucun d\u00e9lai n&rsquo;a encore \u00e9t\u00e9 fix\u00e9 pour sa&hellip;\n","protected":false},"author":2,"featured_media":236630,"comment_status":"","ping_status":"","sticky":false,"template":"","format":"standard","meta":{"footnotes":"","_share_on_mastodon":"0"},"categories":[81],"tags":[12,13,18,17,24561,84,7717,31103],"class_list":["post-236629","post","type-post","status-publish","format-standard","has-post-thumbnail","category-sports","tag-be","tag-be-fr","tag-belgique","tag-belgium","tag-la-vuelta-tour-despagne","tag-sports","tag-tadej-pogacar","tag-tour-de-lombardie"],"share_on_mastodon":{"url":"https:\/\/pubeurope.com\/@be_fr\/117203156888417167","error":""},"_links":{"self":[{"href":"https:\/\/www.europesays.com\/be-fr\/wp-json\/wp\/v2\/posts\/236629","targetHints":{"allow":["GET"]}}],"collection":[{"href":"https:\/\/www.europesays.com\/be-fr\/wp-json\/wp\/v2\/posts"}],"about":[{"href":"https:\/\/www.europesays.com\/be-fr\/wp-json\/wp\/v2\/types\/post"}],"author":[{"embeddable":true,"href":"https:\/\/www.europesays.com\/be-fr\/wp-json\/wp\/v2\/users\/2"}],"replies":[{"embeddable":true,"href":"https:\/\/www.europesays.com\/be-fr\/wp-json\/wp\/v2\/comments?post=236629"}],"version-history":[{"count":0,"href":"https:\/\/www.europesays.com\/be-fr\/wp-json\/wp\/v2\/posts\/236629\/revisions"}],"wp:featuredmedia":[{"embeddable":true,"href":"https:\/\/www.europesays.com\/be-fr\/wp-json\/wp\/v2\/media\/236630"}],"wp:attachment":[{"href":"https:\/\/www.europesays.com\/be-fr\/wp-json\/wp\/v2\/media?parent=236629"}],"wp:term":[{"taxonomy":"category","embeddable":true,"href":"https:\/\/www.europesays.com\/be-fr\/wp-json\/wp\/v2\/categories?post=236629"},{"taxonomy":"post_tag","embeddable":true,"href":"https:\/\/www.europesays.com\/be-fr\/wp-json\/wp\/v2\/tags?post=236629"}],"curies":[{"name":"wp","href":"https:\/\/api.w.org\/{rel}","templated":true}]}}