{"id":236637,"date":"2026-09-02T19:54:09","date_gmt":"2026-09-02T19:54:09","guid":{"rendered":"https:\/\/www.europesays.com\/be-fr\/236637\/"},"modified":"2026-09-02T19:54:09","modified_gmt":"2026-09-02T19:54:09","slug":"je-continuerai-de-me-battre-pour-elle-victoire-au-tribunal-pour-adriana-karembeu-et-sa-fille-nina","status":"publish","type":"post","link":"https:\/\/www.europesays.com\/be-fr\/236637\/","title":{"rendered":"\u00ab\u00a0Je continuerai de me battre pour elle\u00a0\u00bb : victoire au tribunal pour Adriana Karembeu et sa fille Nina"},"content":{"rendered":"<p class=\"ap-StoryElement ap-StoryElement--mb ap-StoryText\">Dans son communiqu\u00e9, Adriana Karembeu salue \u00ab\u00a0une d\u00e9cision qui (lui) rend justice\u00a0\u00bb. \u00ab\u00a0Le r\u00f4le essentiel que je joue dans la vie de ma fille Nina a \u00e9t\u00e9 reconnu en m&rsquo;accordant sa garde la moiti\u00e9 du temps, malgr\u00e9 toutes les vaines tentatives d&rsquo;intimidation, de d\u00e9stabilisation et de mensonges op\u00e9r\u00e9es au pr\u00e9judice de ma vie priv\u00e9e\u00a0\u00bb, \u00e9crit l&rsquo;ancien top model. \u00ab\u00a0Comme nous avons pu le prouver au juge, Nina est ma priorit\u00e9 absolue et chacune des d\u00e9cisions que j&rsquo;ai prises l&rsquo;a \u00e9t\u00e9 en pensant \u00e0 son bien-\u00eatre et \u00e0 son \u00e9panouissement. Cette d\u00e9cision confirme qu&rsquo;aux yeux de la justice, ma place aupr\u00e8s d&rsquo;elle est pleine et enti\u00e8re.\u00a0\u00bb<\/p>\n<p class=\"ap-StoryElement ap-StoryElement--mb ap-StoryText\">Adriana Karembeu termine en se disant \u00ab\u00a0profond\u00e9ment soucieuse de l&rsquo;avenir de (sa) fille\u00a0\u00bb. \u00ab\u00a0<a href=\"https:\/\/www.parismatch.be\/actualites\/people\/2026\/07\/07\/adriana-karembeu-main-dans-la-main-avec-sa-fille-nina-a-la-fashion-week-de-paris-elle-balaie-les-accusations-de-son-ex-2T3ATWRIZNDEDD435BNAN7IDXE\/\" target=\"_self\" rel=\"nofollow noopener\">Je continuerai de me battre pour elle<\/a>, pour pr\u00e9server ses int\u00e9r\u00eats et pour que rien ne vienne jamais alt\u00e9rer le lien si pr\u00e9cieux qui nous unit. Nina m\u00e9rite la s\u00e9r\u00e9nit\u00e9, la stabilit\u00e9 et, quelles que soient mes relations avec son p\u00e8re, l&rsquo;amour inconditionnel de ses deux parents\u00a0\u00bb, conclu celle qui vient de passer des vacances de r\u00eave \u00e0 Tahiti avec Nina.<\/p>\n<p>Une proc\u00e9dure entre Monaco, Paris et le Maroc<\/p>\n<p class=\"ap-StoryElement ap-StoryElement--mb ap-StoryText\"><a href=\"https:\/\/www.parismatch.be\/actualites\/people\/2026\/07\/01\/victoire-pour-adriana-karembeu-accusee-de-corruption-de-mineure-par-le-pere-de-sa-fille-lenquete-classee-sans-suite-BYV4X734AFFGHFSSBJOCGXO3BQ\/\" target=\"_self\" rel=\"nofollow noopener\">Le bras de fer qui oppose Adriana Karembeu \u00e0 son ex-mari Aram Ohanian<\/a>, dont elle est s\u00e9par\u00e9e depuis trois ans, \u00e0 pris une tournure dramatique au mois de mars. L&rsquo;ex-mannequin slovaque de 54 ans s&rsquo;est saisie de ses r\u00e9seaux sociaux pour d\u00e9noncer les violences et \u00ab\u00a0tentatives r\u00e9p\u00e9t\u00e9es de d\u00e9stabilisation\u00a0\u00bb qu&rsquo;elle subirait de la part de l&rsquo;homme d&rsquo;affaires depuis plusieurs ann\u00e9es. Ce dernier a dans la foul\u00e9e fait un signalement la m\u00e8re de sa fille pour \u00ab\u00a0soustraction aux obligations parentales\u00a0\u00bb, en affirmant notamment qu&rsquo;elle a expos\u00e9 Nina \u00e0 des contenus \u00e0 caract\u00e8re sexuel via une tablette synchronis\u00e9e avec l&rsquo;un de ses appareils. Il a \u00e9galement d\u00e9nonc\u00e9 une \u00ab\u00a0provocation \u00e0 l&rsquo;usage de stup\u00e9fiants\u00a0\u00bb, mais le signalement a \u00e9t\u00e9 class\u00e9 sans suite par le parquet de Paris d\u00e9but juillet.<\/p>\n<p><a href=\"https:\/\/www.parismatch.be\/actualites\/people\/2026\/05\/08\/cest-tres-dur-detre-courageuse-dans-ces-moments-la-adriana-karembeu-se-confie-sur-sa-vie-aupres-du-pere-de-sa-fille-IIPZKRAFDBGFJHBAY746TDUQSE\/\" target=\"_self\" class=\"ap-StoryInterstitialLink ap-StoryElement ap-StoryElement--mb\" rel=\"nofollow noopener\">\u00ab\u00a0C&rsquo;est tr\u00e8s dur d&rsquo;\u00eatre courageuse dans ces moments-l\u00e0\u00a0\u00bb : Adriana Karembeu se confie sur sa vie aupr\u00e8s du p\u00e8re de sa fille<\/a><\/p>\n<p class=\"ap-StoryElement ap-StoryElement--mb ap-StoryText\">Aram Ohanian a par la suite d\u00e9pos\u00e9 une plainte \u00e0 Paris, avec constitution de partie civile, pour \u00ab\u00a0manquement aux obligations l\u00e9gales compromettant la sant\u00e9, la s\u00e9curit\u00e9, la moralit\u00e9 ou l&rsquo;\u00e9ducation d&rsquo;un enfant mineur\u00a0\u00bb, \u00ab\u00a0corruption de mineur\u00a0\u00bb, \u00ab\u00a0diffusion de messages pornographiques susceptibles d&rsquo;\u00eatre vus ou per\u00e7us par un mineur\u00a0\u00bb et \u00ab\u00a0infractions \u00e0 la l\u00e9gislation sur les stup\u00e9fiants\u00a0\u00bb. Elle vise \u00e0 ce que \u00ab\u00a0toute la lumi\u00e8re soit faite sur des faits susceptibles de porter atteinte \u00e0 la protection et \u00e0 l&rsquo;int\u00e9r\u00eat sup\u00e9rieur de sa fille\u00a0\u00bb, a expliqu\u00e9 \u00e0 l&rsquo;AFP l&rsquo;avocate de M. Ohanian, Me Najwa El Ha\u00eft\u00e9. Une proc\u00e9dure a en parall\u00e8le \u00e9t\u00e9 lanc\u00e9e au Maroc, o\u00f9 Nina r\u00e9side et est scolaris\u00e9e, pour \u00ab\u00a0soustraction aux obligations parentales\u00a0\u00bb.<\/p>\n<p class=\"ap-StoryElement ap-StoryElement--mb ap-StoryText\">Autant de proc\u00e9dures que le Conseil d&rsquo;Adriana Karembeu juge \u00ab\u00a0totalement abusives de la part de M. Ohanian, uniquement pour continuer d&rsquo;exister dans les m\u00e9dias et de diaboliser\u00a0\u00bb sa cliente, comme l&rsquo;avait affirm\u00e9 Ma\u00eetre Tomasini \u00e0 Paris Match d\u00e9but juillet. selon qui l&rsquo;homme d&rsquo;affaire ne supporterait pas de voir la m\u00e8re de sa fille aussi \u00ab\u00a0amoureuse du nouvel homme de sa vie\u00a0\u00bb, <a href=\"https:\/\/www.parismatch.be\/culture\/musique\/2026\/07\/20\/marc-lavoine-fond-en-larmes-pour-la-derniere-de-florent-pagny-a-paris-adriana-karembeu-egalement-presente-RXTLGI4M2BHQTACA2XI2MU5B6I\/\" target=\"_self\" rel=\"nofollow noopener\">Marc Lavoine<\/a>. \u00ab\u00a0\u00c7a le rend dingue\u00a0\u00bb.<\/p>\n","protected":false},"excerpt":{"rendered":"Dans son communiqu\u00e9, Adriana Karembeu salue \u00ab\u00a0une d\u00e9cision qui (lui) rend justice\u00a0\u00bb. \u00ab\u00a0Le r\u00f4le essentiel que je joue&hellip;\n","protected":false},"author":2,"featured_media":236638,"comment_status":"","ping_status":"","sticky":false,"template":"","format":"standard","meta":{"footnotes":"","_share_on_mastodon":"0"},"categories":[83],"tags":[5746,68621,12,13,18,17,96,95,3087,73179,24400],"class_list":["post-236637","post","type-post","status-publish","format-standard","has-post-thumbnail","category-divertissement","tag-adriana-karembeu","tag-bataille-judiciaire","tag-be","tag-be-fr","tag-belgique","tag-belgium","tag-divertissement","tag-entertainment","tag-fille","tag-garde-partagee","tag-nina"],"share_on_mastodon":{"url":"https:\/\/pubeurope.com\/@be_fr\/117203204056094241","error":""},"_links":{"self":[{"href":"https:\/\/www.europesays.com\/be-fr\/wp-json\/wp\/v2\/posts\/236637","targetHints":{"allow":["GET"]}}],"collection":[{"href":"https:\/\/www.europesays.com\/be-fr\/wp-json\/wp\/v2\/posts"}],"about":[{"href":"https:\/\/www.europesays.com\/be-fr\/wp-json\/wp\/v2\/types\/post"}],"author":[{"embeddable":true,"href":"https:\/\/www.europesays.com\/be-fr\/wp-json\/wp\/v2\/users\/2"}],"replies":[{"embeddable":true,"href":"https:\/\/www.europesays.com\/be-fr\/wp-json\/wp\/v2\/comments?post=236637"}],"version-history":[{"count":0,"href":"https:\/\/www.europesays.com\/be-fr\/wp-json\/wp\/v2\/posts\/236637\/revisions"}],"wp:featuredmedia":[{"embeddable":true,"href":"https:\/\/www.europesays.com\/be-fr\/wp-json\/wp\/v2\/media\/236638"}],"wp:attachment":[{"href":"https:\/\/www.europesays.com\/be-fr\/wp-json\/wp\/v2\/media?parent=236637"}],"wp:term":[{"taxonomy":"category","embeddable":true,"href":"https:\/\/www.europesays.com\/be-fr\/wp-json\/wp\/v2\/categories?post=236637"},{"taxonomy":"post_tag","embeddable":true,"href":"https:\/\/www.europesays.com\/be-fr\/wp-json\/wp\/v2\/tags?post=236637"}],"curies":[{"name":"wp","href":"https:\/\/api.w.org\/{rel}","templated":true}]}}