{"id":236665,"date":"2026-09-02T20:13:09","date_gmt":"2026-09-02T20:13:09","guid":{"rendered":"https:\/\/www.europesays.com\/be-fr\/236665\/"},"modified":"2026-09-02T20:13:09","modified_gmt":"2026-09-02T20:13:09","slug":"un-controle-antidrogue-degenere-dans-le-centre-de-bruxelles-deux-policiers-blesses","status":"publish","type":"post","link":"https:\/\/www.europesays.com\/be-fr\/236665\/","title":{"rendered":"Un contr\u00f4le antidrogue d\u00e9g\u00e9n\u00e8re dans le centre de Bruxelles\u00a0: deux policiers bless\u00e9s"},"content":{"rendered":"<p class=\"ap-StoryElement ap-StoryElement--mb ap-StoryText\">Les faits se sont d\u00e9roul\u00e9s le lundi 2 septembre en d\u00e9but d&rsquo;apr\u00e8s midi, dans le quartier ixellois de Matonge, en plein centre de la capitale. Un groupe de policiers \u00e0 moto commence \u00e0 contr\u00f4ler un individu, soup\u00e7onn\u00e9 de trafic de stup\u00e9fiant, comme le souligne <a href=\"https:\/\/www.hln.be\/brussel\/beelden-tonen-hoe-twee-agenten-omsingeld-worden-en-gewond-raken-nadat-drugscontrole-in-brussel-ontspoort~a5bc6fa4\/\" target=\"_blank\" rel=\"noreferrer noopener nofollow\">HLN<\/a>.<\/p>\n<p class=\"ap-StoryElement ap-StoryElement--mb ap-StoryText\">Face \u00e0 l&rsquo;injonction des policiers, pourtant, l&rsquo;homme aurait refus\u00e9 de se faire contr\u00f4ler, et aurait rapidement adopt\u00e9 une posture agressive vis-\u00e0-vis des policiers.<\/p>\n<p><a href=\"https:\/\/www.lalibre.be\/belgique\/politique-belge\/2026\/09\/02\/violences-liees-a-la-drogue-boris-dillies-se-defend-les-fusillades-ne-sont-pas-arrivees-avec-mon-gouvernement-T342LJCUGFEGBA7UQWYNB3ZDCI\/\" target=\"_self\" class=\"ap-StoryInterstitialLink ap-StoryElement ap-StoryElement--mb\" rel=\"nofollow noopener\">Violences li\u00e9es \u00e0 la drogue : Boris Dilli\u00e8s se d\u00e9fend, \u00ab\u00a0les fusillades ne sont pas arriv\u00e9es avec mon gouvernement\u00a0\u00bb<\/a><\/p>\n<p class=\"ap-StoryElement ap-StoryElement--mb ap-StoryText\">Apr\u00e8s avoir refus\u00e9 de se faire contr\u00f4ler, l&rsquo;individu, connu des services de polices, aurait appel\u00e9 \u00e0 l&rsquo;aide une trentaine de personnes, les incitant \u00e0 faire barrage entre lui et les forces de l&rsquo;ordre. \u00ab\u00a0Le suspect lui-m\u00eame a incit\u00e9 \u00e0 l&rsquo;\u00e9meute\u00a0\u00bb, confirme le commissariat de la zone Bruxelles-Capitale Ixelles \u00e0 nos confr\u00e8res.<\/p>\n","protected":false},"excerpt":{"rendered":"Les faits se sont d\u00e9roul\u00e9s le lundi 2 septembre en d\u00e9but d&rsquo;apr\u00e8s midi, dans le quartier ixellois de&hellip;\n","protected":false},"author":2,"featured_media":236666,"comment_status":"","ping_status":"","sticky":false,"template":"","format":"standard","meta":{"footnotes":"","_share_on_mastodon":"0"},"categories":[2],"tags":[5467,41,3048,12,13,1526,18,17,5468,5613,37500,5518,24648],"class_list":["post-236665","post","type-post","status-publish","format-standard","has-post-thumbnail","category-belgique","tag-bertphotonews","tag-41","tag-antwerpen","tag-be","tag-be-fr","tag-belgie","tag-belgique","tag-belgium","tag-bert-van-den-broucke","tag-chaleur","tag-hitte","tag-soleil","tag-zon"],"share_on_mastodon":{"url":"https:\/\/pubeurope.com\/@be_fr\/117203278823612163","error":""},"_links":{"self":[{"href":"https:\/\/www.europesays.com\/be-fr\/wp-json\/wp\/v2\/posts\/236665","targetHints":{"allow":["GET"]}}],"collection":[{"href":"https:\/\/www.europesays.com\/be-fr\/wp-json\/wp\/v2\/posts"}],"about":[{"href":"https:\/\/www.europesays.com\/be-fr\/wp-json\/wp\/v2\/types\/post"}],"author":[{"embeddable":true,"href":"https:\/\/www.europesays.com\/be-fr\/wp-json\/wp\/v2\/users\/2"}],"replies":[{"embeddable":true,"href":"https:\/\/www.europesays.com\/be-fr\/wp-json\/wp\/v2\/comments?post=236665"}],"version-history":[{"count":0,"href":"https:\/\/www.europesays.com\/be-fr\/wp-json\/wp\/v2\/posts\/236665\/revisions"}],"wp:featuredmedia":[{"embeddable":true,"href":"https:\/\/www.europesays.com\/be-fr\/wp-json\/wp\/v2\/media\/236666"}],"wp:attachment":[{"href":"https:\/\/www.europesays.com\/be-fr\/wp-json\/wp\/v2\/media?parent=236665"}],"wp:term":[{"taxonomy":"category","embeddable":true,"href":"https:\/\/www.europesays.com\/be-fr\/wp-json\/wp\/v2\/categories?post=236665"},{"taxonomy":"post_tag","embeddable":true,"href":"https:\/\/www.europesays.com\/be-fr\/wp-json\/wp\/v2\/tags?post=236665"}],"curies":[{"name":"wp","href":"https:\/\/api.w.org\/{rel}","templated":true}]}}