{"id":236697,"date":"2026-09-02T20:38:36","date_gmt":"2026-09-02T20:38:36","guid":{"rendered":"https:\/\/www.europesays.com\/be-fr\/236697\/"},"modified":"2026-09-02T20:38:36","modified_gmt":"2026-09-02T20:38:36","slug":"frappes-americaines-contre-les-gardiens-de-la-revolution-en-iran","status":"publish","type":"post","link":"https:\/\/www.europesays.com\/be-fr\/236697\/","title":{"rendered":"Frappes am\u00e9ricaines contre les Gardiens de la r\u00e9volution en Iran"},"content":{"rendered":"<p>  <img decoding=\"async\" class=\"r-img lazyloaded\" src=\"https:\/\/www.europesays.com\/be-fr\/wp-content\/uploads\/2026\/09\/1788381515_446_yasmine2.jpg\" alt=\"Yasmine Meziani\"\/><\/p>\n<p>par <a href=\"https:\/\/www.rtl.be\/384772\/dpi-authors\/yasmine-meziani\" rel=\"nofollow noopener\" target=\"_blank\">Yasmine Meziani<\/a><\/p>\n<p>\tPubli\u00e9 le 01 septembre \u00e0 19h22<\/p>\n<p>  <a href=\"https:\/\/www.google.com\/preferences\/source?q=rtl%20info\" class=\"r-link--google-favorites\" role=\"button\">Ajoutez-nous \u00e0 vos favoris Google<\/a><br \/>\n\tL\u2019arm\u00e9e am\u00e9ricaine a annonc\u00e9 ce mardi avoir lanc\u00e9 de nouvelles frappes contre des cibles des Gardiens de la r\u00e9volution en Iran. Washington affirme r\u00e9pondre \u00e0 de r\u00e9centes attaques visant la navigation commerciale dans le d\u00e9troit d\u2019Ormuz et des militaires am\u00e9ricains pr\u00e9sents dans la r\u00e9gion. Plusieurs explosions ont \u00e9t\u00e9 signal\u00e9es dans le sud de l\u2019Iran.<\/p>\n<p>&#13;<br \/>\n&#13;<\/p>\n<p>Les \u00c9tats-Unis frappent \u00e0 nouveau l\u2019Iran. Le Commandement militaire am\u00e9ricain pour le Moyen-Orient (Centcom) a annonc\u00e9 mardi le lancement d\u2019une nouvelle s\u00e9rie de frappes sur le territoire iranien. \u00ab\u00a0Aujourd\u2019hui \u00e0 12h (18h en Belgique), les forces am\u00e9ricaines ont commenc\u00e9 \u00e0 frapper des cibles des Gardiens de la r\u00e9volution en Iran\u00a0\u00bb, a annonc\u00e9 le Centcom dans un bref message publi\u00e9 sur X.<\/p>\n<p>\n  &#13;<br \/>\n  \u00c0 lire aussi&#13;<br \/>\n  &#13;<\/p>\n<p>  <img decoding=\"async\" data-copyright=\"AFP\" class=\"r-img\"  typeof=\"foaf:Image\" src=\"https:\/\/www.europesays.com\/be-fr\/wp-content\/uploads\/2026\/09\/1788381515_69_98442350.jpeg\" alt=\"Belgaimage-184242422.jpg\"\/><br \/>\n        <a class=\"r-stories--link\" href=\"https:\/\/www.rtl.be\/actu\/monde\/international\/donald-trump-promet-de-repondre-aux-attaques-de-liran-contre-des-cibles\/2026-08-31\/article\/798862\" rel=\"nofollow noopener\" target=\"_blank\">Donald Trump promet de \u00ab\u00a0r\u00e9pondre\u00a0\u00bb aux attaques de l\u2019Iran contre des cibles am\u00e9ricaines<\/a>&#13;<br \/>\n  &#13;<br \/>\n&#13;\n<\/p>\n<p>L\u2019arm\u00e9e am\u00e9ricaine affirme agir en r\u00e9ponse \u00ab\u00a0\u00e0 de r\u00e9centes attaques des Gardiens de la r\u00e9volution contre la navigation commerciale dans le d\u00e9troit d\u2019Ormuz et contre des militaires am\u00e9ricains d\u00e9ploy\u00e9s dans la r\u00e9gion\u00a0\u00bb.<\/p>\n<p>&#13;<br \/>\n&#13;<\/p>\n<p>&#13;<br \/>\n&#13;<br \/>\nDes explosions dans le sud de l\u2019Iran<\/p>\n<p>Plusieurs explosions ont \u00e9t\u00e9 entendues dans le sud de l\u2019Iran, notamment \u00e0 proximit\u00e9 de Bandar Abbas et de l\u2019\u00eele de Qeshm.\u00a0Ces deux zones se trouvent pr\u00e8s du d\u00e9troit d\u2019Ormuz, un passage strat\u00e9gique pour le commerce mondial de p\u00e9trole. Le trafic maritime y a consid\u00e9rablement diminu\u00e9 depuis le d\u00e9clenchement de la guerre au Moyen-Orient, le 28 f\u00e9vrier.<\/p>\n<p>Ces nouvelles frappes am\u00e9ricaines interviennent deux jours apr\u00e8s une pr\u00e9c\u00e9dente op\u00e9ration. Dimanche, les \u00c9tats-Unis avaient d\u00e9j\u00e0 vis\u00e9 des lanceurs install\u00e9s sur une \u00eele iranienne. Il s\u2019agissait alors des premi\u00e8res frappes am\u00e9ricaines contre l\u2019Iran depuis un mois.<\/p>\n<p>L\u2019Iran avait ripost\u00e9 avec des missiles et des drones<\/p>\n<p>T\u00e9h\u00e9ran avait r\u00e9pondu en lan\u00e7ant des missiles et des drones contre des cibles am\u00e9ricaines en Jordanie et aux \u00c9mirats arabes unis. Malgr\u00e9 ces repr\u00e9sailles, le pr\u00e9sident iranien Massoud Pezeshkian avait affirm\u00e9 que son pays ne souhaitait pas voir la guerre se poursuivre.<\/p>\n<p>&#13;<br \/>\n&#13;<\/p>\n<p>\n  &#13;<br \/>\n  \u00c0 lire aussi&#13;<br \/>\n  &#13;<\/p>\n<p>  <img decoding=\"async\" class=\"r-img\"  typeof=\"foaf:Image\" src=\"https:\/\/www.europesays.com\/be-fr\/wp-content\/uploads\/2026\/09\/99388995.jpeg\" alt=\"dlkcdscdds.JPG\"\/><br \/>\n        <a class=\"r-stories--link\" href=\"https:\/\/www.rtl.be\/actu\/monde\/international\/guerre-en-iran-les-gardiens-de-la-revolution-visent-des-bases-americaines-en\/2026-08-31\/article\/798803\" rel=\"nofollow noopener\" target=\"_blank\">Guerre en Iran\u00a0: les Gardiens de la R\u00e9volution visent des bases am\u00e9ricaines en Jordanie apr\u00e8s des frappes am\u00e9ricaines<\/a>&#13;<br \/>\n  &#13;<br \/>\n&#13;\n<\/p>\n<p>En parall\u00e8le des actions militaires, Washington a promis de mener une campagne d\u2019 \u00ab\u00a0asphyxie\u00a0\u00bb \u00e9conomique contre T\u00e9h\u00e9ran. Les contours pr\u00e9cis et les cibles de cette campagne doivent encore \u00eatre pr\u00e9cis\u00e9s.<\/p>\n<p>Donald Trump, s\u2019est exprim\u00e9 sur son r\u00e9seau Truth Social. Il a assur\u00e9 que l\u2019op\u00e9ration en cours \u00e9tait \u00ab\u00a0de grande ampleur et puissante\u00a0\u00bb. Si T\u00e9h\u00e9ran \u00ab\u00a0riposte \u00e0 cette attaque parfaitement justifi\u00e9e, elle sera de nouveau frapp\u00e9e, bien plus durement et plus fort, mais ce ne sera pas la plus grande attaque de toutes, celle-l\u00e0 attend en coulisses\u00a0\u00bb, a-t-il menac\u00e9.<\/p>\n<p>&#13;<br \/>\n&#13;<\/p>\n<p>&#13;<br \/>\n&#13;<\/p>\n<p><a class=\"r-btn r-btn--tag\" href=\"https:\/\/www.rtl.be\/333528\/locations\/iran\" title=\"Iran\" rel=\"nofollow noopener\" target=\"_blank\">Iran<\/a><br \/>\n<a class=\"r-btn r-btn--tag\" href=\"https:\/\/www.rtl.be\/333474\/locations\/etats-unis\" title=\"\u00c9tats-Unis\" rel=\"nofollow noopener\" target=\"_blank\">\u00c9tats-Unis<\/a><\/p>\n","protected":false},"excerpt":{"rendered":"par Yasmine Meziani Publi\u00e9 le 01 septembre \u00e0 19h22 Ajoutez-nous \u00e0 vos favoris Google L\u2019arm\u00e9e am\u00e9ricaine a annonc\u00e9&hellip;\n","protected":false},"author":2,"featured_media":236698,"comment_status":"","ping_status":"","sticky":false,"template":"","format":"standard","meta":{"footnotes":"","_share_on_mastodon":"0"},"categories":[9],"tags":[73199,12,13,18,17,73202,55431,18824,34,73198,30110,73200,31,17327,73201,32],"class_list":["post-236697","post","type-post","status-publish","format-standard","has-post-thumbnail","category-international","tag-bandar-abbas","tag-be","tag-be-fr","tag-belgique","tag-belgium","tag-campagne-economique-washington","tag-centcom","tag-detroit-dormuz","tag-donald-trump","tag-frappes-americaines-iran","tag-gardiens-de-la-revolution","tag-ile-de-qeshm","tag-international","tag-massoud-pezeshkian","tag-missiles-drones-iran","tag-world-news"],"share_on_mastodon":{"url":"https:\/\/pubeurope.com\/@be_fr\/117203377429128514","error":""},"_links":{"self":[{"href":"https:\/\/www.europesays.com\/be-fr\/wp-json\/wp\/v2\/posts\/236697","targetHints":{"allow":["GET"]}}],"collection":[{"href":"https:\/\/www.europesays.com\/be-fr\/wp-json\/wp\/v2\/posts"}],"about":[{"href":"https:\/\/www.europesays.com\/be-fr\/wp-json\/wp\/v2\/types\/post"}],"author":[{"embeddable":true,"href":"https:\/\/www.europesays.com\/be-fr\/wp-json\/wp\/v2\/users\/2"}],"replies":[{"embeddable":true,"href":"https:\/\/www.europesays.com\/be-fr\/wp-json\/wp\/v2\/comments?post=236697"}],"version-history":[{"count":0,"href":"https:\/\/www.europesays.com\/be-fr\/wp-json\/wp\/v2\/posts\/236697\/revisions"}],"wp:featuredmedia":[{"embeddable":true,"href":"https:\/\/www.europesays.com\/be-fr\/wp-json\/wp\/v2\/media\/236698"}],"wp:attachment":[{"href":"https:\/\/www.europesays.com\/be-fr\/wp-json\/wp\/v2\/media?parent=236697"}],"wp:term":[{"taxonomy":"category","embeddable":true,"href":"https:\/\/www.europesays.com\/be-fr\/wp-json\/wp\/v2\/categories?post=236697"},{"taxonomy":"post_tag","embeddable":true,"href":"https:\/\/www.europesays.com\/be-fr\/wp-json\/wp\/v2\/tags?post=236697"}],"curies":[{"name":"wp","href":"https:\/\/api.w.org\/{rel}","templated":true}]}}