{"id":236748,"date":"2026-09-02T21:19:19","date_gmt":"2026-09-02T21:19:19","guid":{"rendered":"https:\/\/www.europesays.com\/be-fr\/236748\/"},"modified":"2026-09-02T21:19:19","modified_gmt":"2026-09-02T21:19:19","slug":"fusillades-a-bruxelles-debat-politique-sur-la-lutte-antidrogue","status":"publish","type":"post","link":"https:\/\/www.europesays.com\/be-fr\/236748\/","title":{"rendered":"Fusillades \u00e0 Bruxelles\u00a0: d\u00e9bat politique sur la lutte antidrogue"},"content":{"rendered":"<p>  <img decoding=\"async\" class=\"r-img lazyloaded\" src=\"https:\/\/www.europesays.com\/be-fr\/wp-content\/uploads\/2026\/09\/1788383959_427_dalessandra.jpg\" alt=\"Thomas D'Alessandro\"\/><\/p>\n<p>par <a href=\"https:\/\/www.rtl.be\/373137\/dpi-authors\/thomas-dalessandro\" rel=\"nofollow noopener\" target=\"_blank\">Thomas D&rsquo;Alessandro<\/a><\/p>\n<p>\tPubli\u00e9 le 02 septembre \u00e0 12h09<\/p>\n<p>  <a href=\"https:\/\/www.google.com\/preferences\/source?q=rtl%20info\" class=\"r-link--google-favorites\" role=\"button\">Ajoutez-nous \u00e0 vos favoris Google<\/a><br \/>\n\tLe gouvernement et les parlementaires se r\u00e9unissent \u00e0 la Chambre pour coordonner la lutte contre le trafic de drogue, apr\u00e8s une s\u00e9rie de fusillades \u00e0 Bruxelles et des tensions autour du port d\u2019Anvers. Bernard Quintin, ministre de l\u2019Int\u00e9rieur, fait \u00e9tat d\u2019une \u00ab\u00a0urgence nationale\u00a0\u00bb, et du c\u00f4t\u00e9 du PS, on charge la ministre de la Justice, Annelies Verlinden. Cette derni\u00e8re r\u00e9agit.<\/p>\n<p>&#13;<br \/>\n&#13;<\/p>\n<p>\u00ab\u00a0Une urgence nationale\u00a0\u00bb, c\u2019est en ces termes que le ministre de l\u2019Int\u00e9rieur Bernard Quintin a qualifi\u00e9 mercredi la mani\u00e8re dont les pouvoirs publics doivent lutter contre le trafic de drogue. \u00ab\u00a0Comme nous l\u2019avons fait pour le terrorisme, la lutte contre le narcotrafic doit aujourd\u2019hui mobiliser tous les niveaux de pouvoir \u2013 f\u00e9d\u00e9ral, communautaire, r\u00e9gional et communal \u2013 chacun dans le cadre de ses comp\u00e9tences propres\u00a0\u00bb, a-t-il d\u00e9clar\u00e9.<\/p>\n<p>Une semaine apr\u00e8s une s\u00e9rie de coups de feu survenus en R\u00e9gion bruxelloise, une commission conjointe Justice et Int\u00e9rieur \u00e9tait convoqu\u00e9e ce matin \u00e0 la Chambre. Loin des invectives \u00e9chang\u00e9es ces derniers jours entre partis de la majorit\u00e9 et de l\u2019opposition, le ton adopt\u00e9 par le gouvernement, au contraire des d\u00e9put\u00e9s, \u00e9tait \u00e0 l\u2019apaisement et \u00e0 la coop\u00e9ration. \u00ab\u00a0Je souhaite construire cette politique avec vous, au-del\u00e0 des clivages\u00a0\u00bb, a d\u00e9clar\u00e9 Bernard Quintin (MR). \u00ab\u00a0Parce que je crois que peu de sujets m\u00e9ritent autant qu\u2019un consensus se d\u00e9gage sur l\u2019essentiel, m\u00eame si le d\u00e9bat doit naturellement rester ouvert sur les moyens.\u00a0\u00bb<\/p>\n<p>&#13;<br \/>\n&#13;<\/p>\n<p>&#13;<br \/>\n&#13;<\/p>\n<p>\n  &#13;<br \/>\n  \u00c0 lire aussi&#13;<br \/>\n  &#13;<\/p>\n<p>  <img decoding=\"async\" data-copyright=\"RTL info\" class=\"r-img\"  typeof=\"foaf:Image\" src=\"https:\/\/www.europesays.com\/be-fr\/wp-content\/uploads\/2026\/09\/98294778.jpeg\" alt=\"Impact de la balle dans la vitre de l\u2019habitante.\"\/><br \/>\n        <a class=\"r-stories--link\" href=\"https:\/\/www.rtl.be\/actu\/regions\/bruxelles\/jai-pleure-javais-la-petoche-une-habitante-de-saint-gilles-recoit-une-balle\/2026-08-24\/article\/798199\" rel=\"nofollow noopener\" target=\"_blank\">\u00ab\u00a0J\u2019ai pleur\u00e9, j\u2019avais la p\u00e9toche\u00a0\u00bb, une habitante de Saint-Gilles re\u00e7oit une balle perdue dans son appartement apr\u00e8s une fusillade<\/a>&#13;<br \/>\n  &#13;<br \/>\n&#13;\n<\/p>\n<p>Le PS a lourdement charg\u00e9 la N-VA et la ministre de la Justice Annelies Verlinden (CD&amp;V), pointant leur responsabilit\u00e9, selon lui, dans le d\u00e9veloppement du trafic de drogue en Belgique via le port d\u2019Anvers.<\/p>\n<p>Une attaque du PS<\/p>\n<p>\u00ab\u00a0Quand je vous entends, je suis tr\u00e8s inquiet, car on est tr\u00e8s loin de mettre les trafiquants \u00e0 terre\u00a0\u00bb, a lanc\u00e9 le d\u00e9put\u00e9 Ridouane Chahid, mercredi en commission conjointe Justice et Int\u00e9rieur de la Chambre, consacr\u00e9e aux fusillades qui ont touch\u00e9 Bruxelles la semaine derni\u00e8re. L\u2019\u00e9lu socialiste a repris sa formule d\u2019\u00ab\u00a0Anvers connection\u00a0\u00bb pour d\u00e9noncer l\u2019absence, selon lui, d\u2019action dans la M\u00e9tropole afin de \u00ab\u00a0prot\u00e9ger les b\u00e9n\u00e9fices du port\u00a0\u00bb. \u00ab\u00a0Votre inaction politique, c\u2019est de la complicit\u00e9\u00a0\u00bb, a-t-il lanc\u00e9, face aux protestations de la N-VA. \u00ab\u00a0Quand le Conseil National de S\u00e9curit\u00e9 va-t-il se r\u00e9unir\u00a0? O\u00f9 est le pilote\u00a0? Il est en Inde\u00a0!\u00a0\u00bb, s\u2019est-il exclam\u00e9, pointant le Premier ministre Bart De Wever (N-VA). Selon le d\u00e9put\u00e9, le fait qu\u2019Anvers ne dispose que d\u2019un seul bourgmestre \u00ab\u00a0n\u2019a pas emp\u00each\u00e9 qu\u2019une fille se prenne une balle.\u00a0\u00bb Cette sortie a suscit\u00e9 un toll\u00e9 dans la majorit\u00e9. \u00ab\u00a0Quel niveau\u00a0!\u00a0\u00bb, a hurl\u00e9 Denis Ducarme (MR). \u00ab\u00a0Venant de vous, c\u2019est un compliment\u00a0\u00bb, a r\u00e9pondu Ridouane Chahid. Ambiance. Bien que dans la majorit\u00e9, le lib\u00e9ral a lanc\u00e9 un appel aux partis flamands de la coalition Arizona.<\/p>\n<p>Il s\u2019est demand\u00e9 si les r\u00e9actions n\u2019auraient pas \u00e9t\u00e9 plus rapides si 100 fusillades avaient eu lieu \u00e0 Anvers. \u00ab\u00a0Enlevez-moi cela de la t\u00eate s\u2019il vous pla\u00eet\u00a0\u00bb, a-t-il d\u00e9clar\u00e9, accusant au passage Annelies Verlinden de faire preuve d\u2019une \u00ab\u00a0grande na\u00efvet\u00e9\u00a0\u00bb. Des propos \u00ab\u00a0tr\u00e8s bas\u00a0\u00bb, a r\u00e9agi Leentje Grilaert (CD&amp;V), appelant tant le MR que le PS \u00e0 r\u00e9\u00e9couter les propos d\u2019Annelies Verlinden sur les actions d\u00e9j\u00e0 entreprises sous la pr\u00e9c\u00e9dente l\u00e9gislature. Elle occupait alors le portefeuille de l\u2019Int\u00e9rieur au sein d\u2019une coalition int\u00e9grant socialistes et lib\u00e9raux. Avant M. Chahid, Maaike De Vreese (N-VA) avait pris la parole. Elle avait mis en avant son exp\u00e9rience professionnelle au sein de l\u2019Office des \u00e9trangers, se montrant \u00ab\u00a0assez s\u00e9v\u00e8re\u00a0\u00bb sur les politiques men\u00e9es au niveau local (sous entendu par le PS) \u00e0 Bruxelles. Isma\u00ebl Nuino (Les Engag\u00e9s) a regrett\u00e9 ce \u00ab\u00a0renvoi de balle\u00a0\u00bb, appelant \u00e0 \u00ab\u00a0ne pas opposer les gens dans cette cause nationale.\u00a0\u00bb Plus pos\u00e9, Nabil Boukili (PTB, opposition) a appel\u00e9 \u00e0 renforcer la police de proximit\u00e9 plut\u00f4t que de miser sur les actions Fipa (Full Integrated Police Action) \u00ab\u00a0pour faire genre\u00a0\u00bb. Un quart d\u2019heure apr\u00e8s l\u2019action, les dealers sont de retour, a-t-il observ\u00e9.<\/p>\n<p>&#13;<br \/>\n&#13;<br \/>\nUne r\u00e9ponse d\u2019Annelies Verlinden<\/p>\n<p>La lutte contre le crime organis\u00e9 ne se gagnera pas avec des slogans, du profilage politique ou une tentative incessante de se d\u00e9charger de ses responsabilit\u00e9s\u00a0\u00bb, a rench\u00e9ri la ministre de la Justice Annelies Verlinden (CD&amp;V). Elle a notamment dit esp\u00e9rer que les propos tenus par le bourgmestre de Bruxelles Philippe Cose (PS) \u00e0 propos d\u2019Anvers constituaient un \u00ab\u00a0encouragement \u00e0 poursuivre sur la voie emprunt\u00e9e avec la cr\u00e9ation du parquet du port.\u00a0\u00bb La ministre de la Justice a d\u00e9taill\u00e9 diff\u00e9rentes mesures d\u00e9j\u00e0 prises ou \u00e0 prendre. Elle a notamment annonc\u00e9 qu\u2019elle soumettra \u00ab\u00a0dans les prochaines semaines\u00a0\u00bb un projet de loi qui permettra de confisquer des avoirs d\u2019origine inexpliqu\u00e9e li\u00e9s \u00e0 des activit\u00e9s criminelles sans condamnation.<\/p>\n<p>Elle a aussi annonc\u00e9 qu\u2019elle demanderait \u00e0 nouveau des moyens budg\u00e9taires suppl\u00e9mentaires pour la Justice. Mme Verlinden a aussi indiqu\u00e9 que l\u2019unit\u00e9 \u00ab\u00a0high value target\u00a0\u00bb abritant les profils les plus dangereux serait \u00e9quip\u00e9e de brouilleurs d\u00e8s la semaine prochaine afin de perturber les communications entre t\u00e9l\u00e9phones portables. Quant \u00e0 Bernard Quintin, il souhaite notamment renforcer la pr\u00e9sence des militaires dans les rues afin d\u2019aussi les mobiliser dans les lieux identifi\u00e9s comme \u00ab\u00a0hotspots\u00a0\u00bb de trafic de drogue. Il a aussi appel\u00e9 \u00e0 cr\u00e9er davantage de places en centres ferm\u00e9s pour les personnes intercept\u00e9es qui sont en s\u00e9jour irr\u00e9gulier, \u00e0 mieux ex\u00e9cuter les ordres de quitter le territoire ou encore \u00e0 proc\u00e9der \u00e0 l\u2019enregistrement obligatoire des trottinettes \u00e9lectriques. Le ministre a aussi appel\u00e9 \u00e0 mener une campagne de communication cibl\u00e9e sur les consommateurs de stup\u00e9fiants.<\/p>\n<p>&#13;<br \/>\n&#13;<\/p>\n<p>&#13;<br \/>\n&#13;<\/p>\n<p><a class=\"r-btn r-btn--tag\" href=\"https:\/\/www.rtl.be\/333540\/locations\/bruxelles-bruxelles-capitale\" title=\"Bruxelles (Bruxelles-Capitale)\" rel=\"nofollow noopener\" target=\"_blank\">Bruxelles (Bruxelles-Capitale)<\/a><br \/>\n<a class=\"r-btn r-btn--tag\" href=\"https:\/\/www.rtl.be\/378271\/locations\/anvers-prov-danvers\" title=\"Anvers (prov. d\u2019Anvers)\" rel=\"nofollow noopener\" target=\"_blank\">Anvers (prov. d\u2019Anvers)<\/a><br \/>\n<a class=\"r-btn r-btn--tag\" href=\"https:\/\/www.rtl.be\/333452\/locations\/belgique\" title=\"Belgique\" rel=\"nofollow noopener\" target=\"_blank\">Belgique<\/a><br \/>\n<a class=\"r-btn r-btn--tag\" href=\"https:\/\/www.rtl.be\/378455\/persons\/annelies-verlinden\" title=\"Annelies Verlinden\" rel=\"nofollow noopener\" target=\"_blank\">Annelies Verlinden<\/a><br \/>\n<a class=\"r-btn r-btn--tag\" href=\"https:\/\/www.rtl.be\/378160\/persons\/bernard-quintin\" title=\"Bernard Quintin\" rel=\"nofollow noopener\" target=\"_blank\">Bernard Quintin<\/a><br \/>\n<a class=\"r-btn r-btn--tag\" href=\"https:\/\/www.rtl.be\/386859\/persons\/ridouane-chah\" title=\"Ridouane Chah\" rel=\"nofollow noopener\" target=\"_blank\">Ridouane Chah<\/a><br \/>\n<a class=\"r-btn r-btn--tag\" href=\"https:\/\/www.rtl.be\/378192\/persons\/denis-ducarme\" title=\"Denis Ducarme\" rel=\"nofollow noopener\" target=\"_blank\">Denis Ducarme<\/a><\/p>\n","protected":false},"excerpt":{"rendered":"par Thomas D&rsquo;Alessandro Publi\u00e9 le 02 septembre \u00e0 12h09 Ajoutez-nous \u00e0 vos favoris Google Le gouvernement et les&hellip;\n","protected":false},"author":2,"featured_media":236749,"comment_status":"","ping_status":"","sticky":false,"template":"","format":"standard","meta":{"footnotes":"","_share_on_mastodon":"0"},"categories":[2],"tags":[12503,12,13,18,17,69487,69482,10852,934,22,73250,4486,651,10164],"class_list":["post-236748","post","type-post","status-publish","format-standard","has-post-thumbnail","category-belgique","tag-annelies-verlinden","tag-be","tag-be-fr","tag-belgique","tag-belgium","tag-bernard-quintin","tag-fusillades-bruxelles","tag-gouvernement-belge","tag-justice","tag-police","tag-port-danvers","tag-ps","tag-securite","tag-trafic-de-drogue"],"share_on_mastodon":{"url":"https:\/\/pubeurope.com\/@be_fr\/117203538560670264","error":""},"_links":{"self":[{"href":"https:\/\/www.europesays.com\/be-fr\/wp-json\/wp\/v2\/posts\/236748","targetHints":{"allow":["GET"]}}],"collection":[{"href":"https:\/\/www.europesays.com\/be-fr\/wp-json\/wp\/v2\/posts"}],"about":[{"href":"https:\/\/www.europesays.com\/be-fr\/wp-json\/wp\/v2\/types\/post"}],"author":[{"embeddable":true,"href":"https:\/\/www.europesays.com\/be-fr\/wp-json\/wp\/v2\/users\/2"}],"replies":[{"embeddable":true,"href":"https:\/\/www.europesays.com\/be-fr\/wp-json\/wp\/v2\/comments?post=236748"}],"version-history":[{"count":0,"href":"https:\/\/www.europesays.com\/be-fr\/wp-json\/wp\/v2\/posts\/236748\/revisions"}],"wp:featuredmedia":[{"embeddable":true,"href":"https:\/\/www.europesays.com\/be-fr\/wp-json\/wp\/v2\/media\/236749"}],"wp:attachment":[{"href":"https:\/\/www.europesays.com\/be-fr\/wp-json\/wp\/v2\/media?parent=236748"}],"wp:term":[{"taxonomy":"category","embeddable":true,"href":"https:\/\/www.europesays.com\/be-fr\/wp-json\/wp\/v2\/categories?post=236748"},{"taxonomy":"post_tag","embeddable":true,"href":"https:\/\/www.europesays.com\/be-fr\/wp-json\/wp\/v2\/tags?post=236748"}],"curies":[{"name":"wp","href":"https:\/\/api.w.org\/{rel}","templated":true}]}}