{"id":236760,"date":"2026-09-02T21:34:10","date_gmt":"2026-09-02T21:34:10","guid":{"rendered":"https:\/\/www.europesays.com\/be-fr\/236760\/"},"modified":"2026-09-02T21:34:10","modified_gmt":"2026-09-02T21:34:10","slug":"mars-attacks-nouvelles-greves-et-actions-dans-les-ecoles-belges","status":"publish","type":"post","link":"https:\/\/www.europesays.com\/be-fr\/236760\/","title":{"rendered":"Mars Attacks\u2009: nouvelles gr\u00e8ves et actions dans les \u00e9coles belges"},"content":{"rendered":"<p>  <img decoding=\"async\" class=\"r-img lazyloaded\" src=\"https:\/\/www.europesays.com\/be-fr\/wp-content\/uploads\/2026\/09\/1788384850_573_duynstee.jpg\" alt=\"Julie Duynstee\"\/><\/p>\n<p>Par <a href=\"https:\/\/www.rtl.be\/345311\/dpi-authors\/julie-duynstee\" rel=\"nofollow noopener\" target=\"_blank\">Julie Duynstee<\/a><\/p>\n<p>\tPubli\u00e9 le 02 septembre \u00e0 21h38\n<\/p>\n<p>  <a href=\"https:\/\/www.google.com\/preferences\/source?q=rtl%20info\" class=\"r-link--google-favorites\" role=\"button\">Ajoutez-nous \u00e0 vos favoris Google<\/a><br \/>\n\tLe collectif d\u2019enseignants Mars Attacks\u00a0maintient la pression pour d\u00e9noncer les r\u00e9formes dans les \u00e9coles. De nouvelles gr\u00e8ves sont d\u00e9j\u00e0 annonc\u00e9es pour la fin de cette semaine et plusieurs dizaines d\u2019\u00e9coles devraient \u00eatre touch\u00e9es. Les pr\u00e9cisions de Mathieu Langer et Julien Raway.<\/p>\n<p>&#13;<br \/>\n&#13;<\/p>\n<p>Apr\u00e8s trois heures d\u2019assembl\u00e9e, les enseignants membres de Mars Attacks sont ressortis satisfaits. Arriv\u00e9s de Li\u00e8ge, Charleroi, Bruxelles, Namur ou de la r\u00e9gion du Centre, ces professeurs veulent pr\u00e9parer la suite.<\/p>\n<p>Le mouvement veut d\u00e9sormais se structurer pour durer. \u00ab\u00a0Il y a des actions innovantes qu\u2019on veut continuer \u00e0 mener pour rester innovants, humoristiques comme on l\u2019a toujours fait, d\u00e9cal\u00e9s \u00e9galement dans le mouvement Mars Attacks\u00a0\u00bb, explique Mathieu Hovine, membre du collectif et professeur de sciences. Maud De Ridder, membre du collectif et professeur de fran\u00e7ais.<\/p>\n<p>La guerre n\u2019est pas finie, on tiendra jusqu\u2019en 2030\u00a0<\/p>\n<p>&#13;<br \/>\n&#13;<\/p>\n<p>&#13;<br \/>\n&#13;<\/p>\n<p>\u00ab\u00a0On est repartis pour une deuxi\u00e8me bataille parce que la guerre n\u2019est pas finie, on tiendra jusqu\u2019en 2030\u00a0\u00bb, assure Maud De Ridder, membre du collectif et professeur de fran\u00e7ais.<\/p>\n<p>Au total, plus de 70 enseignants se sont r\u00e9unis. Une mani\u00e8re aussi de confronter les r\u00e9alit\u00e9s v\u00e9cues dans les diff\u00e9rentes \u00e9coles. \u00ab\u00a0J\u2019ai perdu un tiers de mon temps plein avec un tiers de mon salaire du coup. Aujourd\u2019hui, j\u2019ai beaucoup d\u2019incertitudes. Et le mouvement Mars Attacks, c\u2019est ce qui s\u2019organise en tout cas, me donne en tout cas l\u2019impression et l\u2019envie que c\u2019est vers l\u00e0 qu\u2019on va et c\u2019est ce qu\u2019on veut demander\u00a0\u00bb, confie Martin Delplace, membre du collectif et professeur de fran\u00e7ais.<\/p>\n<p>\n  &#13;<br \/>\n  \u00c0 lire aussi&#13;<br \/>\n  &#13;<\/p>\n<p>  <img decoding=\"async\" data-copyright=\"RTL info\" class=\"r-img\"  typeof=\"foaf:Image\" src=\"https:\/\/www.europesays.com\/be-fr\/wp-content\/uploads\/2026\/09\/1788384850_824_99581698.jpeg\" alt=\"Mathieu Hovine, membre du collectif Mars Attacks et professeur.\"\/><br \/>\n        <a class=\"r-stories--link\" href=\"https:\/\/www.rtl.be\/actu\/belgique\/politique\/mars-attacks-prevoit-de-nouvelles-actions-des-enseignants-les-syndicats-remontes\/2026-09-01\/article\/798927\" rel=\"nofollow noopener\" target=\"_blank\">Mars Attacks pr\u00e9voit de nouvelles actions des enseignants, les syndicats remont\u00e9s apr\u00e8s leur rencontre avec Val\u00e9rie Glatigny\u00a0: \u00ab\u00a0Elle a du sable dans les oreilles\u00a0\u00bb<\/a>&#13;<br \/>\n  &#13;<br \/>\n&#13;\n<\/p>\n<p>Le collectif pr\u00e9pare un v\u00e9ritable calendrier d\u2019actions pour les prochaines semaines. \u00ab\u00a0C\u2019est clair qu\u2019il va se passer des choses du c\u00f4t\u00e9 de Li\u00e8ge dans les jours qui viennent. Il y a toujours cette manif du 10 qui reste effectivement tr\u00e8s importante. Il y a le 27 septembre aussi qui est une date symbolique. Est-ce qu\u2019on doit f\u00eater la F\u00e9d\u00e9ration Wallonie-Bruxelles apr\u00e8s tout ce qu\u2019elle vient de faire au monde de l\u2019enseignement\u00a0? C\u2019est pas vraiment la mani\u00e8re dont on voit les choses\u00a0\u00bb, souligne S\u00e9bastien Demarche, membre du collectif et professeur de fran\u00e7ais.<\/p>\n<p>Et d\u00e8s ce vendredi, Mars Attacks annonce d\u00e9j\u00e0 des piquets de gr\u00e8ve coordonn\u00e9s en r\u00e9gion li\u00e9geoise. Plusieurs dizaines d\u2019\u00e9coles seront impact\u00e9es.<\/p>\n<p>&#13;<br \/>\n&#13;<\/p>\n<p>&#13;<br \/>\n&#13;<\/p>\n","protected":false},"excerpt":{"rendered":"Par Julie Duynstee Publi\u00e9 le 02 septembre \u00e0 21h38 Ajoutez-nous \u00e0 vos favoris Google Le collectif d\u2019enseignants Mars&hellip;\n","protected":false},"author":2,"featured_media":236761,"comment_status":"","ping_status":"","sticky":false,"template":"","format":"standard","meta":{"footnotes":"","_share_on_mastodon":"0"},"categories":[2],"tags":[12,13,18,17,46,73273,143,26523,66484,26,72841,73272,73274,73271],"class_list":["post-236760","post","type-post","status-publish","format-standard","has-post-thumbnail","category-belgique","tag-be","tag-be-fr","tag-belgique","tag-belgium","tag-bruxelles","tag-calendrier-actions","tag-charleroi","tag-federation-wallonie-bruxelles","tag-greve-enseignants","tag-liege","tag-mars-attacks","tag-mobilisation-scolaire","tag-piquet-de-greve","tag-reforme-ecole"],"share_on_mastodon":{"url":"https:\/\/pubeurope.com\/@be_fr\/117203597517680295","error":""},"_links":{"self":[{"href":"https:\/\/www.europesays.com\/be-fr\/wp-json\/wp\/v2\/posts\/236760","targetHints":{"allow":["GET"]}}],"collection":[{"href":"https:\/\/www.europesays.com\/be-fr\/wp-json\/wp\/v2\/posts"}],"about":[{"href":"https:\/\/www.europesays.com\/be-fr\/wp-json\/wp\/v2\/types\/post"}],"author":[{"embeddable":true,"href":"https:\/\/www.europesays.com\/be-fr\/wp-json\/wp\/v2\/users\/2"}],"replies":[{"embeddable":true,"href":"https:\/\/www.europesays.com\/be-fr\/wp-json\/wp\/v2\/comments?post=236760"}],"version-history":[{"count":0,"href":"https:\/\/www.europesays.com\/be-fr\/wp-json\/wp\/v2\/posts\/236760\/revisions"}],"wp:featuredmedia":[{"embeddable":true,"href":"https:\/\/www.europesays.com\/be-fr\/wp-json\/wp\/v2\/media\/236761"}],"wp:attachment":[{"href":"https:\/\/www.europesays.com\/be-fr\/wp-json\/wp\/v2\/media?parent=236760"}],"wp:term":[{"taxonomy":"category","embeddable":true,"href":"https:\/\/www.europesays.com\/be-fr\/wp-json\/wp\/v2\/categories?post=236760"},{"taxonomy":"post_tag","embeddable":true,"href":"https:\/\/www.europesays.com\/be-fr\/wp-json\/wp\/v2\/tags?post=236760"}],"curies":[{"name":"wp","href":"https:\/\/api.w.org\/{rel}","templated":true}]}}