{"id":236774,"date":"2026-09-02T21:53:10","date_gmt":"2026-09-02T21:53:10","guid":{"rendered":"https:\/\/www.europesays.com\/be-fr\/236774\/"},"modified":"2026-09-02T21:53:10","modified_gmt":"2026-09-02T21:53:10","slug":"temoignages-degoute-ou-soulagee-les-fans-tres-partages-sur-les-concerts-annules-de-patrick-bruel-2","status":"publish","type":"post","link":"https:\/\/www.europesays.com\/be-fr\/236774\/","title":{"rendered":"T\u00e9moignages. \u00ab\u00a0D\u00e9go\u00fbt\u00e9\u00a0\u00bb ou \u00ab\u00a0soulag\u00e9e\u00a0\u00bb\u00a0: les fans (tr\u00e8s) partag\u00e9s sur les concerts annul\u00e9s de Patrick Bruel"},"content":{"rendered":"<p><a href=\"https:\/\/www.leprogres.fr\/p\/patrick-bruel\" target=\"_blank\" rel=\"nofollow noopener\">Patrick Bruel<\/a> a annonc\u00e9, mardi sur Instagram, <a href=\"https:\/\/www.leprogres.fr\/faits-divers-justice\/2026\/09\/01\/patrick-bruel-vise-par-32-plaintes-annonce-l-annulation-de-sa-tournee-prevue-a-partir-d-octobre\" target=\"_blank\" rel=\"nofollow noopener\">l\u2019annulation de sa tourn\u00e9e d\u2019automne<\/a>, soit 35 concerts programm\u00e9s cet automne, du 2 octobre au 21 novembre. Le chanteur, vis\u00e9 par une trentaine d\u2019accusations de violences sexuelles et mis en examen dans quatre dossiers,\u00a0s&rsquo;est justifi\u00e9 par un souci \u00ab d\u2019apaisement \u00bb\u00a0alors qu&rsquo;il continue de clamer son innocence. Des dizaines de milliers de billets avaient d\u00e9j\u00e0 \u00e9t\u00e9 vendus.\u00a0Chez ses fans, l\u2019annonce provoque depuis 24 heures des r\u00e9actions tr\u00e8s contrast\u00e9es. \u00ab D\u00e9go\u00fbt\u00e9 de cette annulation,\u00a0la date aurait d\u00fb \u00eatre maintenue \u00bb, tranche G\u00e9rald, 62 ans, originaire du Rh\u00f4ne. Comme lui, une partie du public dit sa d\u00e9ception. \u00c0 Strasbourg (Bas-Rhin), Martine, 70 ans, avait ses places pour le Z\u00e9nith en novembre : \u00ab J&rsquo;y serais all\u00e9e. J&rsquo;adore Patrick Bruel. Le condamner d&rsquo;office n&rsquo;est pas juste. L&rsquo;obliger \u00e0 annuler tous ses concerts est une honte sans preuves confirm\u00e9es.\u00a0\u00bb<\/p>\n<p>Beaucoup d\u00e9noncent un \u00ab tribunal populaire \u00bb. \u00ab Je me demande \u00e0 quoi sert la justice\u00a0\u00bb,\u00a0s&rsquo;agace Christiane, 64 ans, originaire de la Loire. \u00ab\u00a0Je suis d\u00e9sesp\u00e9r\u00e9e de voir comme on est capable de tuer quelqu&rsquo;un m\u00e9diatiquement.\u00a0\u00bb M\u00eame tonalit\u00e9 chez Nicole, 64 ans, originaire de Sa\u00f4ne-et-Loire, qui devait se rendre au concert de Dijon avec ses deux filles. \u00ab Je comprends sa d\u00e9cision, au vu de la pression m\u00e9diatique. Mais je trouve \u00e9c\u0153urants ces d\u00e9ballages sur les r\u00e9seaux sociaux, de personnes qui jugent sans savoir. Il n&rsquo;y a pour l&rsquo;instant que des plaintes, nombreuses il est vrai, mais aucune condamnation.\u00a0\u00bb Elle nuance toutefois : \u00ab D\u00e9go\u00fbt\u00e9e de rater ce concert, pas encore par l&rsquo;homme. J&rsquo;attends une d\u00e9cision de justice pour cela.\u00a0\u00bb<\/p>\n<p>  \u00ab\u00a0Un souci d&rsquo;apaisement\u00a0\u00bb<\/p>\n<p>Cette pression, le chanteur l&rsquo;a lui-m\u00eame invoqu\u00e9e. Mardi soir, il a expliqu\u00e9 que sa tourn\u00e9e \u00e9tait \u00ab devenue l&rsquo;incarnation d&rsquo;un d\u00e9bat qui la d\u00e9passe \u00bb, tout en continuant de clamer son innocence. Son geste s&rsquo;inscrit, dit-il, dans un souci \u00ab d&rsquo;apaisement \u00bb. Sur LCI, son avocate Fanny Colin a\u00a0soulign\u00e9 \u00ab les menaces qui pesaient sur son public \u00bb, redoutant de possibles \u00ab coups de force \u00bb et \u00ab intrusions \u00bb pendant les concerts.<\/p>\n<p>Depuis plusieurs semaines, <a href=\"https:\/\/www.leprogres.fr\/culture-loisirs\/2026\/08\/27\/tournee-de-patrick-bruel-maires-prefets-programmateurs-peuvent-ils-annuler-ses-concerts\" target=\"_blank\" rel=\"nofollow noopener\">\u00e9lus, responsables politiques et associations f\u00e9ministes<\/a> appelaient l&rsquo;artiste \u00e0 renoncer \u00e0 monter sur sc\u00e8ne. En juin, le collectif #NousToutes avait manifest\u00e9 devant le Cirque d&rsquo;Hiver, \u00e0 Paris, et bri\u00e8vement interrompu une pi\u00e8ce de th\u00e9\u00e2tre dans laquelle il jouait. \u00ab Il y a un avant et un apr\u00e8s dans la fa\u00e7on dont les f\u00e9ministes peuvent faire peur \u00e0 des agresseurs \u00bb, s&rsquo;est f\u00e9licit\u00e9e une militante, Claudia, aupr\u00e8s de nos confr\u00e8res de France Inter.<\/p>\n<p>Ce contenu est bloqu\u00e9 car vous n&rsquo;avez pas accept\u00e9 les cookies et autres traceurs.<\/p>\n<p>En cliquant sur \u00ab J\u2019accepte \u00bb, les cookies et autres traceurs seront d\u00e9pos\u00e9s et vous pourrez visualiser les contenus  (<a href=\"\" class=\"consentModule_policy\" target=\"_blank\" title=\"Consulter la politique de protection des donn\u00e9es du fournisseur\">plus d&rsquo;informations<\/a>).<\/p>\n<p>En cliquant sur \u00ab J\u2019accepte tous les cookies \u00bb, vous autorisez des d\u00e9p\u00f4ts de cookies et autres traceurs pour le stockage de vos donn\u00e9es sur nos sites et applications \u00e0 des fins de personnalisation et de ciblage publicitaire.<\/p>\n<p class=\"consentModule_secondaryText\">Vous gardez la possibilit\u00e9 de retirer votre consentement \u00e0 tout moment en consultant notre <a href=\"https:\/\/www.leprogres.fr\/protection-des-donnees\" target=\"_blank\" title=\"Consulter notre politique de protection des donn\u00e9es\" rel=\"nofollow noopener\">politique de protection des donn\u00e9es<\/a>. <br \/>&#13;<br \/>\n            <a href=\"https:\/\/www.leprogres.fr\/faits-divers-justice\/2026\/09\/02\/javascript:Didomi.notice.show()\" class=\"consentModule_cmp\" rel=\"nofollow noopener\" target=\"_blank\">G\u00e9rer mes choix<\/a>&#13;\n        <\/p>\n<p>&#13;<br \/>\n                        J&rsquo;accepte&#13;<br \/>\n            J&rsquo;accepte tous les cookies&#13;\n        <\/p>\n<p>  Chez d&rsquo;autres, du soulagement<\/p>\n<p>La col\u00e8re est pourtant loin d&rsquo;\u00eatre unanime. Plusieurs spectatrices, pourtant fid\u00e8les de l&rsquo;artiste, saluent l&rsquo;annulation. \u00ab Je suis soulag\u00e9e\u00a0\u00bb, confie Nath, 45 ans, originaire du Bas-Rhin, habitu\u00e9e de ses concerts au Z\u00e9nith ou \u00e0 la Foire aux vins de Colmar. \u00ab\u00a0J&rsquo;avais pris mes places bien avant le scandale et je me sentais tr\u00e8s mal \u00e0 l&rsquo;aise d&rsquo;y participer.\u00a0\u00bb<\/p>\n<p>\u00c0 Saint-Maurice-de-Gourdans (Ain), Manuella, 50 ans, avait deux places pour l&rsquo;Arena de D\u00e9cines\u00a0: \u00ab\u00a0Cet artiste a berc\u00e9 toute mon adolescence. Aujourd&rsquo;hui, je suis satisfaite qu&rsquo;il annule, pour les victimes. Il aurait pu le faire bien avant.\u00a0\u00bb Fan \u00ab de la premi\u00e8re heure \u00bb, Claire, 50 ans, originaire de C\u00f4te-d&rsquo;Or, avait elle aussi choisi de ne pas s&rsquo;y rendre : \u00ab Il a fait le bon choix.\u00a0\u00bb Corinne, 59 ans, originaire de Moselle, abonde : \u00ab Je ne peux pas aller applaudir quelqu&rsquo;un qui se serait comport\u00e9 ainsi avec de nombreuses femmes.\u00a0\u00bb<\/p>\n<p>  Les billets seront rembours\u00e9s<\/p>\n<p>Tous les billets \u00ab seront naturellement rembours\u00e9s \u00bb, a assur\u00e9 Me Colin sur LCI. La tourn\u00e9e \u00e9tait port\u00e9e par 14 Productions, la soci\u00e9t\u00e9 cr\u00e9\u00e9e et g\u00e9r\u00e9e par l&rsquo;artiste lui-m\u00eame. En tant que producteur de ses propres spectacles, Patrick Bruel doit donc en supporter seul les risques financiers : c&rsquo;est \u00e0 lui, et non aux salles ou aux distributeurs de billets, qu&rsquo;incombe le co\u00fbt de ces remboursements. Les modalit\u00e9s pratiques n&rsquo;ont, elles, pas encore \u00e9t\u00e9 pr\u00e9cis\u00e9es. En pleine tourmente, le chanteur a re\u00e7u le soutien de <a href=\"https:\/\/www.leprogres.fr\/p\/mimie-mathy\" target=\"_blank\" rel=\"nofollow noopener\">Mimie Mathy<\/a>. \u00ab Il a \u00e9t\u00e9 plus harcel\u00e9 qu&rsquo;harceleur \u00bb, <a href=\"https:\/\/www.leprogres.fr\/societe\/2026\/09\/02\/le-prochain-spectacle-je-serai-en-fauteuil-roulant-mimie-mathy-se-confie-sur-sa-nouvelle-vie\" target=\"_blank\" rel=\"nofollow noopener\">a estim\u00e9 l&rsquo;actrice ce mercredi sur RTL<\/a>. \u00c0 l&rsquo;inverse, un nouveau t\u00e9moignage \u00e0 charge s&rsquo;est ajout\u00e9 au dossier : selon RTL, la chanteuse et actrice Helena Noguerra affirme avoir \u00e9t\u00e9 victime du chanteur dans les ann\u00e9es 2000, des faits aujourd&rsquo;hui prescrits pour lesquels elle n&rsquo;a pas d\u00e9pos\u00e9 plainte.<\/p>\n<p>Au total, une trentaine de femmes accusent d\u00e9sormais Patrick Bruel de viols, tentatives de viol, agressions sexuelles ou harc\u00e8lement, pour des faits pr\u00e9sum\u00e9s entre 1991 et 2019. Neuf nouvelles plaintes ont \u00e9t\u00e9 d\u00e9pos\u00e9es depuis sa garde \u00e0 vue de juin. \u00c0 ce stade, le chanteur a \u00e9t\u00e9 mis en examen dans quatre dossiers, notamment pour viol et tentatives de viol, et plac\u00e9 sous le statut, plus favorable, de t\u00e9moin assist\u00e9 dans quatre autres.<\/p>\n<p class=\"insetTitle\">3919 &#8211; Violences femmes info<\/p>\n<p>Un num\u00e9ro d&rsquo;appel national, le 3919, est d\u00e9di\u00e9 \u00e0 l&rsquo;\u00e9coute et \u00e0 l&rsquo;orientation des femmes victimes de violences. Appel gratuit et anonyme, service accessible 24h\/24 et 7 jours sur 7.<\/p>\n","protected":false},"excerpt":{"rendered":"Patrick Bruel a annonc\u00e9, mardi sur Instagram, l\u2019annulation de sa tourn\u00e9e d\u2019automne, soit 35 concerts programm\u00e9s cet automne,&hellip;\n","protected":false},"author":2,"featured_media":236775,"comment_status":"","ping_status":"","sticky":false,"template":"","format":"standard","meta":{"footnotes":"","_share_on_mastodon":"0"},"categories":[98],"tags":[12,13,18,17,2182,287,8210,96,95,6508,288,359,107,108,109],"class_list":["post-236774","post","type-post","status-publish","format-standard","has-post-thumbnail","category-musique","tag-be","tag-be-fr","tag-belgique","tag-belgium","tag-crime","tag-culture-loisirs","tag-delit-et-contravention","tag-divertissement","tag-entertainment","tag-faits-divers-justice","tag-fil-info","tag-france-monde","tag-music","tag-musique","tag-people"],"share_on_mastodon":{"url":"https:\/\/pubeurope.com\/@be_fr\/117203671671178875","error":""},"_links":{"self":[{"href":"https:\/\/www.europesays.com\/be-fr\/wp-json\/wp\/v2\/posts\/236774","targetHints":{"allow":["GET"]}}],"collection":[{"href":"https:\/\/www.europesays.com\/be-fr\/wp-json\/wp\/v2\/posts"}],"about":[{"href":"https:\/\/www.europesays.com\/be-fr\/wp-json\/wp\/v2\/types\/post"}],"author":[{"embeddable":true,"href":"https:\/\/www.europesays.com\/be-fr\/wp-json\/wp\/v2\/users\/2"}],"replies":[{"embeddable":true,"href":"https:\/\/www.europesays.com\/be-fr\/wp-json\/wp\/v2\/comments?post=236774"}],"version-history":[{"count":0,"href":"https:\/\/www.europesays.com\/be-fr\/wp-json\/wp\/v2\/posts\/236774\/revisions"}],"wp:featuredmedia":[{"embeddable":true,"href":"https:\/\/www.europesays.com\/be-fr\/wp-json\/wp\/v2\/media\/236775"}],"wp:attachment":[{"href":"https:\/\/www.europesays.com\/be-fr\/wp-json\/wp\/v2\/media?parent=236774"}],"wp:term":[{"taxonomy":"category","embeddable":true,"href":"https:\/\/www.europesays.com\/be-fr\/wp-json\/wp\/v2\/categories?post=236774"},{"taxonomy":"post_tag","embeddable":true,"href":"https:\/\/www.europesays.com\/be-fr\/wp-json\/wp\/v2\/tags?post=236774"}],"curies":[{"name":"wp","href":"https:\/\/api.w.org\/{rel}","templated":true}]}}