{"id":236794,"date":"2026-09-02T22:11:17","date_gmt":"2026-09-02T22:11:17","guid":{"rendered":"https:\/\/www.europesays.com\/be-fr\/236794\/"},"modified":"2026-09-02T22:11:17","modified_gmt":"2026-09-02T22:11:17","slug":"la-sony-ult-tower-max-concentre-une-puissance-sonore-de-2-150-watts-dans-une-enceinte-dun-metre","status":"publish","type":"post","link":"https:\/\/www.europesays.com\/be-fr\/236794\/","title":{"rendered":"La Sony ULT Tower Max concentre une puissance sonore de 2 150 watts dans une enceinte d\u2019un m\u00e8tre"},"content":{"rendered":"<p class=\"bodytext\">Deux enceintes peuvent \u00eatre coupl\u00e9es via Bluetooth pour former une paire st\u00e9r\u00e9o. Le son peut \u00eatre personnalis\u00e9 \u00e0 l\u2019aide d\u2019un \u00e9galiseur \u00e0 10 bandes dans l\u2019application Sony Sound Connect fournie. Un anneau LED RVB situ\u00e9 \u00e0 l\u2019avant lui conf\u00e8re un look id\u00e9al pour faire la f\u00eate. L\u2019enceinte est r\u00e9sistante aux \u00e9claboussures et con\u00e7ue pour supporter les renversements de boissons. La musique peut \u00eatre diffus\u00e9e sans fil via Bluetooth 5.3, avec prise en charge des formats AAC, SBC et LDAC de Sony. Des entr\u00e9es RCA et XLR sont \u00e9galement disponibles.&#13;<\/p>\n<p>Prix et disponibilit\u00e9<\/p>\n<p class=\"bodytext\">La Sony ULT Tower Max sortira le 17 septembre au prix de vente conseill\u00e9 de 1 499 $. <a href=\"https:\/\/www.amazon.com\/Sony-Tower-Bluetooth-Karaoke-Speaker\/dp\/B0HF5Z52X6\/ref=sr_1_1?crid=20JIM8O03D2XM&amp;dib=eyJ2IjoiMSJ9._Yz2PvgkfLV-4o3H2y8kJzHdOYnCvAy2ixodyRgoPzn94Uo3JjdZpETA9_tdMd6Zg7gvx1mzwIjvn2ol1CuRIMFwi2IlOiX3Kc-GjAYUi858pr2IfTTkiApec3MS_kH8MlASILDZT4bBonS1WUrpJFUn8l_Mo4Ce0NmKLC1xoV7EmoWaYdiHTaQhcfqWFTwVc55Q4Y_Gm9MlvqHeGzNhVXOzOIGCs83XCrVD4F-WokE.coiTyBDykue2Y9hvHh5WbPm8ThmjOHINIHmBmZCtymg&amp;dib_tag=se&amp;keywords=sony+ult+tower+max&amp;qid=1788291891&amp;sprefix=sony+ult+tower%2Caps%2C293&amp;sr=8-1&amp;tag=nbcnewsnet-20\" target=\"_blank\" rel=\"sponsored nofollow noopener\">Amazon<\/a> accepte d\u2019ores et d\u00e9j\u00e0 les pr\u00e9commandes.<br \/>\u00a0<\/p>\n","protected":false},"excerpt":{"rendered":"Deux enceintes peuvent \u00eatre coupl\u00e9es via Bluetooth pour former une paire st\u00e9r\u00e9o. Le son peut \u00eatre personnalis\u00e9 \u00e0&hellip;\n","protected":false},"author":2,"featured_media":236795,"comment_status":"","ping_status":"","sticky":false,"template":"","format":"standard","meta":{"footnotes":"","_share_on_mastodon":"0"},"categories":[70],"tags":[15884,12,13,18,17,9584,11014,1289,1941,1285,4935,32567,1287,1286,73,71,75,72,73301,76,74,1288],"class_list":["post-236794","post","type-post","status-publish","format-standard","has-post-thumbnail","category-sciences-et-technologies","tag-audio","tag-be","tag-be-fr","tag-belgique","tag-belgium","tag-disponibilite","tag-enceinte","tag-informations-sur-des-ordinateurs-portatifs","tag-lancement","tag-nouvelles","tag-prix","tag-produit-phare","tag-rapport","tag-revues","tag-science","tag-science-and-technology","tag-sciences","tag-sciences-et-technologies","tag-sony-ult-tower-max","tag-technologies","tag-technology","tag-test"],"share_on_mastodon":{"url":"https:\/\/pubeurope.com\/@be_fr\/117203742500680972","error":""},"_links":{"self":[{"href":"https:\/\/www.europesays.com\/be-fr\/wp-json\/wp\/v2\/posts\/236794","targetHints":{"allow":["GET"]}}],"collection":[{"href":"https:\/\/www.europesays.com\/be-fr\/wp-json\/wp\/v2\/posts"}],"about":[{"href":"https:\/\/www.europesays.com\/be-fr\/wp-json\/wp\/v2\/types\/post"}],"author":[{"embeddable":true,"href":"https:\/\/www.europesays.com\/be-fr\/wp-json\/wp\/v2\/users\/2"}],"replies":[{"embeddable":true,"href":"https:\/\/www.europesays.com\/be-fr\/wp-json\/wp\/v2\/comments?post=236794"}],"version-history":[{"count":0,"href":"https:\/\/www.europesays.com\/be-fr\/wp-json\/wp\/v2\/posts\/236794\/revisions"}],"wp:featuredmedia":[{"embeddable":true,"href":"https:\/\/www.europesays.com\/be-fr\/wp-json\/wp\/v2\/media\/236795"}],"wp:attachment":[{"href":"https:\/\/www.europesays.com\/be-fr\/wp-json\/wp\/v2\/media?parent=236794"}],"wp:term":[{"taxonomy":"category","embeddable":true,"href":"https:\/\/www.europesays.com\/be-fr\/wp-json\/wp\/v2\/categories?post=236794"},{"taxonomy":"post_tag","embeddable":true,"href":"https:\/\/www.europesays.com\/be-fr\/wp-json\/wp\/v2\/tags?post=236794"}],"curies":[{"name":"wp","href":"https:\/\/api.w.org\/{rel}","templated":true}]}}