{"id":236796,"date":"2026-09-02T22:14:10","date_gmt":"2026-09-02T22:14:10","guid":{"rendered":"https:\/\/www.europesays.com\/be-fr\/236796\/"},"modified":"2026-09-02T22:14:10","modified_gmt":"2026-09-02T22:14:10","slug":"lavenue-de-fre-fermee-en-urgence-apres-des-risques-daffaissement-sous-la-voirie-a-uccle","status":"publish","type":"post","link":"https:\/\/www.europesays.com\/be-fr\/236796\/","title":{"rendered":"L\u2019avenue De Fr\u00e9 ferm\u00e9e en urgence apr\u00e8s des risques d\u2019affaissement sous la voirie \u00e0 Uccle"},"content":{"rendered":"\n<p>Une portion de l\u2019avenue De Fr\u00e9, \u00e0 Uccle, est compl\u00e8tement ferm\u00e9e \u00e0 la circulation apr\u00e8s la d\u00e9couverte de risques d\u2019affaissement sous la voirie. Le tron\u00e7on concern\u00e9 se situe entre le square des H\u00e9ros et l\u2019avenue du Manoir, pr\u00e8s du parc de Wolvendael. La d\u00e9cision a \u00e9t\u00e9 prise afin d\u2019\u00e9viter tout danger pour les nombreux usagers qui empruntent quotidiennement cet axe tr\u00e8s fr\u00e9quent\u00e9.<\/p>\n<p>L\u2019avenue De Fr\u00e9 n\u2019est pas une zone inconnue des services techniques. Le secteur a r\u00e9guli\u00e8rement \u00e9t\u00e9 confront\u00e9 \u00e0 des difficult\u00e9s li\u00e9es aux fortes pluies et aux inondations, qui ont par le pass\u00e9 perturb\u00e9 la circulation et n\u00e9cessit\u00e9 des interventions.<\/p>\n<p>&#13;<br \/>\n&#13;<\/p>\n<p>Des travaux avaient notamment \u00e9t\u00e9 r\u00e9alis\u00e9s en 2024 par Vivaqua dans cette zone afin d\u2019am\u00e9liorer la situation et de renforcer les infrastructures. Malgr\u00e9 ces am\u00e9nagements, de nouveaux contr\u00f4les ont r\u00e9v\u00e9l\u00e9 des probl\u00e8mes au niveau des terrains situ\u00e9s sous la chauss\u00e9e.<\/p>\n<p>&#13;<br \/>\n&#13;<\/p>\n<p>&#13;<br \/>\n&#13;<\/p>\n<p>&#13;<br \/>\n&#13;<br \/>\nRisque d\u2019affaissement<\/p>\n<p>Face au risque d\u2019affaissement, les autorit\u00e9s ont choisi de fermer compl\u00e8tement le tron\u00e7on concern\u00e9. Cette mesure vise \u00e0 prot\u00e9ger les automobilistes, les cyclistes et les pi\u00e9tons, mais aussi \u00e0 permettre aux \u00e9quipes techniques d\u2019intervenir dans des conditions s\u00e9curis\u00e9es.<\/p>\n<p>Les services techniques communaux et Bruxelles Mobilit\u00e9 sont mobilis\u00e9s afin d\u2019analyser la situation et de mettre en place les mesures n\u00e9cessaires pour stabiliser la zone.<\/p>\n<p>Des d\u00e9viations pour un axe tr\u00e8s fr\u00e9quent\u00e9<\/p>\n<p>La fermeture de cette portion de l\u2019avenue De Fr\u00e9 entra\u00eene des adaptations importantes dans le quartier. Cet axe constitue en effet un passage tr\u00e8s fr\u00e9quent\u00e9 entre le centre de la commune et le Bois de la Cambre.<\/p>\n<p>Les automobilistes qui se dirigent vers le square des H\u00e9ros sont invit\u00e9s \u00e0 suivre une d\u00e9viation par la rue de l\u2019\u00c9chevinage et l\u2019avenue Brugmann. Pour rejoindre La Cambre, le passage est pr\u00e9vu par l\u2019avenue Wolvendael via le square Marlow.<\/p>\n<p>Les pi\u00e9tons et les cyclistes peuvent continuer \u00e0 circuler. Les bus de la Stib sont \u00e9galement concern\u00e9s par les itin\u00e9raires adapt\u00e9s.<\/p>\n<p>&#13;<br \/>\n&#13;<\/p>\n","protected":false},"excerpt":{"rendered":"Une portion de l\u2019avenue De Fr\u00e9, \u00e0 Uccle, est compl\u00e8tement ferm\u00e9e \u00e0 la circulation apr\u00e8s la d\u00e9couverte de&hellip;\n","protected":false},"author":2,"featured_media":236797,"comment_status":"","ping_status":"","sticky":false,"template":"","format":"standard","meta":{"footnotes":"","_share_on_mastodon":"0"},"categories":[2],"tags":[73303,7335,12,13,18,17,44891,73302,837,3765,14468,73304],"class_list":["post-236796","post","type-post","status-publish","format-standard","has-post-thumbnail","category-belgique","tag-affaissement","tag-apres","tag-be","tag-be-fr","tag-belgique","tag-belgium","tag-fermee","tag-lavenue","tag-risques","tag-uccle","tag-urgence","tag-voirie"],"share_on_mastodon":{"url":"https:\/\/pubeurope.com\/@be_fr\/117203754432540097","error":""},"_links":{"self":[{"href":"https:\/\/www.europesays.com\/be-fr\/wp-json\/wp\/v2\/posts\/236796","targetHints":{"allow":["GET"]}}],"collection":[{"href":"https:\/\/www.europesays.com\/be-fr\/wp-json\/wp\/v2\/posts"}],"about":[{"href":"https:\/\/www.europesays.com\/be-fr\/wp-json\/wp\/v2\/types\/post"}],"author":[{"embeddable":true,"href":"https:\/\/www.europesays.com\/be-fr\/wp-json\/wp\/v2\/users\/2"}],"replies":[{"embeddable":true,"href":"https:\/\/www.europesays.com\/be-fr\/wp-json\/wp\/v2\/comments?post=236796"}],"version-history":[{"count":0,"href":"https:\/\/www.europesays.com\/be-fr\/wp-json\/wp\/v2\/posts\/236796\/revisions"}],"wp:featuredmedia":[{"embeddable":true,"href":"https:\/\/www.europesays.com\/be-fr\/wp-json\/wp\/v2\/media\/236797"}],"wp:attachment":[{"href":"https:\/\/www.europesays.com\/be-fr\/wp-json\/wp\/v2\/media?parent=236796"}],"wp:term":[{"taxonomy":"category","embeddable":true,"href":"https:\/\/www.europesays.com\/be-fr\/wp-json\/wp\/v2\/categories?post=236796"},{"taxonomy":"post_tag","embeddable":true,"href":"https:\/\/www.europesays.com\/be-fr\/wp-json\/wp\/v2\/tags?post=236796"}],"curies":[{"name":"wp","href":"https:\/\/api.w.org\/{rel}","templated":true}]}}