{"id":236854,"date":"2026-09-02T23:13:28","date_gmt":"2026-09-02T23:13:28","guid":{"rendered":"https:\/\/www.europesays.com\/be-fr\/236854\/"},"modified":"2026-09-02T23:13:28","modified_gmt":"2026-09-02T23:13:28","slug":"yanis-marshall-ancien-professeur-de-danse-de-la-star-academy-annonce-etre-seropositif-je-ne-lavais-jamais-dit-publiquement","status":"publish","type":"post","link":"https:\/\/www.europesays.com\/be-fr\/236854\/","title":{"rendered":"Yanis Marshall, ancien professeur de danse de la Star Academy, annonce \u00eatre s\u00e9ropositif : \u00ab\u00a0Je ne l&rsquo;avais jamais dit publiquement\u00a0\u00bb"},"content":{"rendered":"<p>En 2022, la Star Academy faisait son grand retour sur TF1 apr\u00e8s 14 ans d&rsquo;absence. La cha\u00eene avait d\u00e9voil\u00e9 un tout nouveau casting de professeurs, dont Yanis Marshall, un danseur et chor\u00e9graphe \u00e0 la renomm\u00e9e internationale et dont le passage dans Britain&rsquo;s got talent en 2014 avait fait sensation. Quatre ans apr\u00e8s son arriv\u00e9e au ch\u00e2teau de Dammarie-l\u00e8s-Lys <a href=\"https:\/\/www.programme-tv.net\/news\/tv\/342761-cest-un-sacre-temperament-adeline-toniutti-revient-sur-le-depart-surprise-de-yanis-marshall-et-repond-aux-rumeurs-sur-son-comportement\/\" data-api-deeplink=\"teleloisirs:\/\/news\/342761\" rel=\"nofollow noopener\" target=\"_blank\">pour une seule saison<\/a>, l&rsquo;ancien professeur se met \u00e0 nu dans un livre \u00e0 para\u00eetre le 5 novembre prochain.<\/p>\n<p>Dans cette biographie intitul\u00e9e Je vous conseille de ne pas le dire (aux \u00e9ditions Leduc), il se confie <a href=\"https:\/\/www.programme-tv.net\/news\/tv\/337831-je-buvais-avant-et-pendant-les-primes-yanis-marshall-repond-aux-nombreuses-rumeurs-concernant-sa-participation-a-la-star-academy\/\" data-api-deeplink=\"teleloisirs:\/\/news\/337831\" rel=\"nofollow noopener\" target=\"_blank\">sur les combats qui ont marqu\u00e9 sa vie<\/a>. Dans un long post Instagram publi\u00e9 ce lundi 31 ao\u00fbt, le danseur de 36 ans annonce notamment \u00eatre s\u00e9ropositif, une information personnelle qu&rsquo;il n&rsquo;avait jamais d\u00e9voil\u00e9e jusqu&rsquo;\u00e0 maintenant.<\/p>\n<p>                        Yanis Marshall (Star Academy 2022) d\u00e9voile \u00eatre atteint du VIH : \u00ab\u00a0\u00catre s\u00e9ropositif, ce n\u2019est pas \u00eatre condamn\u00e9 ni bris\u00e9\u00a0\u00bb<\/p>\n<p>Le danseur suivi par 1,3 million d&rsquo;abonn\u00e9s et connu pour sa ma\u00eetrise du heels (danse en talon), joue la carte de l&rsquo;honn\u00eatet\u00e9 et souhaite avant tout briser le silence qui entoure la maladie. \u00ab\u00a0Je veux parler de ce que l\u2019on cache trop souvent. Tout ce que j\u2019ai v\u00e9cu, sans filtre. Mais surtout, je veux r\u00e9v\u00e9ler quelque chose que je n\u2019ai jamais dit publiquement : ma s\u00e9ropositivit\u00e9\u00a0\u00bb, \u00e9crit-il.<\/p>\n<p>\u00ab\u00a0Pas pour faire pleurer, ni pour provoquer. Mais parce que je veux que les gens comprennent qu\u2019\u00eatre s\u00e9ropositif, ce n\u2019est pas \u00eatre condamn\u00e9 ni bris\u00e9. C\u2019est vivre, aimer, briller, cr\u00e9er, r\u00e9ussir, autrement mais pleinement\u00a0\u00bb, poursuit-il dans son texte accompagn\u00e9 de la couverture de son livre dont le sous-titre est \u00ab\u00a0VIH, <a href=\"https:\/\/www.programme-tv.net\/news\/tv\/339137-sil-buvait-il-etait-toujours-sobre-face-a-nous-louis-albi-star-academy-reagit-a-leviction-de-yanis-marshall-de-lemission\/\" data-api-deeplink=\"teleloisirs:\/\/news\/339137\" rel=\"nofollow noopener\" target=\"_blank\">addictions<\/a>, violences sexuelles&#8230; Ne plus avoir honte\u00a0\u00bb.<\/p>\n<p>            Yanis Marshall (Star Academy 2022) annonce \u00eatre s\u00e9ropositif : \u00ab\u00a0Je suis un survivant\u00a0\u00bb<\/p>\n<p>Pour l&rsquo;ancien professeur de Dammarie-l\u00e8s-Lys, parler, c&rsquo;est aussi \u00eatre utile aux autres. Celui qui a port\u00e9 plainte <a href=\"https:\/\/www.programme-tv.net\/news\/people\/345181-mes-jambes-tremblaient-yanis-marshall-emu-aux-larmes-il-raconte-ce-quil-aurait-subi-de-la-part-de-bruno-vandelli-quil-accuse-de-viol-aggrave-sur-mineur\/\" data-api-deeplink=\"teleloisirs:\/\/news\/345181\" rel=\"nofollow noopener\" target=\"_blank\">contre Bruno Vandelli pour des viols<\/a> qu&rsquo;il aurait subis dans son adolescence, l&rsquo;affirme : \u00ab\u00a0le probl\u00e8me, c&rsquo;est le secret. Pas le virus, pas le viol, pas la honte\u00a0\u00bb.<\/p>\n<p>\u00ab\u00a0Je ne suis pas Yanis le s\u00e9ropositif. Je ne suis pas Yanis la victime. Je suis un survivant. Je suis Yanis, et ce livre, c\u2019est ma fa\u00e7on de dire que tout \u00e7a n\u2019est pas arriv\u00e9 pour rien. Que j\u2019en fais quelque chose\u00a0\u00bb, conclut Yanis Marshall.<\/p>\n<p>            Yanis Marshall soutenu par la grande famille Star Academy<\/p>\n<p>Depuis la publication de son annonce ce lundi 31 ao\u00fbt 2026, Yanis Marshall a re\u00e7u le soutien de quelques anciens acad\u00e9miciens ainsi que d&rsquo;au moins une des professeurs de la dixi\u00e8me saison du programme qui l&rsquo;a r\u00e9v\u00e9l\u00e9 au grand public dans l&rsquo;hexagone. Lucie Bernardoni, l&rsquo;une des r\u00e9p\u00e9titrices de cette saison et des trois suivantes, a partag\u00e9 son post en story, sur un air de Madonna et l\u00e9gend\u00e9 d&rsquo;un \u00ab\u00a0Tu es un vrai, Yanis Marshall\u00a0\u00bb.<\/p>\n<p>Parmi les \u00e9l\u00e8ves qu&rsquo;il a accompagn\u00e9s pendant la saison 10 de la Star Academy, le professeur de danse peut \u00e9galement compter sur les soutiens de L\u00e9a Haddad, Carla Dona, Enola Cox, Ahc\u00e8ne ou encore Louis Albi. \u00ab\u00a0Fi\u00e8re\u00a0\u00bb et \u00ab\u00a0Proud of you\u00a0\u00bb (\u00ab\u00a0Je suis fier de toi\u00a0\u00bb, en anglais) ont comment\u00e9 Enola Cosnier et Ahc\u00e8ne Menacer tandis que Louis Albiget, Carla Hugon et L\u00e9a Haddad se sont content\u00e9 de laisser parler leurs \u00e9mojis coeur.<\/p>\n","protected":false},"excerpt":{"rendered":"En 2022, la Star Academy faisait son grand retour sur TF1 apr\u00e8s 14 ans d&rsquo;absence. La cha\u00eene avait&hellip;\n","protected":false},"author":2,"featured_media":236855,"comment_status":"","ping_status":"","sticky":false,"template":"","format":"standard","meta":{"footnotes":"","_share_on_mastodon":"0"},"categories":[83],"tags":[141,12,13,18,17,73314,118,96,95,322,380,72882,1729],"class_list":["post-236854","post","type-post","status-publish","format-standard","has-post-thumbnail","category-divertissement","tag-actu","tag-be","tag-be-fr","tag-belgique","tag-belgium","tag-bruno-vandelli","tag-commentaire","tag-divertissement","tag-entertainment","tag-star-academy","tag-tf1","tag-yanis-marshall","tag-zapping"],"share_on_mastodon":{"url":"https:\/\/pubeurope.com\/@be_fr\/117203986562555450","error":""},"_links":{"self":[{"href":"https:\/\/www.europesays.com\/be-fr\/wp-json\/wp\/v2\/posts\/236854","targetHints":{"allow":["GET"]}}],"collection":[{"href":"https:\/\/www.europesays.com\/be-fr\/wp-json\/wp\/v2\/posts"}],"about":[{"href":"https:\/\/www.europesays.com\/be-fr\/wp-json\/wp\/v2\/types\/post"}],"author":[{"embeddable":true,"href":"https:\/\/www.europesays.com\/be-fr\/wp-json\/wp\/v2\/users\/2"}],"replies":[{"embeddable":true,"href":"https:\/\/www.europesays.com\/be-fr\/wp-json\/wp\/v2\/comments?post=236854"}],"version-history":[{"count":0,"href":"https:\/\/www.europesays.com\/be-fr\/wp-json\/wp\/v2\/posts\/236854\/revisions"}],"wp:featuredmedia":[{"embeddable":true,"href":"https:\/\/www.europesays.com\/be-fr\/wp-json\/wp\/v2\/media\/236855"}],"wp:attachment":[{"href":"https:\/\/www.europesays.com\/be-fr\/wp-json\/wp\/v2\/media?parent=236854"}],"wp:term":[{"taxonomy":"category","embeddable":true,"href":"https:\/\/www.europesays.com\/be-fr\/wp-json\/wp\/v2\/categories?post=236854"},{"taxonomy":"post_tag","embeddable":true,"href":"https:\/\/www.europesays.com\/be-fr\/wp-json\/wp\/v2\/tags?post=236854"}],"curies":[{"name":"wp","href":"https:\/\/api.w.org\/{rel}","templated":true}]}}