{"id":236880,"date":"2026-09-02T23:39:18","date_gmt":"2026-09-02T23:39:18","guid":{"rendered":"https:\/\/www.europesays.com\/be-fr\/236880\/"},"modified":"2026-09-02T23:39:18","modified_gmt":"2026-09-02T23:39:18","slug":"pourquoi-patrick-bruel-a-t-il-annule-sa-tournee-son-avocate-apporte-de-nouveaux-details","status":"publish","type":"post","link":"https:\/\/www.europesays.com\/be-fr\/236880\/","title":{"rendered":"Pourquoi Patrick Bruel a-t-il annul\u00e9 sa tourn\u00e9e? Son avocate apporte de nouveaux d\u00e9tails"},"content":{"rendered":"<p class=\"ap-StoryElement ap-StoryElement--mb ap-StoryText\">Ce matin, <a href=\"https:\/\/www.dhnet.be\/actu\/monde\/2026\/09\/02\/lavocate-de-patrick-bruel-sexprime-sur-la-tournee-annulee-il-ne-reconnait-pas-avoir-un-probleme-dans-son-comportement-avec-les-femmes-WKE5ZZ2XWRB3JC7VIHRF5VZKHY\/\" target=\"_self\" rel=\"nofollow noopener\">nous vous rapportions une r\u00e9action de l&rsquo;avocate de Patrick Bruel sur l&rsquo;annulation des concerts de l&rsquo;artiste<\/a>. Me Fanny Colin \u00e9voquait sur LCI que \u00ab\u00a0cette renonciation \u00e0 la tourn\u00e9e n&rsquo;\u00e9tait pas un aveu\u00a0\u00bb et que l&rsquo;artiste avait \u00ab\u00a0fait le choix de l&rsquo;apaisement pour la protection de son public\u00a0\u00bb.<\/p>\n<p class=\"ap-StoryElement ap-StoryElement--mb ap-StoryText\">Ce mercredi soir, <a href=\"https:\/\/www.bfmtv.com\/police-justice\/il-n-a-voulu-prendre-aucune-risque-l-avocate-de-patrick-bruel-justifie-l-annulation-de-sa-tournee-par-des-menaces-recues_AN-202609020856.html\" target=\"_self\" rel=\"nofollow noopener\">sur BFM TV<\/a>, l&rsquo;avocate a \u00e9t\u00e9 un peu plus loin dans son explicatif. Elle justifie la d\u00e9cision de Patrick Bruel d&rsquo;annuler la tourn\u00e9e par \u00ab\u00a0des menaces qui ont \u00e9t\u00e9 faites via les r\u00e9seaux sociaux\u00a0\u00bb.<\/p>\n","protected":false},"excerpt":{"rendered":"Ce matin, nous vous rapportions une r\u00e9action de l&rsquo;avocate de Patrick Bruel sur l&rsquo;annulation des concerts de l&rsquo;artiste.&hellip;\n","protected":false},"author":2,"featured_media":236881,"comment_status":"","ping_status":"","sticky":false,"template":"","format":"standard","meta":{"footnotes":"","_share_on_mastodon":"0"},"categories":[83],"tags":[73317,3048,1381,12,13,18,17,73318,96,95,39802,17900,7919],"class_list":["post-236880","post","type-post","status-publish","format-standard","has-post-thumbnail","category-divertissement","tag-anterp","tag-antwerpen","tag-anvers","tag-be","tag-be-fr","tag-belgique","tag-belgium","tag-de-kade","tag-divertissement","tag-entertainment","tag-gevangenis","tag-jail","tag-prison"],"share_on_mastodon":{"url":"https:\/\/pubeurope.com\/@be_fr\/117204088688864462","error":""},"_links":{"self":[{"href":"https:\/\/www.europesays.com\/be-fr\/wp-json\/wp\/v2\/posts\/236880","targetHints":{"allow":["GET"]}}],"collection":[{"href":"https:\/\/www.europesays.com\/be-fr\/wp-json\/wp\/v2\/posts"}],"about":[{"href":"https:\/\/www.europesays.com\/be-fr\/wp-json\/wp\/v2\/types\/post"}],"author":[{"embeddable":true,"href":"https:\/\/www.europesays.com\/be-fr\/wp-json\/wp\/v2\/users\/2"}],"replies":[{"embeddable":true,"href":"https:\/\/www.europesays.com\/be-fr\/wp-json\/wp\/v2\/comments?post=236880"}],"version-history":[{"count":0,"href":"https:\/\/www.europesays.com\/be-fr\/wp-json\/wp\/v2\/posts\/236880\/revisions"}],"wp:featuredmedia":[{"embeddable":true,"href":"https:\/\/www.europesays.com\/be-fr\/wp-json\/wp\/v2\/media\/236881"}],"wp:attachment":[{"href":"https:\/\/www.europesays.com\/be-fr\/wp-json\/wp\/v2\/media?parent=236880"}],"wp:term":[{"taxonomy":"category","embeddable":true,"href":"https:\/\/www.europesays.com\/be-fr\/wp-json\/wp\/v2\/categories?post=236880"},{"taxonomy":"post_tag","embeddable":true,"href":"https:\/\/www.europesays.com\/be-fr\/wp-json\/wp\/v2\/tags?post=236880"}],"curies":[{"name":"wp","href":"https:\/\/api.w.org\/{rel}","templated":true}]}}