{"id":236934,"date":"2026-09-03T00:38:15","date_gmt":"2026-09-03T00:38:15","guid":{"rendered":"https:\/\/www.europesays.com\/be-fr\/236934\/"},"modified":"2026-09-03T00:38:15","modified_gmt":"2026-09-03T00:38:15","slug":"le-tarif-de-la-semaine-pour-la-machine-unioniste-saint-trond-en-prend-trois-comme-anderlecht-il-y-a-trois-jours","status":"publish","type":"post","link":"https:\/\/www.europesays.com\/be-fr\/236934\/","title":{"rendered":"Le tarif de la semaine pour la machine unioniste: Saint-Trond en prend trois comme Anderlecht il y a trois jours"},"content":{"rendered":"<p><a href=\"https:\/\/www.dhnet.be\/sports\/football\/division-1a\/union-saint-gilloise\/2026\/09\/02\/deux-defenseurs-blesses-cote-unioniste-un-joueur-prete-par-tottenham-sur-le-banc-cote-trudonnaire-les-compos-probables-avant-saint-trond-union-JVRK65ZIA5HSXIP2ALU4GLIUVI\/\" target=\"_self\" class=\"ap-StoryInterstitialLink ap-StoryElement ap-StoryElement--mb js-paywall-target\" rel=\"nofollow noopener\">Deuxi\u00e8me 3-0 en seulement quatre jours pour l&rsquo;Union, qui ne fait qu&rsquo;une bouch\u00e9e de Saint-Trond \u2013<\/a><\/p>\n<p class=\"ap-StoryElement ap-StoryElement--mb ap-StoryText\">Patris aurait pu marquer au bout de onze minutes, d\u00e9j\u00e0, mais son tir n&rsquo;\u00e9tait qu&rsquo;un \u00e9chauffement avant de cadrer une dizaine de minutes plus tard sur un joli service de Biondic. Un tout premier but sous les couleurs saint-gilloises qu&rsquo;il n&rsquo;a pas c\u00e9l\u00e9br\u00e9, par respect pour les supporters des Canaris.<\/p>\n<p class=\"ap-StoryElement ap-StoryElement--mb ap-StoryText\">Il aurait pu avoir l&rsquo;occasion d&rsquo;en mettre au moins deux autres avant la pause mais il a plusieurs fois \u00e9t\u00e9 snob\u00e9 par ses \u00e9quipiers. M\u00eame si tout n&rsquo;a pas \u00e9t\u00e9 parfait dans un match qu&rsquo;il a fini \u00e0 gauche, Patris devra continuer \u00e0 aligner ce genre de performance pour d\u00e9finitivement gagner la confiance du vestiaire.<\/p>\n<p>L&rsquo;examen sera d&rsquo;abord pour Charleroi samedi<\/p>\n<p class=\"ap-StoryElement ap-StoryElement--mb ap-StoryText\">Totalement inoffensif en premi\u00e8re p\u00e9riode (0,06 de but attendu), Saint-Trond n&rsquo;a rien chang\u00e9 pendant la pause. Et rien n&rsquo;a chang\u00e9 sur la pelouse non plus. Tranquille malgr\u00e9 un septi\u00e8me carton jaune en sept matchs cette saison, Mac Allister a repris un coup franc pr\u00e9cis de Zeneli dans le petit rectangle avant l&rsquo;heure de jeu. Puis le petit Mofokeng a conclu une tr\u00e8s belle phase collective huit minutes plus tard.<\/p>\n<p class=\"ap-StoryElement ap-StoryElement--mb ap-StoryText\">Trois buts marqu\u00e9s, c&rsquo;est quasi le tarif minimum pour les hommes de David Hubert cette saison. Apr\u00e8s Bodo Glimt \u00e0 l&rsquo;aller, Westerlo (qui en avait carr\u00e9ment pris cinq) et Anderlecht dimanche, c&rsquo;est d\u00e9j\u00e0 la quatri\u00e8me fois que l&rsquo;Union fait exploser la d\u00e9fense adverse.<\/p>\n<p class=\"ap-StoryElement ap-StoryElement--mb ap-StoryText\">De l&rsquo;autre c\u00f4t\u00e9, Koffi a encha\u00een\u00e9 une troisi\u00e8me clean sheet pour sa troisi\u00e8me titularisation. Il a \u00e9t\u00e9 tellement tranquille pendant sa soir\u00e9e au Stayen qu&rsquo;il a laiss\u00e9 l&rsquo;arr\u00eat sur la plus belle action trudonnaire \u00e0\u2026 Sebaoui, dont le dos a repouss\u00e9 sur la ligne le tir de son \u00e9quipier Bazdar.<\/p>\n<p class=\"ap-StoryElement ap-StoryElement--mb ap-StoryText\">Oui, l&rsquo;Union semble bien avoir repris sa place en Pro League. Le match contre Charleroi m\u00e9ritera d&rsquo;\u00eatre vu samedi. Et ce sera sans doute plus un examen pour le leader que pour le vice-champion.<\/p>\n<p>Le technique<\/p>\n<p class=\"ap-StoryElement ap-StoryElement--mb ap-StoryText\">SAINT-TROND : Kokubo ; Vanwesemael (73e Hata), Janssens, Musliu, Pupe ; Ishiwatari (57e Merlen), Sissako ; Muja (73e Shinkawa), Araki (65e Matsuzawa), Sebaoui ; Diouf (57e Bazdar).<\/p>\n<p class=\"ap-StoryElement ap-StoryElement--mb ap-StoryText\">UNION : Koffi ; Mac Allister, Sylla, Kricfalusi ; Patris, Van De Perre (72e Schoofs), Zorgane, Zeneli (79e Florucz), Guilherme (65e De Roeve) ; Biondic (72e Keita), Mofokeng (65e Olaru).<\/p>\n<p class=\"ap-StoryElement ap-StoryElement--mb ap-StoryText\">Arbitre : Nathan Verboomen.<\/p>\n<p class=\"ap-StoryElement ap-StoryElement--mb ap-StoryText\">Cartes jaunes : Mac Allister, Sissako, Vanwesemael, Ishiwatari, Van De Perre.<\/p>\n<p class=\"ap-StoryElement ap-StoryElement--mb ap-StoryText\">Buts : 23e Patris (0-1), 55e Mac Allister (0-2), 63e Mofokeng (0-3).<\/p>\n","protected":false},"excerpt":{"rendered":"Deuxi\u00e8me 3-0 en seulement quatre jours pour l&rsquo;Union, qui ne fait qu&rsquo;une bouch\u00e9e de Saint-Trond \u2013 Patris aurait&hellip;\n","protected":false},"author":2,"featured_media":236935,"comment_status":"","ping_status":"","sticky":false,"template":"","format":"standard","meta":{"footnotes":"","_share_on_mastodon":"0"},"categories":[8],"tags":[10,142,12,13,18,17,1074,143,1441,645,11],"class_list":["post-236934","post","type-post","status-publish","format-standard","has-post-thumbnail","category-actualites","tag-actualites","tag-anderlecht","tag-be","tag-be-fr","tag-belgique","tag-belgium","tag-bruges","tag-charleroi","tag-gand","tag-louvain","tag-news"],"share_on_mastodon":{"url":"https:\/\/pubeurope.com\/@be_fr\/117204320699996928","error":""},"_links":{"self":[{"href":"https:\/\/www.europesays.com\/be-fr\/wp-json\/wp\/v2\/posts\/236934","targetHints":{"allow":["GET"]}}],"collection":[{"href":"https:\/\/www.europesays.com\/be-fr\/wp-json\/wp\/v2\/posts"}],"about":[{"href":"https:\/\/www.europesays.com\/be-fr\/wp-json\/wp\/v2\/types\/post"}],"author":[{"embeddable":true,"href":"https:\/\/www.europesays.com\/be-fr\/wp-json\/wp\/v2\/users\/2"}],"replies":[{"embeddable":true,"href":"https:\/\/www.europesays.com\/be-fr\/wp-json\/wp\/v2\/comments?post=236934"}],"version-history":[{"count":0,"href":"https:\/\/www.europesays.com\/be-fr\/wp-json\/wp\/v2\/posts\/236934\/revisions"}],"wp:featuredmedia":[{"embeddable":true,"href":"https:\/\/www.europesays.com\/be-fr\/wp-json\/wp\/v2\/media\/236935"}],"wp:attachment":[{"href":"https:\/\/www.europesays.com\/be-fr\/wp-json\/wp\/v2\/media?parent=236934"}],"wp:term":[{"taxonomy":"category","embeddable":true,"href":"https:\/\/www.europesays.com\/be-fr\/wp-json\/wp\/v2\/categories?post=236934"},{"taxonomy":"post_tag","embeddable":true,"href":"https:\/\/www.europesays.com\/be-fr\/wp-json\/wp\/v2\/tags?post=236934"}],"curies":[{"name":"wp","href":"https:\/\/api.w.org\/{rel}","templated":true}]}}