{"id":236936,"date":"2026-09-03T00:44:10","date_gmt":"2026-09-03T00:44:10","guid":{"rendered":"https:\/\/www.europesays.com\/be-fr\/236936\/"},"modified":"2026-09-03T00:44:10","modified_gmt":"2026-09-03T00:44:10","slug":"the-voice-nikos-aliagas-donne-son-avis-sur-la-facon-danimer-la-version-belge-de-jeremie-baise-sur-la-rtbf-video","status":"publish","type":"post","link":"https:\/\/www.europesays.com\/be-fr\/236936\/","title":{"rendered":"\u00ab\u00a0The Voice\u00a0\u00bb\u00a0: Nikos Aliagas donne son avis sur la fa\u00e7on d\u2019animer la version belge de J\u00e9r\u00e9mie Baise sur la RTBF (vid\u00e9o)"},"content":{"rendered":"<p>En mars 2025, on apprenait que J\u00e9r\u00e9mie Baise reprenait l\u2019animation de \u00ab\u00a0The Voice Belgique\u00a0\u00bb suite au d\u00e9part de Maureen Louys de la RTBF.<\/p>\n<p>Le jeune homme, qu\u2019on retrouve d\u00e9sormais aux commandes du 8\/9 sur VivaCit\u00e9 et la Une, a r\u00e9ussi \u00e0 imposer sa patte. Mais qu\u2019en pense Nikos Aliagas, animateur de la version fran\u00e7aise, sur TF1\u00a0?<\/p>\n<p>Invit\u00e9 de VivaCit\u00e9 pour \u00e9voquer son expo de photos \u00e0 Ans, pr\u00e8s de Li\u00e8ge, Nikos Aliagas a donn\u00e9 son avis sur l\u2019animation de J\u00e9r\u00e9mie Baise\u00a0: \u00ab\u00a0Je te suis et je trouve que tu as exactement compris l\u2019esprit de The Voice. L\u2019animation, c\u2019est une chose, mais \u00e0 The Voice, tu ne peux pas \u00eatre qu\u2019animateur, tu es un accompagnateur d\u2019\u00e2me. Un peu comme dans la photographie. Ce que tu re\u00e7ois J\u00e9r\u00e9mie comme recharge\u2026 Je t\u2019ai vu, j\u2019ai vu les extraits avec les familles derri\u00e8re, c\u2019est pas rien.\u00a0\u00bb<\/p>\n","protected":false},"excerpt":{"rendered":"En mars 2025, on apprenait que J\u00e9r\u00e9mie Baise reprenait l\u2019animation de \u00ab\u00a0The Voice Belgique\u00a0\u00bb suite au d\u00e9part de&hellip;\n","protected":false},"author":2,"featured_media":236937,"comment_status":"","ping_status":"","sticky":false,"template":"","format":"standard","meta":{"footnotes":"","_share_on_mastodon":"0"},"categories":[83],"tags":[4365,73348,64075,33034,12,13,6872,18,17,96,6449,95,22013,48100,73347,38606,139,1515],"class_list":["post-236936","post","type-post","status-publish","format-standard","has-post-thumbnail","category-divertissement","tag-the","tag-aliagas","tag-animer","tag-baise","tag-be","tag-be-fr","tag-belge","tag-belgique","tag-belgium","tag-divertissement","tag-donne","tag-entertainment","tag-facon","tag-jeremie","tag-nikos","tag-version","tag-video","tag-voice"],"share_on_mastodon":{"url":"https:\/\/pubeurope.com\/@be_fr\/117204344088745950","error":""},"_links":{"self":[{"href":"https:\/\/www.europesays.com\/be-fr\/wp-json\/wp\/v2\/posts\/236936","targetHints":{"allow":["GET"]}}],"collection":[{"href":"https:\/\/www.europesays.com\/be-fr\/wp-json\/wp\/v2\/posts"}],"about":[{"href":"https:\/\/www.europesays.com\/be-fr\/wp-json\/wp\/v2\/types\/post"}],"author":[{"embeddable":true,"href":"https:\/\/www.europesays.com\/be-fr\/wp-json\/wp\/v2\/users\/2"}],"replies":[{"embeddable":true,"href":"https:\/\/www.europesays.com\/be-fr\/wp-json\/wp\/v2\/comments?post=236936"}],"version-history":[{"count":0,"href":"https:\/\/www.europesays.com\/be-fr\/wp-json\/wp\/v2\/posts\/236936\/revisions"}],"wp:featuredmedia":[{"embeddable":true,"href":"https:\/\/www.europesays.com\/be-fr\/wp-json\/wp\/v2\/media\/236937"}],"wp:attachment":[{"href":"https:\/\/www.europesays.com\/be-fr\/wp-json\/wp\/v2\/media?parent=236936"}],"wp:term":[{"taxonomy":"category","embeddable":true,"href":"https:\/\/www.europesays.com\/be-fr\/wp-json\/wp\/v2\/categories?post=236936"},{"taxonomy":"post_tag","embeddable":true,"href":"https:\/\/www.europesays.com\/be-fr\/wp-json\/wp\/v2\/tags?post=236936"}],"curies":[{"name":"wp","href":"https:\/\/api.w.org\/{rel}","templated":true}]}}