{"id":236966,"date":"2026-09-03T01:42:11","date_gmt":"2026-09-03T01:42:11","guid":{"rendered":"https:\/\/www.europesays.com\/be-fr\/236966\/"},"modified":"2026-09-03T01:42:11","modified_gmt":"2026-09-03T01:42:11","slug":"un-smartphone-gaming-etanche-equipe-de-deux-ventilateurs-oukitel-devoile-le-wp600","status":"publish","type":"post","link":"https:\/\/www.europesays.com\/be-fr\/236966\/","title":{"rendered":"Un smartphone gaming \u00e9tanche \u00e9quip\u00e9 de deux ventilateurs : Oukitel d\u00e9voile le WP600"},"content":{"rendered":"<p class=\"bodytext\">De nos jours, les ventilateurs font pratiquement partie int\u00e9grante des smartphones gaming haut de gamme. Comme un ventilateur permet de refroidir le processeur plus efficacement, il am\u00e9liore g\u00e9n\u00e9ralement consid\u00e9rablement les performances en cas de charge soutenue. Mais alors que la plupart des mod\u00e8les n\u2019utilisent qu\u2019un seul ventilateur, Oukitel a \u00e9quip\u00e9 le WP600 de deux ventilateurs, dot\u00e9s chacun d\u2019un \u00e9clairage RVB, qui occupent une place pr\u00e9pond\u00e9rante \u00e0 l\u2019arri\u00e8re du smartphone.&#13;<\/p>\n<p class=\"bodytext\">Le module cam\u00e9ra abrite \u00e9galement un capteur principal de 108 m\u00e9gapixels, capable d\u2019enregistrer des vid\u00e9os en 4K, ainsi qu\u2019un flash LED. Avec sa face arri\u00e8re jaune dot\u00e9e d\u2019une petite fen\u00eatre permettant de voir la carte m\u00e8re, l\u2019Oukitel WP600 ne pourrait gu\u00e8re \u00eatre plus accrocheur. Bien que ce smartphone ne soit pas particuli\u00e8rement fin, il dispose d\u2019une batterie de 10 000 mAh pouvant \u00eatre recharg\u00e9e via un c\u00e2ble USB-C \u00e0 une puissance pouvant atteindre 45 watts. Malgr\u00e9 la pr\u00e9sence des deux ventilateurs, le bo\u00eetier est certifi\u00e9 IP69K et donc \u00e9tanche.&#13;<\/p>\n<p class=\"bodytext\">Les performances de jeu sont assur\u00e9es par un <a href=\"https:\/\/www.notebookcheck.biz\/Mediatek-Dimensity-8300-Notebook-Processor.959676.0.html\" target=\"_self\" class=\"internal-link\" rel=\"nofollow noopener\">MediaTek Dimensity 8300<\/a>, qui int\u00e8gre quatre c\u0153urs de performance ARM Cortex-A715 modernes, avec des fr\u00e9quences d&rsquo;horloge boost\u00e9es pouvant atteindre 3,35 GHz, ainsi que quatre c\u0153urs d&rsquo;efficacit\u00e9 Cortex-A510. De plus, Oukitel int\u00e8gre jusqu\u2019\u00e0 24 Go de m\u00e9moire vive LPDDR5X et jusqu\u2019\u00e0 1 To de stockage flash UFS 4.0. L&rsquo;\u00e9cran de 6,8 pouces offre une r\u00e9solution de 1 080p+ et un taux de rafra\u00eechissement de 120 Hz. Oukitel n&rsquo;a pas encore confirm\u00e9 la date de sortie ni le prix du WP600.<br \/>\u00a0<\/p>\n","protected":false},"excerpt":{"rendered":"De nos jours, les ventilateurs font pratiquement partie int\u00e9grante des smartphones gaming haut de gamme. Comme un ventilateur&hellip;\n","protected":false},"author":2,"featured_media":236967,"comment_status":"","ping_status":"","sticky":false,"template":"","format":"standard","meta":{"footnotes":"","_share_on_mastodon":"0"},"categories":[70],"tags":[12,13,18,17,73375,1289,1587,1941,7620,1285,73374,1287,67135,1286,16911,73,71,75,72,1512,76,74,1288,73376],"class_list":["post-236966","post","type-post","status-publish","format-standard","has-post-thumbnail","category-sciences-et-technologies","tag-be","tag-be-fr","tag-belgique","tag-belgium","tag-double-ventilateur","tag-informations-sur-des-ordinateurs-portatifs","tag-jeu","tag-lancement","tag-milieu-de-gamme","tag-nouvelles","tag-oukitel-wp600","tag-rapport","tag-resistant","tag-revues","tag-robuste","tag-science","tag-science-and-technology","tag-sciences","tag-sciences-et-technologies","tag-smartphone","tag-technologies","tag-technology","tag-test","tag-usage-en-exterieur"],"share_on_mastodon":{"url":"https:\/\/pubeurope.com\/@be_fr\/117204572169793570","error":""},"_links":{"self":[{"href":"https:\/\/www.europesays.com\/be-fr\/wp-json\/wp\/v2\/posts\/236966","targetHints":{"allow":["GET"]}}],"collection":[{"href":"https:\/\/www.europesays.com\/be-fr\/wp-json\/wp\/v2\/posts"}],"about":[{"href":"https:\/\/www.europesays.com\/be-fr\/wp-json\/wp\/v2\/types\/post"}],"author":[{"embeddable":true,"href":"https:\/\/www.europesays.com\/be-fr\/wp-json\/wp\/v2\/users\/2"}],"replies":[{"embeddable":true,"href":"https:\/\/www.europesays.com\/be-fr\/wp-json\/wp\/v2\/comments?post=236966"}],"version-history":[{"count":0,"href":"https:\/\/www.europesays.com\/be-fr\/wp-json\/wp\/v2\/posts\/236966\/revisions"}],"wp:featuredmedia":[{"embeddable":true,"href":"https:\/\/www.europesays.com\/be-fr\/wp-json\/wp\/v2\/media\/236967"}],"wp:attachment":[{"href":"https:\/\/www.europesays.com\/be-fr\/wp-json\/wp\/v2\/media?parent=236966"}],"wp:term":[{"taxonomy":"category","embeddable":true,"href":"https:\/\/www.europesays.com\/be-fr\/wp-json\/wp\/v2\/categories?post=236966"},{"taxonomy":"post_tag","embeddable":true,"href":"https:\/\/www.europesays.com\/be-fr\/wp-json\/wp\/v2\/tags?post=236966"}],"curies":[{"name":"wp","href":"https:\/\/api.w.org\/{rel}","templated":true}]}}