{"id":236994,"date":"2026-09-03T02:23:26","date_gmt":"2026-09-03T02:23:26","guid":{"rendered":"https:\/\/www.europesays.com\/be-fr\/236994\/"},"modified":"2026-09-03T02:23:26","modified_gmt":"2026-09-03T02:23:26","slug":"la-russie-joue-un-jeu-extremement-dangereux-si-cet-avion-avait-explose-nous-aurions-ete-au-bord-de-lacte-de-guerre","status":"publish","type":"post","link":"https:\/\/www.europesays.com\/be-fr\/236994\/","title":{"rendered":"La Russie joue un jeu extr\u00eamement dangereux\u00a0: si cet avion avait explos\u00e9, nous aurions \u00e9t\u00e9 au bord de l&rsquo;acte de guerre"},"content":{"rendered":"<p class=\"ap-StoryElement ap-StoryElement--mb ap-StoryText\">\u00ab\u00a0La Russie joue \u00e0 un jeu extr\u00eamement dangereux\u00a0\u00bb, juge le professeur de relations internationales de l&rsquo;UGent Sven Biscop, interrog\u00e9 par nos confr\u00e8res de <a href=\"https:\/\/www.hln.be\/buitenland\/dreigt-volledige-escalatie-nu-rusland-en-duitsland-met-elkaar-overhoop-liggen-we-moeten-ons-voorbereiden-want-dit-is-iets-van-lange-duur~a97539d8\/\" target=\"_blank\" rel=\"noreferrer noopener nofollow\">HLN<\/a>. \u00ab\u00a0Si cet avion avait explos\u00e9 et fait des victimes, nous aurions \u00e9t\u00e9 au bord de l&rsquo;acte de guerre, et donc du d\u00e9clenchement de l&rsquo;article 5 de l&rsquo;OTAN\u00a0\u00bb.<\/p>\n<p class=\"ap-StoryElement ap-StoryElement--mb ap-StoryText\">L&rsquo;article 5 du Trait\u00e9 de l&rsquo;Atlantique Nord est clair : \u00ab\u00a0une attaque arm\u00e9e contre un membre de l&rsquo;OTAN est consid\u00e9r\u00e9e comme une attaque dirig\u00e9e contre tous\u00a0\u00bb. La Belgique est le reste de l&rsquo;organisation inclus, donc.<\/p>\n<p><a href=\"https:\/\/www.lalibre.be\/international\/europe\/2026\/09\/02\/attaque-dejouee-a-leipzig-deux-suspects-au-passeport-russe-identifies-5FANPUSDVRHG7KHAAPKV35SWOA\/\" target=\"_self\" class=\"ap-StoryInterstitialLink ap-StoryElement ap-StoryElement--mb\" rel=\"nofollow noopener\">Attaque d\u00e9jou\u00e9e \u00e0 Leipzig: deux suspects au passeport russe identifi\u00e9s<\/a>La r\u00e9ponse de l&rsquo;OTAN<\/p>\n<p class=\"ap-StoryElement ap-StoryElement--mb ap-StoryText\">Face \u00e0 cet acte d&rsquo;agression \u00e9vit\u00e9, le professeur trouve n\u00e9cessaire d&rsquo;offrir une r\u00e9ponse forte \u00e0 la Russie, soulignant que cette op\u00e9ration n&rsquo;a pas intimid\u00e9 le bloc, via un soutien renouvel\u00e9 \u00e0 l&rsquo;Ukraine, par exemple.<\/p>\n<p class=\"ap-StoryElement ap-StoryElement--mb ap-StoryText\">Pour Sven Biscop, malgr\u00e9 les sanctions et autres prises de position, il est peu probable que la Russie s&rsquo;arr\u00eate en si bon chemin. \u00ab\u00a0Nous devons nous y pr\u00e9parer\u00a0\u00bb, avertit le professeur. \u00ab\u00a0C&rsquo;est une lutte de longue haleine\u00a0\u00bb.<\/p>\n<p><a href=\"https:\/\/www.lalibre.be\/international\/europe\/2026\/09\/01\/attaque-dejouee-a-leipzig-maxime-prevot-exprime-sa-totale-solidarite-avec-lallemagne-ATNSEIM4SFA6VHFSTZGVIHTVOE\/\" target=\"_self\" class=\"ap-StoryInterstitialLink ap-StoryElement ap-StoryElement--mb\" rel=\"nofollow noopener\">Attaque d\u00e9jou\u00e9e \u00e0 Leipzig: Maxime Pr\u00e9vot exprime sa \u00ab\u00a0totale solidarit\u00e9\u00a0\u00bb avec l&rsquo;Allemagne<\/a><\/p>\n<p class=\"ap-StoryElement ap-StoryElement--mb ap-StoryText\">De quoi pousser l&rsquo;alliance \u00e0 s\u00e9vir, notamment dans ses actions contre la Russie ? L&rsquo;OTAN est une \u00ab\u00a0alliance d\u00e9fensive\u00a0\u00bb, rappelle le professeur. \u00ab\u00a0Toutefois, si les Russes attaquent et que nous devons riposter, nous pourrions tr\u00e8s bien cibler un objectif militaire russe. Les Russes imaginent peut-\u00eatre que nous n&rsquo;oserions pas franchir ce pas, mais nous ne sommes pas si frileux\u00a0\u00bb.<\/p>\n","protected":false},"excerpt":{"rendered":"\u00ab\u00a0La Russie joue \u00e0 un jeu extr\u00eamement dangereux\u00a0\u00bb, juge le professeur de relations internationales de l&rsquo;UGent Sven Biscop,&hellip;\n","protected":false},"author":2,"featured_media":236995,"comment_status":"","ping_status":"","sticky":false,"template":"","format":"standard","meta":{"footnotes":"","_share_on_mastodon":"0"},"categories":[9],"tags":[12,13,18,17,1276,31,2509,32],"class_list":["post-236994","post","type-post","status-publish","format-standard","has-post-thumbnail","category-international","tag-be","tag-be-fr","tag-belgique","tag-belgium","tag-conflit-russie-ukraine","tag-international","tag-vladimir-poutine","tag-world-news"],"share_on_mastodon":{"url":"https:\/\/pubeurope.com\/@be_fr\/117204733399517789","error":""},"_links":{"self":[{"href":"https:\/\/www.europesays.com\/be-fr\/wp-json\/wp\/v2\/posts\/236994","targetHints":{"allow":["GET"]}}],"collection":[{"href":"https:\/\/www.europesays.com\/be-fr\/wp-json\/wp\/v2\/posts"}],"about":[{"href":"https:\/\/www.europesays.com\/be-fr\/wp-json\/wp\/v2\/types\/post"}],"author":[{"embeddable":true,"href":"https:\/\/www.europesays.com\/be-fr\/wp-json\/wp\/v2\/users\/2"}],"replies":[{"embeddable":true,"href":"https:\/\/www.europesays.com\/be-fr\/wp-json\/wp\/v2\/comments?post=236994"}],"version-history":[{"count":0,"href":"https:\/\/www.europesays.com\/be-fr\/wp-json\/wp\/v2\/posts\/236994\/revisions"}],"wp:featuredmedia":[{"embeddable":true,"href":"https:\/\/www.europesays.com\/be-fr\/wp-json\/wp\/v2\/media\/236995"}],"wp:attachment":[{"href":"https:\/\/www.europesays.com\/be-fr\/wp-json\/wp\/v2\/media?parent=236994"}],"wp:term":[{"taxonomy":"category","embeddable":true,"href":"https:\/\/www.europesays.com\/be-fr\/wp-json\/wp\/v2\/categories?post=236994"},{"taxonomy":"post_tag","embeddable":true,"href":"https:\/\/www.europesays.com\/be-fr\/wp-json\/wp\/v2\/tags?post=236994"}],"curies":[{"name":"wp","href":"https:\/\/api.w.org\/{rel}","templated":true}]}}