{"id":237062,"date":"2026-09-03T04:00:36","date_gmt":"2026-09-03T04:00:36","guid":{"rendered":"https:\/\/www.europesays.com\/be-fr\/237062\/"},"modified":"2026-09-03T04:00:36","modified_gmt":"2026-09-03T04:00:36","slug":"une-voiture-finit-dans-une-impasse-apres-une-course-poursuite-avec-la-police-a-evere-il-y-a-eu-un-enorme-bruit","status":"publish","type":"post","link":"https:\/\/www.europesays.com\/be-fr\/237062\/","title":{"rendered":"Une voiture finit dans une impasse apr\u00e8s une course-poursuite avec la police \u00e0 Evere\u00a0: \u00ab\u00a0Il y a eu un \u00e9norme bruit\u00a0\u00bb"},"content":{"rendered":"<p>Les faits se sont produits au Hertogswegel, une petite ruelle perpendiculaire \u00e0 la rue \u00c9douard Deknoop. Une Renault Clio y a termin\u00e9 sa course contre un muret, apr\u00e8s ce qui aurait \u00e9t\u00e9 une course-poursuite avec les forces de l\u2019ordre. Selon les premiers \u00e9l\u00e9ments recueillis sur place, le v\u00e9hicule serait arriv\u00e9 depuis le secteur de l\u2019arr\u00eat de bus Fonson avant de s\u2019engager dans la rue \u00c9douard Deknoop. Plusieurs riverains ont assist\u00e9 \u00e0 une partie de la sc\u00e8ne.<\/p>\n","protected":false},"excerpt":{"rendered":"Les faits se sont produits au Hertogswegel, une petite ruelle perpendiculaire \u00e0 la rue \u00c9douard Deknoop. Une Renault&hellip;\n","protected":false},"author":2,"featured_media":237063,"comment_status":"","ping_status":"","sticky":false,"template":"","format":"standard","meta":{"footnotes":"","_share_on_mastodon":"0"},"categories":[2],"tags":[4568,7335,12,13,18,17,27170,42844,12890,3934,18820,28141,22,69],"class_list":["post-237062","post","type-post","status-publish","format-standard","has-post-thumbnail","category-belgique","tag-il","tag-apres","tag-be","tag-be-fr","tag-belgique","tag-belgium","tag-bruit","tag-course-poursuite","tag-enorme","tag-evere","tag-finit","tag-impasse","tag-police","tag-voiture"],"share_on_mastodon":{"url":"https:\/\/pubeurope.com\/@be_fr\/117205115074260152","error":""},"_links":{"self":[{"href":"https:\/\/www.europesays.com\/be-fr\/wp-json\/wp\/v2\/posts\/237062","targetHints":{"allow":["GET"]}}],"collection":[{"href":"https:\/\/www.europesays.com\/be-fr\/wp-json\/wp\/v2\/posts"}],"about":[{"href":"https:\/\/www.europesays.com\/be-fr\/wp-json\/wp\/v2\/types\/post"}],"author":[{"embeddable":true,"href":"https:\/\/www.europesays.com\/be-fr\/wp-json\/wp\/v2\/users\/2"}],"replies":[{"embeddable":true,"href":"https:\/\/www.europesays.com\/be-fr\/wp-json\/wp\/v2\/comments?post=237062"}],"version-history":[{"count":0,"href":"https:\/\/www.europesays.com\/be-fr\/wp-json\/wp\/v2\/posts\/237062\/revisions"}],"wp:featuredmedia":[{"embeddable":true,"href":"https:\/\/www.europesays.com\/be-fr\/wp-json\/wp\/v2\/media\/237063"}],"wp:attachment":[{"href":"https:\/\/www.europesays.com\/be-fr\/wp-json\/wp\/v2\/media?parent=237062"}],"wp:term":[{"taxonomy":"category","embeddable":true,"href":"https:\/\/www.europesays.com\/be-fr\/wp-json\/wp\/v2\/categories?post=237062"},{"taxonomy":"post_tag","embeddable":true,"href":"https:\/\/www.europesays.com\/be-fr\/wp-json\/wp\/v2\/tags?post=237062"}],"curies":[{"name":"wp","href":"https:\/\/api.w.org\/{rel}","templated":true}]}}