{"id":237104,"date":"2026-09-03T05:15:12","date_gmt":"2026-09-03T05:15:12","guid":{"rendered":"https:\/\/www.europesays.com\/be-fr\/237104\/"},"modified":"2026-09-03T05:15:12","modified_gmt":"2026-09-03T05:15:12","slug":"faire-quelque-chose-qui-me-ressemble-mona-guba-en-escale-poetique-pour-les-jeudis-locos-a-dinan","status":"publish","type":"post","link":"https:\/\/www.europesays.com\/be-fr\/237104\/","title":{"rendered":"\u00ab\u00a0Faire quelque chose qui me ressemble\u00a0\u00bb\u00a0: Mona Guba en escale po\u00e9tique pour les Jeudis Locos \u00e0 Dinan"},"content":{"rendered":"<p>Une voix douce et des yeux d\u2019un bleu qui transpercent, tout comme les paroles de ses freestyles. Un exercice dans lequel <a href=\"https:\/\/www.instagram.com\/monaguba_\/\" target=\"_blank\" rel=\"nofollow noopener\">Mona Guba<\/a> excelle, notamment depuis qu\u2019elle d\u00e9clame ses textes aux c\u00f4t\u00e9s de Kyan Khojandi dans son \u00e9mission \u00ab Un bon moment \u00bb. Mais Mona Guba, ce n\u2019est pas qu\u2019une b\u00eate de textes, c\u2019est aussi une pr\u00e9sence qui envo\u00fbtera la sc\u00e8ne des Jeudis Locos, ce jeudi 3 septembre au pied des remparts de Dinan.<\/p>\n<p>Du kung-fu \u00e0 la sc\u00e8ne<\/p>\n<p>\u00ab Je m\u2019appelle Mona Guba. C\u2019est mon nom de sc\u00e8ne, et aussi celui qui figure sur ma carte d\u2019identit\u00e9 \u00bb. Du haut de ses 26 ans, l\u2019artiste a grandi \u00e0 Avignon. \u00ab Je viens du conservatoire donc j\u2019ai une formation de musique classique \u00e0 la base \u00bb, souligne la rappeuse. \u00c0 peine \u00e2g\u00e9e de 4 ans, la musique la trouve au travers de la fl\u00fbte traversi\u00e8re, qu\u2019elle pratique au conservatoire. Une rigueur d\u2019apprentissage dont elle se sert, quelques ann\u00e9es plus tard, sur les tatamis. Ancienne membre de l\u2019\u00e9quipe de France de kung-fu wushu, elle remporte la m\u00e9daille de bronze aux championnats d\u2019Europe en 2020. Elle arr\u00eate la comp\u00e9tition \u00e0 22 ans, mais sa hargne et sa discipline restent intactes.<\/p>\n<p>\u00ab Je fais de la musique depuis toute petite, mais je me suis professionnalis\u00e9e qu\u2019au d\u00e9but de l\u2019\u00e2ge adulte, souligne Mona. J\u2019ai commenc\u00e9 dans ma chambre et je me suis dit que ce serait vraiment cool d\u2019en faire mon m\u00e9tier ! Aujourd\u2019hui, j\u2019ai un projet surtout centr\u00e9 autour du texte, que je d\u00e9veloppe et je travaille. \u00bb Autodidacte, elle commence \u00e0 publier ses freestyles sur les r\u00e9seaux sociaux. Son \u00e9criture ac\u00e9r\u00e9e et authentique, o\u00f9 se m\u00ealent engagement f\u00e9ministe, critique du sexisme et touches d\u2019autod\u00e9rision, la propulse vite sur le devant de la sc\u00e8ne. \u00ab J\u2019ai commenc\u00e9 \u00e0 poser des vid\u00e9os sur internet, \u00e0 rencontrer des gens, \u00e0 rencontrer des musiciens \u00e0 faire des sc\u00e8nes ouvertes \u00bb, explique l\u2019artiste. Jusqu\u2019\u00e0 ce qu\u2019en novembre 2025, Kyan Khojandi l\u2019invite \u00e0 rejoindre son \u00e9mission \u00ab<a href=\"https:\/\/www.canalplus.com\/divertissement\/un-bon-moment\/h\/14865815_50001\" target=\"_blank\" rel=\"nofollow noopener\"> Un bon moment<\/a> \u00bb.<\/p>\n<p>Inspir\u00e9e par les textes de Diam\u2019s ou Orelsan<\/p>\n<p>Pour la jeune rappeuse, le d\u00e9fi est taille : chaque semaine, elle n\u2019a que 48 heures pour ciseler son texte avant d\u2019entrer en plateau. L\u2019enregistrement se fait sans prompteur ni notes, ses yeux bleus plong\u00e9s dans ceux des invit\u00e9s. Parfois m\u00eame, ceux qui l\u2019inspirent dans son art : Diam\u2019s, Orelsan, Bigflo et Oli\u2026 \u00ab J\u2019\u00e9coute vraiment de tout et dans ma musique, j\u2019essaie d\u2019avoir de toutes les influences, que ce soit que ce soit li\u00e9 au rap ou pas du tout. J\u2019\u00e9coute aussi du rock, des choses plus soul, de la pop\u2026 En fait, j\u2019ai d\u00e9couvert la musique avant de d\u00e9couvrir le rap, et je pense que \u00e7a s\u2019entend. \u00bb<\/p>\n<p><img decoding=\"async\" src=\"https:\/\/www.europesays.com\/be-fr\/wp-content\/uploads\/2026\/09\/6a989ca86562de253107126b.1.jpeg\" width=\"480\" height=\"300\" class=\"web_golden_m\" loading=\"lazy\" alt=\"Au centre des textes de Mona Guba, un engagement fort sur la place des femmes, la lutte contre le sexisme, le d\u00e9passement de soi, le vivre ensemble ou encore les injustices sociales.\"\/>Au centre des textes de Mona Guba, un engagement fort sur la place des femmes, la lutte contre le sexisme, le d\u00e9passement de soi, le vivre ensemble ou encore les injustices sociales. (Le T\u00e9l\u00e9gramme\/\u00c9tienne Oliveau)<\/p>\n<p>Avec toujours au centre de ses textes, un engagement fort sur la place des femmes, la lutte contre le sexisme, le d\u00e9passement de soi, le vivre ensemble ou encore les injustices sociales. Mona Guba, ce n\u2019est pas seulement des textes : c\u2019est aussi des images, des souvenirs, un rythme. Le tout enrob\u00e9 d\u2019une douceur et d\u2019une po\u00e9sie qui poussent \u00e0 la r\u00e9flexion.<\/p>\n<p>\u00ab Je mets tout ce que j\u2019aime dans ce concert \u00bb<\/p>\n<p><a href=\"https:\/\/www.letelegramme.fr\/cotes-d-armor\/dinan-22100\/a-dinan-les-jeudis-locos-prolongent-lete-en-musique-7109176.php\" target=\"_blank\" rel=\"nofollow noopener\">Sur la sc\u00e8ne des Jeudis Locos, ce jeudi 3 septembre<\/a>, Mona Guba viendra distiller ses textes, mais pas que. \u00ab J\u2019essaie de mettre un peu tout ce que j\u2019aime et tout ce qui m\u2019influence dans ce concert, pr\u00e9cise la chanteuse. J\u2019adore chanter, j\u2019adore la musique acoustique, autant que j\u2019aime les samples, le hip-hop et la musique \u00e9lectronique : je veux faire quelque chose qui me ressemble, et qui est coh\u00e9rent avec ce que je suis. \u00bb Mais pas question pour elle d\u2019en dire plus, elle pr\u00e9f\u00e8re vous laisser la surprise.<\/p>\n<p><img decoding=\"async\" src=\"https:\/\/www.europesays.com\/be-fr\/wp-content\/uploads\/2026\/09\/6a989ca86ba1e9e3d00227de.1.jpeg\" width=\"480\" height=\"300\" class=\"web_golden_m\" loading=\"lazy\" alt=\"Ce jeudi 3\u00a0septembre, Mona Guba sera sur la sc\u00e8ne des Jeudis Locos au Square des Dinantais \u00e0 partir de 19h.\"\/>Ce jeudi 3\u00a0septembre, Mona Guba sera sur la sc\u00e8ne des Jeudis Locos au Square des Dinantais \u00e0 partir de 19h. (Le T\u00e9l\u00e9gramme\/Alexandre Le Mou\u00ebl)<\/p>\n<p>Apr\u00e8s avoir envelopp\u00e9 la place des Dinantais dans son univers, ce jeudi, Mona Guba se dirigera vers les sc\u00e8nes de la F\u00eate de l\u2019Huma le 13 septembre et de la Maroquinerie le 16, ou son concert est d\u00e9j\u00e0 complet pour sa cinquanti\u00e8me date. Sa tourn\u00e9e continuera dans toute la France, ou elle fera \u00e9galement les premi\u00e8res parties de Just Shani ou encore de Sniper.<\/p>\n<p>Comme un accomplissement, son album \u00ab Un bon freestyle \u00bb sortira ce 11 septembre, r\u00e9unissant ses performances marquantes <a href=\"https:\/\/www.youtube.com\/playlist?list=PLo4MFtJjhLWOpNOCHE7U8e1LJY2iRDfU3\" target=\"_blank\" rel=\"nofollow noopener\">dans l\u2019\u00e9mission de Canal +<\/a>. En attendant, la jeune rappeuse le promet : ce jeudi, elle veut apporter de l\u2019\u00e9motion \u00e0 Dinan, \u00ab qu\u2019elle soit joyeuse, triste, m\u00e9lancolique, nostalgique\u2026 C\u2019est \u00e7a qui est plus important sur sc\u00e8ne, c\u2019est de partager, de transmettre aux gens. Je vais me concentrer l\u00e0-dessus, plus que ne pas faire de fausses notes \u00bb.<\/p>\n<p>Pratique<\/p>\n<p class=\"note\">Mona Guba aux Jeudis Locos, square des Dinantais, \u00e0 partir de 19 h. Acc\u00e8s gratuit.<\/p>\n<p><script async src=\"\/\/www.instagram.com\/embed.js\"><\/script><\/p>\n","protected":false},"excerpt":{"rendered":"Une voix douce et des yeux d\u2019un bleu qui transpercent, tout comme les paroles de ses freestyles. Un&hellip;\n","protected":false},"author":2,"featured_media":237105,"comment_status":"","ping_status":"","sticky":false,"template":"","format":"standard","meta":{"footnotes":"","_share_on_mastodon":"0"},"categories":[98],"tags":[52679,12,13,18,17,52678,7223,419,16187,96,2607,95,2673,52667,52663,52690,107,108,52646,52689,52685,52684,52672,52673,52658],"class_list":["post-237104","post","type-post","status-publish","format-standard","has-post-thumbnail","category-musique","tag-aucaleuc","tag-be","tag-be-fr","tag-belgique","tag-belgium","tag-bobital","tag-cotes-darmor","tag-culture","tag-dinan","tag-divertissement","tag-en-continu","tag-entertainment","tag-festival","tag-la-vicomte-sur-rance","tag-langrolay-sur-rance","tag-lanvallay","tag-music","tag-musique","tag-pleslin-trigavou","tag-pleudihen-sur-rance","tag-plouer-sur-rance","tag-quevert","tag-saint-samson-sur-rance","tag-taden","tag-trelivan"],"share_on_mastodon":{"url":"https:\/\/pubeurope.com\/@be_fr\/117205410111258474","error":""},"_links":{"self":[{"href":"https:\/\/www.europesays.com\/be-fr\/wp-json\/wp\/v2\/posts\/237104","targetHints":{"allow":["GET"]}}],"collection":[{"href":"https:\/\/www.europesays.com\/be-fr\/wp-json\/wp\/v2\/posts"}],"about":[{"href":"https:\/\/www.europesays.com\/be-fr\/wp-json\/wp\/v2\/types\/post"}],"author":[{"embeddable":true,"href":"https:\/\/www.europesays.com\/be-fr\/wp-json\/wp\/v2\/users\/2"}],"replies":[{"embeddable":true,"href":"https:\/\/www.europesays.com\/be-fr\/wp-json\/wp\/v2\/comments?post=237104"}],"version-history":[{"count":0,"href":"https:\/\/www.europesays.com\/be-fr\/wp-json\/wp\/v2\/posts\/237104\/revisions"}],"wp:featuredmedia":[{"embeddable":true,"href":"https:\/\/www.europesays.com\/be-fr\/wp-json\/wp\/v2\/media\/237105"}],"wp:attachment":[{"href":"https:\/\/www.europesays.com\/be-fr\/wp-json\/wp\/v2\/media?parent=237104"}],"wp:term":[{"taxonomy":"category","embeddable":true,"href":"https:\/\/www.europesays.com\/be-fr\/wp-json\/wp\/v2\/categories?post=237104"},{"taxonomy":"post_tag","embeddable":true,"href":"https:\/\/www.europesays.com\/be-fr\/wp-json\/wp\/v2\/tags?post=237104"}],"curies":[{"name":"wp","href":"https:\/\/api.w.org\/{rel}","templated":true}]}}