{"id":237188,"date":"2026-09-03T07:00:12","date_gmt":"2026-09-03T07:00:12","guid":{"rendered":"https:\/\/www.europesays.com\/be-fr\/237188\/"},"modified":"2026-09-03T07:00:12","modified_gmt":"2026-09-03T07:00:12","slug":"gal-gadot-mise-a-rude-epreuve-sur-le-tournage-de-son-dernier-film-the-runner-je-me-suis-casse-les-pieds","status":"publish","type":"post","link":"https:\/\/www.europesays.com\/be-fr\/237188\/","title":{"rendered":"Gal Gadot mise \u00e0 rude \u00e9preuve sur le tournage de son dernier film, \u00ab\u00a0The Runner\u00a0\u00bb\u00a0:\u00a0\u00bbJe me suis cass\u00e9 les pieds\u00a0\u00bb"},"content":{"rendered":"<p class=\"ap-StoryElement ap-StoryElement--mb ap-StoryText\">Pour beaucoup de cin\u00e9philes, Gal Gadot restera \u00e0 jamais Wonder Woman. Mais au-del\u00e0 de son r\u00f4le dans la firme Marvel, l&rsquo;actrice s&rsquo;illustre dans bien d&rsquo;autres \u0153uvres, et notamment dans le registre de l&rsquo;action. Depuis ce mercredi 2 septembre, elle est \u00e0 l&rsquo;affiche de The Runner, un thriller diffus\u00e9 sur Prime Video o\u00f9 elle incarne une avocate au c\u0153ur d&rsquo;une course folle \u00e0 travers Londres pour sauver son fils.<\/p>\n<p class=\"ap-StoryElement ap-StoryElement--mb ap-StoryText\">Pour se pr\u00e9parer \u00e0 jouer ce personnage, Gal Gadot a suivi un entra\u00eenement intensif aux c\u00f4t\u00e9s d&rsquo;un coach olympique. Celui-ci lui a notamment appris \u00e0 \u00ab\u00a0courir correctement\u00a0\u00bb, \u00ab\u00a0arr\u00eater d&rsquo;y penser\u00a0\u00bb et acqu\u00e9rir cette \u00ab\u00a0comp\u00e9tence jusqu&rsquo;\u00e0 ce qu&rsquo;elle devienne une seconde nature\u00a0\u00bb, comme elle l&rsquo;a confi\u00e9 au magazine People. Mais cela n&rsquo;a pas suffi \u00e0 lui \u00e9viter de douloureuses blessures.<\/p>\n","protected":false},"excerpt":{"rendered":"Pour beaucoup de cin\u00e9philes, Gal Gadot restera \u00e0 jamais Wonder Woman. Mais au-del\u00e0 de son r\u00f4le dans la&hellip;\n","protected":false},"author":2,"featured_media":237189,"comment_status":"","ping_status":"","sticky":false,"template":"","format":"standard","meta":{"footnotes":"","_share_on_mastodon":"0"},"categories":[102],"tags":[10933,12,13,18,17,129,128,96,95,442,73538,109,7908,73539],"class_list":["post-237188","post","type-post","status-publish","format-standard","has-post-thumbnail","category-people","tag-amazon-prime","tag-be","tag-be-fr","tag-belgique","tag-belgium","tag-celebrities","tag-celebrity","tag-divertissement","tag-entertainment","tag-film","tag-gal-gadot","tag-people","tag-prime-video","tag-the-runner"],"share_on_mastodon":{"url":"https:\/\/pubeurope.com\/@be_fr\/117205822692299032","error":""},"_links":{"self":[{"href":"https:\/\/www.europesays.com\/be-fr\/wp-json\/wp\/v2\/posts\/237188","targetHints":{"allow":["GET"]}}],"collection":[{"href":"https:\/\/www.europesays.com\/be-fr\/wp-json\/wp\/v2\/posts"}],"about":[{"href":"https:\/\/www.europesays.com\/be-fr\/wp-json\/wp\/v2\/types\/post"}],"author":[{"embeddable":true,"href":"https:\/\/www.europesays.com\/be-fr\/wp-json\/wp\/v2\/users\/2"}],"replies":[{"embeddable":true,"href":"https:\/\/www.europesays.com\/be-fr\/wp-json\/wp\/v2\/comments?post=237188"}],"version-history":[{"count":0,"href":"https:\/\/www.europesays.com\/be-fr\/wp-json\/wp\/v2\/posts\/237188\/revisions"}],"wp:featuredmedia":[{"embeddable":true,"href":"https:\/\/www.europesays.com\/be-fr\/wp-json\/wp\/v2\/media\/237189"}],"wp:attachment":[{"href":"https:\/\/www.europesays.com\/be-fr\/wp-json\/wp\/v2\/media?parent=237188"}],"wp:term":[{"taxonomy":"category","embeddable":true,"href":"https:\/\/www.europesays.com\/be-fr\/wp-json\/wp\/v2\/categories?post=237188"},{"taxonomy":"post_tag","embeddable":true,"href":"https:\/\/www.europesays.com\/be-fr\/wp-json\/wp\/v2\/tags?post=237188"}],"curies":[{"name":"wp","href":"https:\/\/api.w.org\/{rel}","templated":true}]}}