{"id":237196,"date":"2026-09-03T07:07:37","date_gmt":"2026-09-03T07:07:37","guid":{"rendered":"https:\/\/www.europesays.com\/be-fr\/237196\/"},"modified":"2026-09-03T07:07:37","modified_gmt":"2026-09-03T07:07:37","slug":"diables-rouges-arthur-vermeeren-pourrait-rebondir-en-jupiler-pro-league-a-lantwerp","status":"publish","type":"post","link":"https:\/\/www.europesays.com\/be-fr\/237196\/","title":{"rendered":"Diables rouges: Arthur Vermeeren pourrait rebondir en Jupiler Pro League \u00e0 l&rsquo;Antwerp"},"content":{"rendered":"<p><a href=\"https:\/\/www.dhnet.be\/sports\/football\/mercato\/2026\/09\/02\/nicolas-raskin-wout-faes-mandela-keita-ou-a-thur-vermeeren-les-grands-perdants-de-la-derniere-journee-du-mercato-DS6SOLUBYJHG5JQ4AZS5NKBWIQ\/\" target=\"_self\" class=\"ap-StoryInterstitialLink ap-StoryElement ap-StoryElement--mb\" rel=\"nofollow noopener\">Nicolas Raskin, Wout Faes, Mandela Keita ou Arthur Vermeeren : les grands perdants de la derni\u00e8re journ\u00e9e du mercato<\/a><\/p>\n<p class=\"ap-StoryElement ap-StoryElement--mb ap-StoryText\">Selon le Laatste Nieuws, le joueur serait favorable \u00e0 un retour dans la m\u00e9tropole flamande dans le but de relancer sa carri\u00e8re. Le mercato belge ferme ses portes ce jeudi soir, \u00e0 23h59.<\/p>\n<p class=\"ap-StoryElement ap-StoryElement--mb ap-StoryText\">Le RB Salzbourg serait \u00e9galement int\u00e9ress\u00e9 par le joueur qui a eu quelques touches en France et en Italie, sans que cela n&rsquo;aboutisse.<\/p>\n<p>\u00c9chec sur \u00e9chec \u00e0 l&rsquo;\u00e9tranger<\/p>\n<p class=\"ap-StoryElement ap-StoryElement--mb ap-StoryText\">Apr\u00e8s avoir explos\u00e9 en 2023 \u00e0 l&rsquo;Antwerp \u2013 avec le doubl\u00e9 Coupe-Championnat \u00e0 la cl\u00e9, Vermeeren a brill\u00e9 en Ligue des champions, dont notamment une masterclass face au grand FC Barcelone. Cela lui a offert les portes de l&rsquo;\u00e9tranger et un transfert \u00e0 l&rsquo;Atletico Madrid.<\/p>\n<p class=\"ap-StoryElement ap-StoryElement--mb ap-StoryText\">Mais le Belge n&rsquo;a jamais r\u00e9ussi \u00e0 s&rsquo;imposer sous la houlette de Diego Simeone. Pr\u00eat\u00e9 puis vendu \u00e0 Leipzig seulement six mois apr\u00e8s son arriv\u00e9e dans la capitale espagnole, Vermeeren n&rsquo;est pas davantage parvenu \u00e0 y devenir un titulaire r\u00e9gulier. Le Diable rouge pensait se relancer du c\u00f4t\u00e9 de Marseille, en pr\u00eat, la saison derni\u00e8re, mais l\u00e0 aussi, <a href=\"https:\/\/www.dhnet.be\/sports\/football\/europe\/c1\/2026\/01\/28\/son-style-fait-penser-a-verratti-mais-arthur-vermeeren-est-au-fond-du-trou-a-marseille-et-en-plus-ca-va-se-compliquer-pour-lui-RT6GXT3W4JESDCLSB6CTZRGRBU\/\" target=\"_self\" rel=\"nofollow noopener\">l&rsquo;aventure s&rsquo;est sold\u00e9e par un \u00e9chec<\/a>.<\/p>\n<p><a href=\"https:\/\/www.dhnet.be\/sports\/football\/division-1a\/anderlecht\/2026\/09\/03\/lami-producteur-derling-haaland-mis-a-la-porte-par-liverpool-qui-est-thelo-aasgaard-la-nouvelle-recrue-danderlecht-EDR6AKO3ONBHVLQXZDFLUCSXGE\/\" target=\"_self\" class=\"ap-StoryInterstitialLink ap-StoryElement ap-StoryElement--mb\" rel=\"nofollow noopener\">L&rsquo;ami producteur d&rsquo;Erling Haaland mis \u00e0 la porte par Liverpool, qui est Thelo Aasgaard, la nouvelle recrue d&rsquo;Anderlecht?<\/a><\/p>\n<p class=\"ap-StoryElement ap-StoryElement--mb ap-StoryText\">Revenu \u00e0 Leipzig cet \u00e9t\u00e9, Vermeeren n&rsquo;entrait pas dans les plans de l&rsquo;entra\u00eeneur Martin Demichelis. Sous peine de rester quatre mois sans jouer, il doit donc se trouver un nouveau terrain de jeu dans les prochains jours.<\/p>\n","protected":false},"excerpt":{"rendered":"Nicolas Raskin, Wout Faes, Mandela Keita ou Arthur Vermeeren : les grands perdants de la derni\u00e8re journ\u00e9e du&hellip;\n","protected":false},"author":2,"featured_media":237197,"comment_status":"","ping_status":"","sticky":false,"template":"","format":"standard","meta":{"footnotes":"","_share_on_mastodon":"0"},"categories":[81],"tags":[868,4497,45104,1010,39306,39307,1012,1013,73554,12,13,18,17,39311,1014,68417,39312,66892,1080,482,14107,39313,39315,1017,28638,39314,48346,14110,4754,13568,1020,1535,73555,12071,36891,8711,906,28645,18571,369,12090,84,1028,73556,1029,1082,1030,1031,912,1032],"class_list":["post-237196","post","type-post","status-publish","format-standard","has-post-thumbnail","category-sports","tag-868","tag-2025-2026","tag-24h","tag-a","tag-abpfiff","tag-aesp","tag-am","tag-auf","tag-augusts","tag-be","tag-be-fr","tag-belgique","tag-belgium","tag-datum","tag-der","tag-echt","tag-espanol","tag-espanola","tag-foot","tag-football","tag-footballer","tag-foreignfootball","tag-fus","tag-fusball","tag-futbol","tag-futebol","tag-hoch","tag-im","tag-la","tag-laliga","tag-landerspiels","tag-league","tag-leands","tag-liga","tag-madrids","tag-season","tag-soccer","tag-spanien","tag-spanish","tag-sport","tag-sportart","tag-sports","tag-stadion","tag-temporada","tag-und","tag-voetbal","tag-vom","tag-wahrend","tag-x0x","tag-zwischen"],"share_on_mastodon":{"url":"https:\/\/pubeurope.com\/@be_fr\/117205850202243997","error":""},"_links":{"self":[{"href":"https:\/\/www.europesays.com\/be-fr\/wp-json\/wp\/v2\/posts\/237196","targetHints":{"allow":["GET"]}}],"collection":[{"href":"https:\/\/www.europesays.com\/be-fr\/wp-json\/wp\/v2\/posts"}],"about":[{"href":"https:\/\/www.europesays.com\/be-fr\/wp-json\/wp\/v2\/types\/post"}],"author":[{"embeddable":true,"href":"https:\/\/www.europesays.com\/be-fr\/wp-json\/wp\/v2\/users\/2"}],"replies":[{"embeddable":true,"href":"https:\/\/www.europesays.com\/be-fr\/wp-json\/wp\/v2\/comments?post=237196"}],"version-history":[{"count":0,"href":"https:\/\/www.europesays.com\/be-fr\/wp-json\/wp\/v2\/posts\/237196\/revisions"}],"wp:featuredmedia":[{"embeddable":true,"href":"https:\/\/www.europesays.com\/be-fr\/wp-json\/wp\/v2\/media\/237197"}],"wp:attachment":[{"href":"https:\/\/www.europesays.com\/be-fr\/wp-json\/wp\/v2\/media?parent=237196"}],"wp:term":[{"taxonomy":"category","embeddable":true,"href":"https:\/\/www.europesays.com\/be-fr\/wp-json\/wp\/v2\/categories?post=237196"},{"taxonomy":"post_tag","embeddable":true,"href":"https:\/\/www.europesays.com\/be-fr\/wp-json\/wp\/v2\/tags?post=237196"}],"curies":[{"name":"wp","href":"https:\/\/api.w.org\/{rel}","templated":true}]}}