{"id":237202,"date":"2026-09-03T07:12:20","date_gmt":"2026-09-03T07:12:20","guid":{"rendered":"https:\/\/www.europesays.com\/be-fr\/237202\/"},"modified":"2026-09-03T07:12:20","modified_gmt":"2026-09-03T07:12:20","slug":"la-planete-en-alerte-se-dirige-bien-vers-un-el-nino-dune-puissance-record-les-effets-sont-deja-visibles","status":"publish","type":"post","link":"https:\/\/www.europesays.com\/be-fr\/237202\/","title":{"rendered":"La plan\u00e8te, en alerte, se dirige bien vers un El Ni\u00f1o d&rsquo;une puissance record\u00a0: \u00ab\u00a0Les effets sont d\u00e9j\u00e0 visibles\u00a0\u00bb"},"content":{"rendered":"<p><a href=\"https:\/\/www.lalibre.be\/international\/amerique\/2026\/08\/26\/deux-pays-en-etat-dalerte-face-a-el-nino-etre-prets-a-affronter-ce-qui-pourrait-arriver-DNKNVG6CH5BL5AFND64K4EAY5A\/\" target=\"_self\" class=\"ap-StoryInterstitialLink ap-StoryElement ap-StoryElement--mb js-paywall-target\" rel=\"nofollow noopener\">Deux pays en \u00e9tat d&rsquo;alerte face \u00e0 El Nino<\/a><\/p>\n<p class=\"ap-StoryElement ap-StoryElement--mb ap-StoryText\">El Ni\u00f1o est un ph\u00e9nom\u00e8ne naturel qui revient tous les deux \u00e0 sept ans, et emp\u00eache les remont\u00e9es d&rsquo;eau froide dans le Pacifique. Les eaux de surface dans le centre et l&rsquo;est de l&rsquo;oc\u00e9an Pacifique \u00e9quatorial se r\u00e9chauffent donc, entra\u00eenant un climat plus chaud et sec dans certains endroits, et plus frais et humide dans d&rsquo;autres. Il provoque ainsi des \u00e9v\u00e9nements climatiques extr\u00eames.<\/p>\n<p>Super El Ni\u00f1o d\u00e9j\u00e0 d&rsquo;actualit\u00e9<\/p>\n<p class=\"ap-StoryElement ap-StoryElement--mb ap-StoryText\">Pour \u00e9valuer la puissance du ph\u00e9nom\u00e8ne, les scientifiques suivent la hausse de temp\u00e9rature dans une petite zone du Pacifique, dite r\u00e9gion El Ni\u00f1o 3.4. Les temp\u00e9ratures montent graduellement depuis mai et d\u00e9passent d\u00e9j\u00e0 actuellement les 2\u00b0C (elles ont oscill\u00e9 entre 2,2\u00b0C et 2,6\u00b0C depuis fin juillet), soit la limite pour ce qu&rsquo;une grande partie des climatologues appellent un \u00ab\u00a0Super El Ni\u00f1o\u00a0\u00bb.  \u00ab\u00a0Nous vivons donc d\u00e9j\u00e0 actuellement un \u00ab\u00a0super El Ni\u00f1o\u00a0\u00bb, souligne le climatologue de l&rsquo;Universit\u00e9 de Li\u00e8ge Xavier Fettweis. \u00ab\u00a0El Ni\u00f1o est lanc\u00e9. Il n&rsquo;y aura pas de retour en arri\u00e8re possible. Sur la plan\u00e8te, des effets sont d\u00e9j\u00e0 visibles et iront en s&rsquo;intensifiant.\u00a0\u00bb<\/p>\n<p class=\"ap-StoryElement ap-StoryElement--mb ap-StoryText\">Au fil des prochains mois, la temp\u00e9rature de cette zone de r\u00e9f\u00e9rence va continuer \u00e0 monter, avec un pic attendu vers les mois de novembre-d\u00e9cembre. Les derniers mod\u00e8les du centre de r\u00e9f\u00e9rence europ\u00e9en ECMWF pour ce pic pr\u00e9voient en moyenne une hausse de 3 \u00b0C, avec une marge d&rsquo;erreur d&rsquo;environ 0,5 \u00b0C. Ce pic de 2026 pourrait donc en gros se situer entre 2,5 \u00b0C et 3,5 \u00b0C. \u00ab\u00a0Je n&rsquo;ai jamais vu un tel ph\u00e9nom\u00e8ne se dessiner dans nos pr\u00e9visions. Un pic d\u00e9passant les trois degr\u00e9s est in\u00e9dit dans les relev\u00e9s climatiques modernes. On doit \u00eatre clair : il s&rsquo;agit d&rsquo;un \u00e9v\u00e9nement sans pr\u00e9c\u00e9dent\u00a0\u00bb, affirme pour sa part Adam Scaife, du service m\u00e9t\u00e9o britannique, <a href=\"https:\/\/www.metoffice.gov.uk\/blog\/2026\/an-unprecedented-el-nio-and-its-implications-for-the-weather-forecast\" target=\"_self\" rel=\"nofollow noopener\">qui a livr\u00e9 ses propres pr\u00e9visions<\/a>, un peu au-dessus de 3\u00b0C. Le mod\u00e8le de l&rsquo;Organisation m\u00e9t\u00e9o mondiale, qui fait pour sa part la moyenne des pr\u00e9dictions des grands centres mondiaux, pr\u00e9voit m\u00eame un pic d&rsquo;un peu plus de 3,5\u00b0C.<\/p>\n<p><img loading=\"lazy\" decoding=\"async\" class=\"w-full lazyload lazyload--opacity object-contain\" style=\"aspect-ratio:124 \/ 100;opacity:1\" alt=\"zdqdqs\" width=\"768\" height=\"620\" fetchpriority=\"auto\" src=\"https:\/\/www.europesays.com\/be-fr\/wp-content\/uploads\/2026\/09\/1788419536_525_S5VKD3X55FFF3BW6V4SEHXNP7I.png\"  data- data-optimumx=\"1\"\/><img loading=\"lazy\" decoding=\"async\" src=\"https:\/\/www.europesays.com\/be-fr\/wp-content\/uploads\/2026\/09\/EKJ5W5I2PVF4ZD5EMU6G7QENLM.jpeg\" width=\"768\" height=\"620\" alt=\"zdqdqs\" class=\"absolute inset-0 w-full\"\/>Les pr\u00e9dictions pour le pic d&rsquo;El Nino r\u00e9alis\u00e9 par le Centre europ\u00e9en des pr\u00e9visions \u00e0 moyen terme, l&rsquo;ECMWF. \u00a9DR<\/p>\n<p class=\"ap-StoryElement ap-StoryElement--mb ap-StoryText\">Un pic de 3 \u00b0C (ou plus) serait donc un record jamais observ\u00e9, en sachant que les donn\u00e9es des temp\u00e9ratures de l&rsquo;eau datant d&rsquo;avant l&rsquo;\u00e8re satellitaire sont nettement moins fiables, indique Xavier Fettweis. \u00ab\u00a0Avec une anomalie de temp\u00e9rature El Ni\u00f1o de 1,5 \u00b0C, 2 \u00b0C, 2,5 \u00b0C, on voit que les effets s&rsquo;intensifient, parce qu&rsquo;il fait plus chaud. Mais dans le climat, rien n&rsquo;est lin\u00e9aire, pr\u00e9vient le climatologue. Comme on pourrait faire face \u00e0 des valeurs qu&rsquo;on n&rsquo;a jamais observ\u00e9es, il est possible qu&rsquo;on d\u00e9passe un certain seuil et que cet El Ni\u00f1o g\u00e9n\u00e8re des anomalies ailleurs que dans les zones connues, qu&rsquo;elles s&rsquo;inversent\u2026 On ne le saura qu&rsquo;en d\u00e9cembre.\u00a0\u00bb<\/p>\n<p><img loading=\"lazy\" decoding=\"async\" class=\"w-full lazyload lazyload--opacity\" style=\"aspect-ratio:100 \/ 100;opacity:1\" alt=\"sdfsd\" width=\"768\" height=\"768\" fetchpriority=\"auto\" src=\"https:\/\/www.europesays.com\/be-fr\/wp-content\/uploads\/2026\/09\/1788419536_525_S5VKD3X55FFF3BW6V4SEHXNP7I.png\"  data- data-optimumx=\"1\"\/><img loading=\"lazy\" decoding=\"async\" src=\"https:\/\/www.europesays.com\/be-fr\/wp-content\/uploads\/2026\/09\/ALSU4KO7V5APPFRMSIH2V6U22A.png\" width=\"768\" height=\"768\" alt=\"sdfsd\" class=\"absolute inset-0 w-full\"\/>L&rsquo;OMM pr\u00e9voit un El Nino tr\u00e8s puissant d&rsquo;ici la fin de l&rsquo;ann\u00e9e. \u00a9DRAlerte dans plusieurs pays<\/p>\n<p class=\"ap-StoryElement ap-StoryElement--mb ap-StoryText\">Mais une chose est s\u00fbre : de nombreux pays du monde sont d\u00e9j\u00e0 en alerte, car quelle que soit la puissance finale de cet El Nino, les cons\u00e9quences seront multiples et tr\u00e8s concr\u00e8tes. \u00ab\u00a0El Ni\u00f1o nous affecte tr\u00e8s peu en Europe mais va \u00e9norm\u00e9ment affecter les cultures dans le Pacifique et l&rsquo;h\u00e9misph\u00e8re sud : Am\u00e9rique du Sud, Australie, Indon\u00e9sie\u2026 Comme El Ni\u00f1o entra\u00eene une circulation contraire \u00e0 la circulation normale, cela signifie qu&rsquo;il pleut dans des endroits o\u00f9 il ne pleut d&rsquo;habitude pas et qu&rsquo;il fait sec o\u00f9 il pleut d&rsquo;habitude. En termes de cultures agricoles, un El Nino aura beaucoup plus d&rsquo;impact que son oppos\u00e9 la Nina, par exemple. Cet impact agricole peut d&rsquo;ailleurs aussi au final avoir un effet sur l&rsquo;Europe, via les prix des denr\u00e9es\u00a0\u00bb, rappelle le scientifique li\u00e9geois.<\/p>\n<p class=\"ap-StoryElement ap-StoryElement--mb ap-StoryText\">Par ailleurs, si le consensus scientifique estime que rien ne montre que ce super El Nino en lui-m\u00eame soit d\u00fb au r\u00e9chauffement, ses effets seront en revanche renforc\u00e9s par le d\u00e9r\u00e8glement du climat : \u00ab\u00a0Il est fort probable que les anomalies en termes de pr\u00e9cipitations ou de s\u00e9cheresses dans les diff\u00e9rents pays soient exacerb\u00e9es par le r\u00e9chauffement climatique. En effet, celui-ci a tendance \u00e0 grossir les extr\u00eames\u00a0\u00bb, pr\u00e9vient le climatologue.<\/p>\n<p><a href=\"https:\/\/www.lalibre.be\/planete\/environnement\/2026\/08\/21\/el-nino-pourrait-etre-le-plus-intense-depuis-plus-dun-siecle-selon-lagence-meteorologique-britannique-XJJVPNEXOZECPGRODNEV6EKSII\/\" target=\"_self\" class=\"ap-StoryInterstitialLink ap-StoryElement ap-StoryElement--mb\" rel=\"nofollow noopener\">El Ni\u00f1o pourrait \u00eatre \u00ab\u00a0le plus intense depuis plus d&rsquo;un si\u00e8cle\u00a0\u00bb, selon l&rsquo;agence m\u00e9t\u00e9orologique britannique<\/a><\/p>\n<p class=\"ap-StoryElement ap-StoryElement--mb ap-StoryText\">\u00ab\u00a0Cet El Ni\u00f1o exceptionnel exige une pr\u00e9paration et une r\u00e9action exceptionnelles\u00a0\u00bb, alerte de son c\u00f4t\u00e9 la secr\u00e9taire g\u00e9n\u00e9rale de l&rsquo;OMM, Celeste Saulo. C&rsquo;est en effet l&rsquo;avantage par rapport aux populations du pass\u00e9 qui ont \u00e9t\u00e9 prises au d\u00e9pourvu \u2013 et ont lourdement souffert \u2013 lors d&rsquo;El Ni\u00f1o exceptionnellement puissants : le risque, gr\u00e2ce aux scientifiques, est ici connu depuis plusieurs mois, permettant aux pays et institutions internationales de d\u00e9j\u00e0 se pr\u00e9parer.<\/p>\n<p class=\"ap-StoryElement ap-StoryElement--mb ap-StoryText\">Ainsi, le Programme alimentaire mondial des Nations unies (Pam) a identifi\u00e9 les r\u00e9gions les plus susceptibles d&rsquo;\u00eatres frapp\u00e9es. Car selon les premi\u00e8res analyses du Pam, cet \u00e9pisode El Ni\u00f1o pourrait faire basculer au moins 49 millions de personnes suppl\u00e9mentaires dans l&rsquo;ins\u00e9curit\u00e9 alimentaire aigu\u00eb d&rsquo;ici \u00e0 fin 2027. El Ni\u00f1o devrait avoir \u00ab\u00a0une influence significative\u00a0\u00bb dans au moins 45 pays d\u00e9j\u00e0 confront\u00e9s \u00e0 la faim. Les cons\u00e9quences \u00ab\u00a0les plus importantes\u00a0\u00bb sont attendues en Am\u00e9rique centrale et en Afrique australe. Des impacts \u00ab\u00a0significatifs\u00a0\u00bb sont \u00e9galement pr\u00e9vus en Afrique de l&rsquo;Est, ainsi qu&rsquo;en Asie du Sud et du Sud-Est. \u00ab\u00a0El Ni\u00f1o repr\u00e9sente une menace majeure pour la s\u00e9curit\u00e9 alimentaire de millions de personnes d\u00e9j\u00e0 en situation de vuln\u00e9rabilit\u00e9, insiste le directeur Carl Skau.  Des inondations et des s\u00e9cheresses s\u00e9v\u00e8res peuvent rapidement faire basculer des communaut\u00e9s enti\u00e8res d&rsquo;une situation pr\u00e9caire vers une crise humanitaire.\u00a0\u00bb Le Pam renforce d\u00e9j\u00e0 ses interventions anticip\u00e9es dans huit pays, entre autres au Soudan du Sud, au Tchad, en Mauritanie, en Ouganda, au Guatemala et au Salvador. Des m\u00e9canismes de financement anticip\u00e9 (assurances catastrophes, cr\u00e9dits\u2026) sont notamment en place.<\/p>\n<p><a href=\"https:\/\/www.lalibre.be\/planete\/sciences-espace\/2026\/06\/02\/doit-on-sattendre-a-un-el-nino-godzilla-les-impacts-pourraient-etre-les-plus-importants-jamais-connus-ETNKTLFL5ZFCXOQWT5DBJJVFQI\/\" target=\"_self\" class=\"ap-StoryInterstitialLink ap-StoryElement ap-StoryElement--mb\" rel=\"nofollow noopener\">Doit-on s&rsquo;attendre \u00e0 un El Ni\u00f1o \u00ab\u00a0Godzilla\u00a0\u00bb ? \u00ab\u00a0Les impacts pourraient \u00eatre les plus importants jamais connus\u00a0\u00bb<\/a><\/p>\n<p class=\"ap-StoryElement ap-StoryElement--mb ap-StoryText\">De leur c\u00f4t\u00e9, des pays comme le Panama et le Salvador se sont d\u00e9clar\u00e9s en \u00e9tat d&rsquo;alerte face \u00e0 El Ni\u00f1o. Depuis ce 3 septembre, vu la baisse de pr\u00e9cipitations d&rsquo;un tiers depuis mai, le canal de Panama a r\u00e9duit son trafic. Le canal fonctionne gr\u00e2ce \u00e0 l&rsquo;eau de pluie stock\u00e9e dans deux lacs artificiels, dont leur niveau a baiss\u00e9, de 44 %, en raison des \u00ab\u00a0effets n\u00e9fastes du ph\u00e9nom\u00e8ne El Ni\u00f1o\u00a0\u00bb, selon l&rsquo;Autorit\u00e9 du canal.<\/p>\n<p class=\"ap-StoryElement ap-StoryElement--mb ap-StoryText\">Le Salvador a quant \u00e0 lui d\u00e9clar\u00e9 une s\u00e9cheresse \u00ab\u00a0m\u00e9t\u00e9orologique et agricole\u00a0\u00bb sur tout son territoire. Vu l&rsquo;absence de pr\u00e9cipitations, la premi\u00e8re r\u00e9colte de c\u00e9r\u00e9ales de base est en baisse de 20 %. Le Honduras a \u00e9galement subi des pertes de r\u00e9coltes, en ma\u00efs et haricots. En Am\u00e9rique du Sud, le P\u00e9rou a d\u00e9clar\u00e9 l&rsquo;\u00e9tat d&rsquo;urgence dans un tiers de ses municipalit\u00e9s pour y \u00ab\u00a0prot\u00e9ger la s\u00e9curit\u00e9 alimentaire\u00a0\u00bb face au \u00ab\u00a0tr\u00e8s haut risque\u00a0\u00bb d&rsquo;\u00e9pisodes de s\u00e9cheresse li\u00e9s \u00e0 El Ni\u00f1o. Autres effets d\u00e9j\u00e0 visibles : la p\u00e9riode de s\u00e9cheresse longue et intense que conna\u00eet l&rsquo;Indon\u00e9sie a favoris\u00e9 la propagation des incendies qui ont br\u00fbl\u00e9 des centaines de milliers d&rsquo;hectares. Le Sri Lanka, pour sa part, s&rsquo;attend au \u00ab\u00a0pire\u00a0\u00bb El Ni\u00f1o de son histoire, avec des pluies diluviennes de fin septembre \u00e0 d\u00e9cembre, suivies d&rsquo;une s\u00e9cheresse prolong\u00e9e d\u00e9but 2027.<\/p>\n<p>\u00ab\u00a0Tout pour provoquer un choc\u00a0\u00bb<\/p>\n<p class=\"ap-StoryElement ap-StoryElement--mb ap-StoryText\">Au niveau de l&rsquo;impact \u00e9conomique, les pr\u00e9c\u00e9dents ne sont pas rassurants. Les \u00e9pisodes de 1982-1983 et de 1997-1998, parmi les plus puissants de l&rsquo;histoire r\u00e9cente, ont co\u00fbt\u00e9 respectivement 4 100 milliards et 5 700 milliards de dollars au monde au cours des cinq ann\u00e9es suivantes, selon <a href=\"https:\/\/www.science.org\/doi\/10.1126\/science.adf2983\" target=\"_self\" rel=\"nofollow noopener\">une \u00e9tude du Dartmouth College<\/a>. Et pour cet \u00e9pisode de 2026, la banque <a href=\"https:\/\/www.morganstanley.com\/insights\/articles\/super-el-nino-global-economic-impact-2026\" target=\"_self\" rel=\"nofollow noopener\">Morgan Stanley pr\u00e9voit<\/a> un impact \u00ab\u00a0sur de multiples r\u00e9gions, mati\u00e8res premi\u00e8res et classes d&rsquo;actifs\u00a0\u00bb. Ainsi, El Ni\u00f1o pourrait faire monter les prix en perturbant la production du sucre au Br\u00e9sil et en Asie, tout comme celle du cacao en Afrique de l&rsquo;Ouest ou encore celle du cuivre au Chili en raison de potentielles inondations dans les mines. L&rsquo;inflation alimentaire pourrait toucher nombre de pays africains et latino-am\u00e9ricains, impactant leur dette souveraine. \u00ab\u00a0La plupart des ann\u00e9es El Ni\u00f1o sont une nuisance, mais celle-ci a tout pour provoquer un choc\u00a0\u00bb, a ainsi r\u00e9sum\u00e9 l&rsquo;analyste Julia Rizzo. El Ni\u00f1o devrait persister au moins jusqu&rsquo;au d\u00e9but de 2027 et pourrait faire de cette ann\u00e9e-l\u00e0 la plus chaude de l&rsquo;histoire.<\/p>\n<p><img loading=\"lazy\" decoding=\"async\" class=\"w-full lazyload lazyload--opacity object-contain\" style=\"aspect-ratio:191 \/ 100;opacity:1\" alt=\"sqd\" width=\"768\" height=\"403\" fetchpriority=\"auto\" src=\"https:\/\/www.europesays.com\/be-fr\/wp-content\/uploads\/2026\/09\/1788419536_525_S5VKD3X55FFF3BW6V4SEHXNP7I.png\"  data- data-optimumx=\"1\"\/><img loading=\"lazy\" decoding=\"async\" src=\"https:\/\/www.europesays.com\/be-fr\/wp-content\/uploads\/2026\/09\/OQQFVHUXXBE33KXCMDZ56NUACQ.jpeg\" width=\"768\" height=\"403\" alt=\"sqd\" class=\"absolute inset-0 w-full\"\/>La pr\u00e9diction du Centre de l&rsquo;oc\u00e9an et de l&rsquo;atmosph\u00e8re am\u00e9ricain, la NOAA. \u00a9DR\u00c9pingl\u00e9 : un automne humide et agit\u00e9 chez nous<\/p>\n<p class=\"ap-StoryElement ap-StoryElement--mb ap-StoryText\">Si les impacts d&rsquo;El Nino sont peu perceptibles en Europe, notre pays pourrait tout de m\u00eame dans les mois \u00e0 venir subir un certain effet li\u00e9 \u00e0 ce ph\u00e9nom\u00e8ne naturel. \u00ab\u00a0En cas d&rsquo;El Ni\u00f1o, en hiver, on observe souvent une plus forte dynamique atmosph\u00e9rique. Ce qui implique chez nous du vent, de la pluie, de la douceur\u00a0\u00bb, \u00e9num\u00e8re Xavier Fettweis. Cette tendance s&rsquo;ajoutera \u00e0 un autre effet, lui, dominant. \u00ab\u00a0Actuellement, l&rsquo;oc\u00e9an Nord atlantique \u2013 pas seulement \u00e0 nos c\u00f4tes \u2013 est tr\u00e8s chaud, de m\u00eame que la M\u00e9diterran\u00e9e. Or, en automne, des eaux de mer tr\u00e8s chaudes combin\u00e9es \u00e0 l&rsquo;air froid qui arrive progressivement dans l&rsquo;atmosph\u00e8re causent des contrastes thermiques et entra\u00eenent beaucoup d&rsquo;instabilit\u00e9. Les deux effets cumul\u00e9s sugg\u00e8rent que l&rsquo;automne sera doux mais tr\u00e8s humide, avec probablement des risques d&rsquo;inondation, notamment en M\u00e9diterran\u00e9e comme Valence l&rsquo;a connu en 2024. Chez nous, cet automne-ci, on va, je pense, davantage parler d&rsquo;avoir trop d&rsquo;eau que pas assez.\u00a0\u00bb<\/p>\n<p><img loading=\"lazy\" decoding=\"async\" class=\"w-full lazyload lazyload--opacity object-contain\" style=\"aspect-ratio:199 \/ 100;opacity:1\" alt=\"sdqs\" width=\"768\" height=\"385\" fetchpriority=\"auto\" src=\"https:\/\/www.europesays.com\/be-fr\/wp-content\/uploads\/2026\/09\/1788419536_525_S5VKD3X55FFF3BW6V4SEHXNP7I.png\"  data- data-optimumx=\"1\"\/><img loading=\"lazy\" decoding=\"async\" src=\"https:\/\/www.europesays.com\/be-fr\/wp-content\/uploads\/2026\/09\/U75BWEY6CJHRTALLZ3VGRSL4AM.jpeg\" width=\"768\" height=\"385\" alt=\"sdqs\" class=\"absolute inset-0 w-full\"\/>Anomalies de chaleur dans l&rsquo;oc\u00e9an Nord-Atlantique (NOAA). \u00a9DR<\/p>\n","protected":false},"excerpt":{"rendered":"Deux pays en \u00e9tat d&rsquo;alerte face \u00e0 El Nino El Ni\u00f1o est un ph\u00e9nom\u00e8ne naturel qui revient tous&hellip;\n","protected":false},"author":2,"featured_media":237203,"comment_status":"","ping_status":"","sticky":false,"template":"","format":"standard","meta":{"footnotes":"","_share_on_mastodon":"0"},"categories":[8],"tags":[10,12256,12,13,18,17,103,11],"class_list":["post-237202","post","type-post","status-publish","format-standard","has-post-thumbnail","category-actualites","tag-actualites","tag-animal","tag-be","tag-be-fr","tag-belgique","tag-belgium","tag-horizontal","tag-news"],"share_on_mastodon":{"url":"https:\/\/pubeurope.com\/@be_fr\/117205870332173990","error":""},"_links":{"self":[{"href":"https:\/\/www.europesays.com\/be-fr\/wp-json\/wp\/v2\/posts\/237202","targetHints":{"allow":["GET"]}}],"collection":[{"href":"https:\/\/www.europesays.com\/be-fr\/wp-json\/wp\/v2\/posts"}],"about":[{"href":"https:\/\/www.europesays.com\/be-fr\/wp-json\/wp\/v2\/types\/post"}],"author":[{"embeddable":true,"href":"https:\/\/www.europesays.com\/be-fr\/wp-json\/wp\/v2\/users\/2"}],"replies":[{"embeddable":true,"href":"https:\/\/www.europesays.com\/be-fr\/wp-json\/wp\/v2\/comments?post=237202"}],"version-history":[{"count":0,"href":"https:\/\/www.europesays.com\/be-fr\/wp-json\/wp\/v2\/posts\/237202\/revisions"}],"wp:featuredmedia":[{"embeddable":true,"href":"https:\/\/www.europesays.com\/be-fr\/wp-json\/wp\/v2\/media\/237203"}],"wp:attachment":[{"href":"https:\/\/www.europesays.com\/be-fr\/wp-json\/wp\/v2\/media?parent=237202"}],"wp:term":[{"taxonomy":"category","embeddable":true,"href":"https:\/\/www.europesays.com\/be-fr\/wp-json\/wp\/v2\/categories?post=237202"},{"taxonomy":"post_tag","embeddable":true,"href":"https:\/\/www.europesays.com\/be-fr\/wp-json\/wp\/v2\/tags?post=237202"}],"curies":[{"name":"wp","href":"https:\/\/api.w.org\/{rel}","templated":true}]}}