{"id":237216,"date":"2026-09-03T07:26:23","date_gmt":"2026-09-03T07:26:23","guid":{"rendered":"https:\/\/www.europesays.com\/be-fr\/237216\/"},"modified":"2026-09-03T07:26:23","modified_gmt":"2026-09-03T07:26:23","slug":"affaire-patrick-bruel-des-details-de-sa-garde-a-vue-ont-fuite-voici-ce-quil-a-repondu-aux-accusations-de-karine-viseur","status":"publish","type":"post","link":"https:\/\/www.europesays.com\/be-fr\/237216\/","title":{"rendered":"Affaire Patrick Bruel : des d\u00e9tails de sa garde \u00e0 vue ont fuit\u00e9, voici ce qu&rsquo;il a r\u00e9pondu aux accusations de Karine Viseur"},"content":{"rendered":"<p><a href=\"https:\/\/www.dhnet.be\/actu\/monde\/2026\/09\/02\/nouveau-temoignage-accablant-venant-dune-actrice-belge-pour-patrick-bruel-il-a-souleve-ma-jupe-GDO5FTR3MZFL5LTGBKBNUQOLCI\/\" target=\"_self\" class=\"ap-StoryInterstitialLink ap-StoryElement ap-StoryElement--mb js-paywall-target\" rel=\"nofollow noopener\">Nouveau t\u00e9moignage accablant venant d&rsquo;une actrice belge contre Patrick Bruel : \u00ab\u00a0Il a soulev\u00e9 ma jupe\u00a0\u00bb<\/a><\/p>\n<p class=\"ap-StoryElement ap-StoryElement--mb ap-StoryText\">Dans son t\u00e9moignage livr\u00e9 aux enqu\u00eateurs, Karine Viseur \u00e9voque la pr\u00e9sence d&rsquo;une \u00ab\u00a0reine de beaut\u00e9, animatrice t\u00e9l\u00e9\u00a0\u00bb lors de cette journ\u00e9e d&rsquo;avril 2010 durant laquelle elle affirme avoir \u00e9t\u00e9 victime d&rsquo;une agression sexuelle, <a href=\"https:\/\/www.dhnet.be\/medias\/musique\/2026\/06\/10\/affaire-patrick-bruel-requalifiee-en-tentative-de-viol-la-plainte-de-karine-viseur-a-ete-retenue-a-lencontre-du-chanteur-ZEZ4FAQIJRFEBPPHA4OLLMHFYU\/\" target=\"_self\" rel=\"nofollow noopener\">des faits qui seront par la suite requalifi\u00e9s en tentative de viol.<\/a><\/p>\n<p class=\"ap-StoryElement ap-StoryElement--mb ap-StoryText\">Une journ\u00e9e qui avait d&rsquo;ailleurs d\u00e9but\u00e9 dans les locaux de La DH, et immortalis\u00e9e par un photographe de La DH. Patrick Bruel y avait \u00e9t\u00e9 invit\u00e9 \u00e0 endosser le r\u00f4le de r\u00e9dacteur d&rsquo;un jour, avant de poursuivre sa journ\u00e9e de promotion et de passer notamment par les locaux de la RTBF, o\u00f9 l&rsquo;agression d\u00e9nonc\u00e9e par Karine Viseur aurait eu lieu. \u00ab\u00a0Il a ferm\u00e9 la porte \u00e0 cl\u00e9, en une fraction de seconde, ses mains \u00e9taient de nouveau sous ma robe en contact avec ma peau. En me maintenant contre lui, il a abaiss\u00e9 son pantalon. Je me suis d\u00e9battue en le repoussant [\u2026] J&rsquo;ai r\u00e9ussi \u00e0 ce moment-l\u00e0 \u00e0 ouvrir la porte du WC, je suis ressortie, il m&rsquo;a suivi d\u00e9\u00e7u en m&rsquo;affirmant que ce n&rsquo;\u00e9tait pas fini et qu&rsquo;il aimait qu&rsquo;on lui r\u00e9siste\u00a0\u00bb, rapporte le m\u00e9dia fran\u00e7ais.<\/p>\n<p class=\"ap-StoryElement ap-StoryElement--mb ap-StoryText\">Des accusations que le chanteur de 67 ans conteste devant les enqu\u00eateurs : \u00ab\u00a0Je ne demande jamais \u00e0 personne de m&rsquo;accompagner aux toilettes surtout qu&rsquo;\u00e0 la RTBF, je pense savoir o\u00f9 elles sont\u00a0\u00bb, d\u00e9clare-t-il, affirmant que \u00ab\u00a0Cette sc\u00e8ne n&rsquo;a pas exist\u00e9\u00a0\u00bb.<\/p>\n<p><img loading=\"lazy\" decoding=\"async\" class=\"w-full lazyload lazyload--opacity object-contain\" style=\"aspect-ratio:150 \/ 100;opacity:1\" alt=\"Photo Bernard Demoulin: Patrick Bruel Redacteur en chef d'un jour a la DH en avril 2010\" width=\"768\" height=\"512\" fetchpriority=\"auto\" src=\"https:\/\/www.europesays.com\/be-fr\/wp-content\/uploads\/2026\/09\/1788420382_395_S5VKD3X55FFF3BW6V4SEHXNP7I.png\"  data- data-optimumx=\"1\"\/><img loading=\"lazy\" decoding=\"async\" src=\"https:\/\/www.europesays.com\/be-fr\/wp-content\/uploads\/2026\/09\/OUDHHZ6EHRH23BGESXDXLNWYRM.jpg\" width=\"768\" height=\"512\" alt=\"Photo Bernard Demoulin: Patrick Bruel Redacteur en chef d'un jour a la DH en avril 2010\" class=\"absolute inset-0 w-full\"\/>Photo Bernard Demoulin: Patrick Bruel Redacteur en chef d&rsquo;un jour a la DH en avril 2010 \u00a9Bernard Demoulin<\/p>\n<p class=\"ap-StoryElement ap-StoryElement--mb ap-StoryText\">Apr\u00e8s son passage \u00e0 la RTBF, l&rsquo;attach\u00e9e de presse avait continu\u00e9 \u00e0 accompagner Patrick Bruel dans le cadre de la promotion de son film. Direction cette fois l&rsquo;UGC Toison d&rsquo;Or, o\u00f9 le chanteur devait participer \u00e0 une rencontre avec des spectateurs.<\/p>\n<p><a href=\"https:\/\/www.dhnet.be\/lifestyle\/people\/2026\/09\/02\/cest-fini-ca-ne-passe-plus-la-comedienne-et-realisatrice-andrea-bescond-reagit-a-son-tour-a-lannonce-de-patrick-bruel-PBYC33K4V5GJRLLANLKT2LCRF4\/\" target=\"_self\" class=\"ap-StoryInterstitialLink ap-StoryElement ap-StoryElement--mb\" rel=\"nofollow noopener\">\u00ab\u00a0C&rsquo;est fini. \u00c7a ne passe plus\u00a0\u00bb : la com\u00e9dienne et r\u00e9alisatrice Andr\u00e9a Bescond r\u00e9agit \u00e0 son tour \u00e0 l&rsquo;annonce de Patrick Bruel<\/a><\/p>\n<p class=\"ap-StoryElement ap-StoryElement--mb ap-StoryText\">Selon le t\u00e9moignage de Karine Viseur rapport\u00e9 par Paris Match, le pr\u00e9sentateur aurait alors signal\u00e9 \u00e0 Patrick Bruel qu&rsquo;une question allait lui \u00eatre pos\u00e9e par cette \u00ab\u00a0animatrice t\u00e9l\u00e9 et reine de beaut\u00e9\u00a0\u00bb. Le chanteur lui aurait demand\u00e9 de se lever afin de pouvoir la voir. Apr\u00e8s avoir r\u00e9pondu \u00e0 sa question, il lui aurait alors lanc\u00e9 : \u00ab\u00a0Ce soir, tu repars avec nous et on va au restaurant.\u00a0\u00bb<\/p>\n<p>\u00ab\u00a0Il tentera de passer sa main entre les jambes\u00a0\u00bb<\/p>\n<p class=\"ap-StoryElement ap-StoryElement--mb ap-StoryText\">Selon le r\u00e9cit de Karine Viseur, une fois la rencontre avec les spectateurs termin\u00e9e, Patrick Bruel serait all\u00e9 chercher la pr\u00e9sentatrice dans le public afin qu&rsquo;elle les accompagne. Tous trois auraient ensuite pris place dans une voiture, Patrick Bruel s&rsquo;installant entre les deux femmes \u00e0 l&rsquo;arri\u00e8re. \u00ab\u00a0Tout le trajet, il prendra ma main et la sienne\u00a0\u00bb, raconte encore Karine Viseur aux enqu\u00eateurs.<\/p>\n<p><a href=\"https:\/\/www.dhnet.be\/medias\/2026\/09\/02\/mimie-mathy-apporte-son-soutien-a-patrick-bruel-il-a-ete-plus-harcele-que-harceleur-5SQJZ2JZPFCO5PMK2PQLNF5PQA\/\" target=\"_self\" class=\"ap-StoryInterstitialLink ap-StoryElement ap-StoryElement--mb\" rel=\"nofollow noopener\">Mimie Mathy apporte son soutien \u00e0 Patrick Bruel: \u00ab\u00a0Il a \u00e9t\u00e9 plus harcel\u00e9 que harceleur\u00a0\u00bb<\/a><\/p>\n<p class=\"ap-StoryElement ap-StoryElement--mb ap-StoryText\">Elle affirme \u00e9galement qu&rsquo;\u00e0 de nombreuses reprises, Patrick Bruel aurait tent\u00e9 de passer sa main entre les jambes de la reine de beaut\u00e9. Toujours selon son t\u00e9moignage, cette derni\u00e8re l&rsquo;aurait repouss\u00e9 \u00e0 chaque fois, lui indiquant qu&rsquo;elle avait un compagnon et qu&rsquo;il n&rsquo;y aurait pas moyen d&rsquo;aller plus loin. Patrick Bruel lui aurait alors r\u00e9pondu : \u00ab\u00a0On ne lui dira pas.\u00a0\u00bb<\/p>\n<p class=\"ap-StoryElement ap-StoryElement--mb ap-StoryText\">\u00ab\u00a0Nous sommes all\u00e9s au restaurant, je n&rsquo;\u00e9tais plus \u00e0 ce moment-l\u00e0 la premi\u00e8re cible. Il avait trouv\u00e9 une nouvelle proie\u00a0\u00bb, a encore d\u00e9clar\u00e9 Karine Viseur.<\/p>\n<p>Patrick Bruel affirme ne se souvenir de rien<\/p>\n<p class=\"ap-StoryElement ap-StoryElement--mb ap-StoryText\">Interrog\u00e9 \u00e0 son tour sur cette partie du r\u00e9cit lors de sa garde \u00e0 vue, Patrick Bruel a contest\u00e9 les accusations de Karine Viseur.<\/p>\n<p class=\"ap-StoryElement ap-StoryElement--mb ap-StoryText\">Concernant la pr\u00e9sence de cette reine de beaut\u00e9 et la soir\u00e9e qui aurait suivi, le chanteur affirme ne pas s&rsquo;en souvenir. \u00ab\u00a0Qu&rsquo;elle ait pos\u00e9 une question comme vous dites, qu&rsquo;elle soit venue dans le restaurant, c&rsquo;est possible, je ne me souviens de rien de tout \u00e7a\u00a0\u00bb, a-t-il r\u00e9pondu aux enqu\u00eateurs.<\/p>\n<p class=\"ap-StoryElement ap-StoryElement--mb ap-StoryText\">Questionn\u00e9 plus pr\u00e9cis\u00e9ment sur le r\u00e9cit selon lequel il aurait tenu la main des deux femmes dans la voiture et tent\u00e9 de passer sa main entre les jambes de la reine de beaut\u00e9, Patrick Bruel r\u00e9pond par la n\u00e9gative : \u00ab\u00a0Absolument pas, je ne m&rsquo;en souviens pas, mais ce ne sont pas des choses que je fais [\u2026] Jamais je ne vais passer les mains entre les jambes de qui que ce soit.\u00a0\u00bb<\/p>\n<p class=\"ap-StoryElement ap-StoryElement--mb ap-StoryText\">\u00ab\u00a0Pour moi toute cette histoire est fausse, enfin les faits qu&rsquo;elle me reproche sont faux\u00a0\u00bb, a-t-il encore d\u00e9clar\u00e9.<\/p>\n<p class=\"ap-StoryElement ap-StoryElement--mb ap-StoryText\">Patrick Bruel, actuellement mis en examen pour viol, tentative de viol, harc\u00e8lement et agression sexuelle, reste pr\u00e9sum\u00e9 innocent.<\/p>\n","protected":false},"excerpt":{"rendered":"Nouveau t\u00e9moignage accablant venant d&rsquo;une actrice belge contre Patrick Bruel : \u00ab\u00a0Il a soulev\u00e9 ma jupe\u00a0\u00bb Dans son&hellip;\n","protected":false},"author":2,"featured_media":237217,"comment_status":"","ping_status":"","sticky":false,"template":"","format":"standard","meta":{"footnotes":"","_share_on_mastodon":"0"},"categories":[8],"tags":[13993,41,73560,10,12,13,18,17,15496,2828,482,48346,891,11,906,912],"class_list":["post-237216","post","type-post","status-publish","format-standard","has-post-thumbnail","category-actualites","tag-13993","tag-41","tag-abbild","tag-actualites","tag-be","tag-be-fr","tag-belgique","tag-belgium","tag-calcio","tag-cup","tag-football","tag-hoch","tag-italy","tag-news","tag-soccer","tag-x0x"],"share_on_mastodon":{"url":"https:\/\/pubeurope.com\/@be_fr\/117205925105313214","error":""},"_links":{"self":[{"href":"https:\/\/www.europesays.com\/be-fr\/wp-json\/wp\/v2\/posts\/237216","targetHints":{"allow":["GET"]}}],"collection":[{"href":"https:\/\/www.europesays.com\/be-fr\/wp-json\/wp\/v2\/posts"}],"about":[{"href":"https:\/\/www.europesays.com\/be-fr\/wp-json\/wp\/v2\/types\/post"}],"author":[{"embeddable":true,"href":"https:\/\/www.europesays.com\/be-fr\/wp-json\/wp\/v2\/users\/2"}],"replies":[{"embeddable":true,"href":"https:\/\/www.europesays.com\/be-fr\/wp-json\/wp\/v2\/comments?post=237216"}],"version-history":[{"count":0,"href":"https:\/\/www.europesays.com\/be-fr\/wp-json\/wp\/v2\/posts\/237216\/revisions"}],"wp:featuredmedia":[{"embeddable":true,"href":"https:\/\/www.europesays.com\/be-fr\/wp-json\/wp\/v2\/media\/237217"}],"wp:attachment":[{"href":"https:\/\/www.europesays.com\/be-fr\/wp-json\/wp\/v2\/media?parent=237216"}],"wp:term":[{"taxonomy":"category","embeddable":true,"href":"https:\/\/www.europesays.com\/be-fr\/wp-json\/wp\/v2\/categories?post=237216"},{"taxonomy":"post_tag","embeddable":true,"href":"https:\/\/www.europesays.com\/be-fr\/wp-json\/wp\/v2\/tags?post=237216"}],"curies":[{"name":"wp","href":"https:\/\/api.w.org\/{rel}","templated":true}]}}