{"id":237244,"date":"2026-09-03T07:52:18","date_gmt":"2026-09-03T07:52:18","guid":{"rendered":"https:\/\/www.europesays.com\/be-fr\/237244\/"},"modified":"2026-09-03T07:52:18","modified_gmt":"2026-09-03T07:52:18","slug":"un-diable-comme-guide-deux-ex-de-pro-league-comme-concurrents-ce-qui-attend-malick-fofana-a-sunderland","status":"publish","type":"post","link":"https:\/\/www.europesays.com\/be-fr\/237244\/","title":{"rendered":"Un Diable comme guide, deux ex de Pro League comme concurrents\u00a0: ce qui attend Malick Fofana \u00e0 Sunderland"},"content":{"rendered":"<p><a href=\"https:\/\/www.dhnet.be\/sports\/football\/mercato\/2026\/09\/02\/un-scenario-plus-fou-qua-hollywood-le-recit-de-la-journee-delirante-de-malick-fofana-qui-a-change-le-destin-de-dodi-lukebakio-5MCO3OL43BHSBM2H7UBUTXHYN4\/\" target=\"_self\" class=\"ap-StoryInterstitialLink ap-StoryElement ap-StoryElement--mb js-paywall-target\" rel=\"nofollow noopener\">Un sc\u00e9nario plus fou qu&rsquo;\u00e0 Hollywood : le r\u00e9cit de la journ\u00e9e d\u00e9lirante de Malick Fofana\u2026 qui a chang\u00e9 le destin de Dodi Lukebakio<\/a><\/p>\n<p class=\"ap-StoryElement ap-StoryElement--mb ap-StoryText\">Recrut\u00e9s \u00e0 six mois d&rsquo;intervalle, l&rsquo;ancien Anderlechtois et l&rsquo;ancien Brugeois symbolisent eux ces jeunes \u00e0 fort potentiel dont Florent Ghisolfi, le directeur du football du club anglais, s&rsquo;est fait une sp\u00e9cialit\u00e9 en allant \u00e0 contre-courant de la tendance actuelle en Angleterre pour aller piocher \u00e0 l&rsquo;\u00e9tranger.<\/p>\n<p class=\"ap-StoryElement ap-StoryElement--mb ap-StoryText\">\u00ab\u00a0Malick a tout ce qu&rsquo;il faut pour r\u00e9ussir en Premier League, a d&rsquo;ailleurs assur\u00e9 le Fran\u00e7ais sur le site du club. Il a un immense potentiel et Sunderland va lui offrir le bon environnement pour continuer \u00e0 se d\u00e9velopper et \u00e0 progresser. Il \u00e9volue \u00e0 gauche et son profil est compl\u00e9mentaire de ceux que nous avons d\u00e9j\u00e0 au club et qui peuvent jouer des deux c\u00f4t\u00e9s.\u00a0\u00bb<\/p>\n<p><a href=\"https:\/\/www.dhnet.be\/sports\/football\/europe\/championnatsetrangers\/2026\/08\/27\/la-coupe-du-monde-quil-a-detestee-son-arrivee-en-angleterre-thomas-meunier-se-livre-lappel-de-sunderland-a-tout-change-KJN7UNBTUBAJ7O5D3TFXQ4TIR4\/\" target=\"_self\" class=\"ap-StoryInterstitialLink ap-StoryElement ap-StoryElement--mb\" rel=\"nofollow noopener\">La Coupe du monde qu&rsquo;il a d\u00e9test\u00e9e, son arriv\u00e9e en Angleterre&#8230; Thomas Meunier se livre: \u00ab\u00a0L&rsquo;appel de Sunderland a tout chang\u00e9\u00a0\u00bb<\/a><\/p>\n<p class=\"ap-StoryElement ap-StoryElement--mb ap-StoryText\">Faute d&rsquo;avoir attir\u00e9 un sp\u00e9cialiste de l&rsquo;aile droite qui aurait pu \u00eatre Dodi Lukebakio, le septi\u00e8me de Premier League la saison pass\u00e9e va donc miser sur la polyvalence de son effectif. Titulaire lors des deux premi\u00e8res journ\u00e9es sur son flanc pr\u00e9f\u00e9rentiel, Angulo, comme Talbi qui l&rsquo;a remplac\u00e9 \u00e0 chaque fois, a prouv\u00e9 qu&rsquo;il pouvait \u00e9voluer \u00e0 droite. Ce que Fofana est aussi capable de faire dans un couloir o\u00f9 Trai Hume, lat\u00e9ral de formation, s&rsquo;est install\u00e9 depuis la fin de la saison derni\u00e8re.<\/p>\n<p class=\"ap-StoryElement ap-StoryElement--mb ap-StoryText\">Habib Diarra, joueur le plus cher de l&rsquo;histoire des Black Cats depuis son arriv\u00e9e pour 31,5 millions l&rsquo;an pass\u00e9 en provenance de Strasbourg, soit 1,5 million de plus que Fofana, est aussi capable de jouer \u00e0 droite du 4-2-3-1 de R\u00e9gis Le Bris, comme Romaine Mundle ou le plus axial Chris Rigg. Ce qui dessine en creux la concurrence \u00e0 laquelle Fofana est d\u00e9sormais confront\u00e9e.<\/p>\n","protected":false},"excerpt":{"rendered":"Un sc\u00e9nario plus fou qu&rsquo;\u00e0 Hollywood : le r\u00e9cit de la journ\u00e9e d\u00e9lirante de Malick Fofana\u2026 qui a&hellip;\n","protected":false},"author":2,"featured_media":237245,"comment_status":"","ping_status":"","sticky":false,"template":"","format":"standard","meta":{"footnotes":"","_share_on_mastodon":"0"},"categories":[8],"tags":[10,12,13,18,17,365,39463,6060,103,38457,11,906,369],"class_list":["post-237244","post","type-post","status-publish","format-standard","has-post-thumbnail","category-actualites","tag-actualites","tag-be","tag-be-fr","tag-belgique","tag-belgium","tag-color-image","tag-fifa-world-cup","tag-gettyimagerank3","tag-horizontal","tag-international-team-soccer","tag-news","tag-soccer","tag-sport"],"share_on_mastodon":{"url":"https:\/\/pubeurope.com\/@be_fr\/117206027259549955","error":""},"_links":{"self":[{"href":"https:\/\/www.europesays.com\/be-fr\/wp-json\/wp\/v2\/posts\/237244","targetHints":{"allow":["GET"]}}],"collection":[{"href":"https:\/\/www.europesays.com\/be-fr\/wp-json\/wp\/v2\/posts"}],"about":[{"href":"https:\/\/www.europesays.com\/be-fr\/wp-json\/wp\/v2\/types\/post"}],"author":[{"embeddable":true,"href":"https:\/\/www.europesays.com\/be-fr\/wp-json\/wp\/v2\/users\/2"}],"replies":[{"embeddable":true,"href":"https:\/\/www.europesays.com\/be-fr\/wp-json\/wp\/v2\/comments?post=237244"}],"version-history":[{"count":0,"href":"https:\/\/www.europesays.com\/be-fr\/wp-json\/wp\/v2\/posts\/237244\/revisions"}],"wp:featuredmedia":[{"embeddable":true,"href":"https:\/\/www.europesays.com\/be-fr\/wp-json\/wp\/v2\/media\/237245"}],"wp:attachment":[{"href":"https:\/\/www.europesays.com\/be-fr\/wp-json\/wp\/v2\/media?parent=237244"}],"wp:term":[{"taxonomy":"category","embeddable":true,"href":"https:\/\/www.europesays.com\/be-fr\/wp-json\/wp\/v2\/categories?post=237244"},{"taxonomy":"post_tag","embeddable":true,"href":"https:\/\/www.europesays.com\/be-fr\/wp-json\/wp\/v2\/tags?post=237244"}],"curies":[{"name":"wp","href":"https:\/\/api.w.org\/{rel}","templated":true}]}}