{"id":237272,"date":"2026-09-03T08:17:19","date_gmt":"2026-09-03T08:17:19","guid":{"rendered":"https:\/\/www.europesays.com\/be-fr\/237272\/"},"modified":"2026-09-03T08:17:19","modified_gmt":"2026-09-03T08:17:19","slug":"le-ps-sinquiete-des-economies-potentielles-a-lone-on-va-vraiment-toucher-aux-missions-essentielles-de-lenfance","status":"publish","type":"post","link":"https:\/\/www.europesays.com\/be-fr\/237272\/","title":{"rendered":"Le PS s&rsquo;inqui\u00e8te des \u00e9conomies potentielles \u00e0 l&rsquo;ONE\u00a0: \u00ab\u00a0On va vraiment toucher aux missions essentielles de l&rsquo;enfance\u00a0\u00bb"},"content":{"rendered":"<p><a href=\"https:\/\/www.dhnet.be\/actu\/belgique\/2026\/08\/31\/la-proposition-de-defi-pour-economiser-deux-milliards-par-an-KE5TWZ4KLNH4HFCFSMO3QPZMHA\/\" target=\"_self\" class=\"ap-StoryInterstitialLink ap-StoryElement ap-StoryElement--mb js-paywall-target\" rel=\"nofollow noopener\">La proposition de D\u00e9FI pour \u00e9conomiser deux milliards par an<\/a><\/p>\n<p class=\"ap-StoryElement ap-StoryElement--mb ap-StoryText\">Selon une note interne \u00e0 l&rsquo;ONE \u00e9voqu\u00e9e par Le Soir en d\u00e9but de semaine, les \u00e9conomies pourraient monter \u00e0 4,2 millions d&rsquo;\u00e9conomies. Dans les calculs du PS, le montant serait nettement plus \u00e9lev\u00e9. \u00ab\u00a0Ce n&rsquo;est pas seulement qu&rsquo;ils sont \u00e0 l&rsquo;os. L\u00e0, on va vraiment toucher aux missions essentielles de l&rsquo;enfance\u00a0\u00bb, pr\u00e9dit Martin Casier. \u00ab\u00a0In\u00e9vitablement, le service rendu aux citoyens va drastiquement baisser.\u00a0\u00bb<\/p>\n<p>Millions d&rsquo;euros<\/p>\n<p class=\"ap-StoryElement ap-StoryElement--mb ap-StoryText\">En se basant sur des fragments de notes internes et en recoupant avec les r\u00e9ponses donn\u00e9es par la ministre Lescrenier, le PS pense avoir identifi\u00e9 les pistes d&rsquo;\u00e9conomies pr\u00e9vues au niveau de l&rsquo;ONE. 10 millions d&rsquo;euros seraient retir\u00e9s dans l&rsquo;accueil temps libre (ATL) et l&rsquo;extrascolaire. Les \u00e9coles de devoirs seraient priv\u00e9es d&rsquo;1,4 million d&rsquo;euros. Le budget des \u00e9quipes SOS Enfants, en charge de la maltraitance, serait rabot\u00e9 de 5 %. Le d\u00e9partement en charge de la promotion sant\u00e9 et du d\u00e9pistage des maladies perdrait 10 % de ses moyens. L&rsquo;ONE aurait \u00e9galement 1 million d&rsquo;euros en moins pour acheter des vaccins.<\/p>\n<p><a href=\"https:\/\/www.dhnet.be\/actu\/belgique\/2026\/09\/02\/faut-il-reduire-le-nombre-de-jours-de-conge-des-parlementaires-pourquoi-pas-mais-il-est-faux-de-croire-quon-ne-fait-rien-7SKFYFR4SJGEHIECKV3LWLX7ZM\/\" target=\"_self\" class=\"ap-StoryInterstitialLink ap-StoryElement ap-StoryElement--mb\" rel=\"nofollow noopener\">Faut-il r\u00e9duire le nombre de jours de cong\u00e9 des parlementaires ? \u00ab\u00a0Pourquoi pas ? Mais il est faux de croire qu&rsquo;on ne fait rien\u00a0\u00bb<\/a><\/p>\n<p class=\"ap-StoryElement ap-StoryElement--mb ap-StoryText\">Si ce plan venait \u00e0 se concr\u00e9tiser, il n&rsquo;y aura, selon Martin Casier, que deux issues possibles. Soit une hausse des tarifs demand\u00e9s aux parents, soit une diminution des services. Le d\u00e9put\u00e9 craint que cela ne se traduise par la fermeture de places d&rsquo;accueil, la hausse du co\u00fbt de garde pour les familles, la d\u00e9gradation des conditions d&rsquo;encadrement des enfants et une baisse de la couverture vaccinale.<\/p>\n<p>Lescrenier d\u00e9ment<\/p>\n<p class=\"ap-StoryElement ap-StoryElement--mb ap-StoryText\">Contact\u00e9, le cabinet de la ministre rejette toutes ces all\u00e9gations. \u00ab\u00a0Non, la ministre de l&rsquo;Enfance ne compte pas imposer de r\u00e9ductions budg\u00e9taires au secteur de la petite enfance.\u00a0\u00bb<\/p>\n<p class=\"ap-StoryElement ap-StoryElement--mb ap-StoryText\">Les chiffres avanc\u00e9s par le PS sont issus d&rsquo;une note interne \u00e0 l&rsquo;ONE \u00ab\u00a0qui n&rsquo;a jamais \u00e9t\u00e9 valid\u00e9e ni par le Conseil d&rsquo;Administration, ni par le gouvernement et qui ne refl\u00e8te pas les ambitions de la ministre concernant la petite enfance\u00a0\u00bb, poursuit le cabinet.<\/p>\n<p class=\"ap-StoryElement ap-StoryElement--mb ap-StoryText\">La ministre souhaiterait, au contraire, que l&rsquo;organisation et les moyens de l&rsquo;ONE r\u00e9pondent de la mani\u00e8re \u00ab\u00a0la plus pertinente, la plus efficace et la plus lisible possible\u00a0\u00bb aux besoins du terrain et des familles.<\/p>\n<p class=\"ap-StoryElement ap-StoryElement--mb ap-StoryText\">\u00c0 ce stade, Val\u00e9rie Lescrenier n&rsquo;a cependant pas encore confirm\u00e9 o\u00f9 et comment seront faites les \u00e9conomies.<\/p>\n","protected":false},"excerpt":{"rendered":"La proposition de D\u00e9FI pour \u00e9conomiser deux milliards par an Selon une note interne \u00e0 l&rsquo;ONE \u00e9voqu\u00e9e par&hellip;\n","protected":false},"author":2,"featured_media":237273,"comment_status":"","ping_status":"","sticky":false,"template":"","format":"standard","meta":{"footnotes":"","_share_on_mastodon":"0"},"categories":[2],"tags":[27672,3847,12484,51371,12,13,18,17,1074,3851,3027,1076,1077,1078,1079,73569,1080,482,3030,3031,32250,3914,2170,1430,901,1081,906,5164,51372,3037,84,907,3964,1082],"class_list":["post-237272","post","type-post","status-publish","format-standard","has-post-thumbnail","category-belgique","tag-arena","tag-athlete","tag-audience","tag-baseball-park","tag-be","tag-be-fr","tag-belgique","tag-belgium","tag-bruges","tag-competition","tag-crowd","tag-d1","tag-division-un","tag-eerste-klasse","tag-first-division","tag-floodlit","tag-foot","tag-football","tag-grass","tag-group-of-people","tag-illuminated","tag-luik","tag-night","tag-person","tag-player","tag-premiere-division","tag-soccer","tag-soccer-field","tag-soccer-specific-stadium","tag-sport-venue","tag-sports","tag-stadium","tag-team-sport","tag-voetbal"],"share_on_mastodon":{"url":"https:\/\/pubeurope.com\/@be_fr\/117206125475562566","error":""},"_links":{"self":[{"href":"https:\/\/www.europesays.com\/be-fr\/wp-json\/wp\/v2\/posts\/237272","targetHints":{"allow":["GET"]}}],"collection":[{"href":"https:\/\/www.europesays.com\/be-fr\/wp-json\/wp\/v2\/posts"}],"about":[{"href":"https:\/\/www.europesays.com\/be-fr\/wp-json\/wp\/v2\/types\/post"}],"author":[{"embeddable":true,"href":"https:\/\/www.europesays.com\/be-fr\/wp-json\/wp\/v2\/users\/2"}],"replies":[{"embeddable":true,"href":"https:\/\/www.europesays.com\/be-fr\/wp-json\/wp\/v2\/comments?post=237272"}],"version-history":[{"count":0,"href":"https:\/\/www.europesays.com\/be-fr\/wp-json\/wp\/v2\/posts\/237272\/revisions"}],"wp:featuredmedia":[{"embeddable":true,"href":"https:\/\/www.europesays.com\/be-fr\/wp-json\/wp\/v2\/media\/237273"}],"wp:attachment":[{"href":"https:\/\/www.europesays.com\/be-fr\/wp-json\/wp\/v2\/media?parent=237272"}],"wp:term":[{"taxonomy":"category","embeddable":true,"href":"https:\/\/www.europesays.com\/be-fr\/wp-json\/wp\/v2\/categories?post=237272"},{"taxonomy":"post_tag","embeddable":true,"href":"https:\/\/www.europesays.com\/be-fr\/wp-json\/wp\/v2\/tags?post=237272"}],"curies":[{"name":"wp","href":"https:\/\/api.w.org\/{rel}","templated":true}]}}