{"id":237314,"date":"2026-09-03T08:59:28","date_gmt":"2026-09-03T08:59:28","guid":{"rendered":"https:\/\/www.europesays.com\/be-fr\/237314\/"},"modified":"2026-09-03T08:59:28","modified_gmt":"2026-09-03T08:59:28","slug":"inquietude-autour-de-jesse-bisiwu-sorti-sur-civiere-avec-le-barca-b-video","status":"publish","type":"post","link":"https:\/\/www.europesays.com\/be-fr\/237314\/","title":{"rendered":"Inqui\u00e9tude autour de Jesse Bisiwu, sorti sur civi\u00e8re avec le Bar\u00e7a B (VID\u00c9O)"},"content":{"rendered":"<p class=\"ap-StoryElement ap-StoryElement--mb ap-StoryText\">La poisse pour Jesse Bisiwu ! Align\u00e9 d&rsquo;entr\u00e9e de jeu avec le Bar\u00e7a Atletic lors de la finale de la Coupe de Catalogne contre Sabadell, le jeune Belge est rest\u00e9 au sol apr\u00e8s un contact avec l&rsquo;Espagnol Gonzalo \u00c1vila.<\/p>\n<p class=\"ap-StoryElement ap-StoryElement--mb ap-StoryText\">Touch\u00e9 \u00e0 la cheville, le joueur belge a finalement d\u00fb \u00eatre \u00e9vacu\u00e9 sur civi\u00e8re, le visage marqu\u00e9 par la douleur.<\/p>\n<p><a href=\"https:\/\/www.dhnet.be\/sports\/2026\/08\/29\/entre-son-transfert-a-barcelone-et-son-avenir-en-selection-jesse-bisiwu-se-confie-nous-avons-eu-quelques-bonnes-discussions-avec-van-bommel-B2IM4UAPB5G57PHJZC4GPUO24A\/\" target=\"_self\" class=\"ap-StoryInterstitialLink ap-StoryElement ap-StoryElement--mb\" rel=\"nofollow noopener\">Entre son transfert \u00e0 Barcelone et son avenir en s\u00e9lection, Jesse Bisiwu se confie : \u00ab\u00a0Nous avons eu quelques bonnes discussions avec van Bommel\u00a0\u00bb<\/a><\/p>\n<p class=\"ap-StoryElement ap-StoryElement--mb ap-StoryText\">Bisiwu est finalement revenu sur le bord du terrain en seconde p\u00e9riode, marchant \u00e0 l&rsquo;aide de b\u00e9quilles et portant une botte orthop\u00e9dique. Le joueur devra passer des examens ce jeudi pour d\u00e9terminer la gravit\u00e9 r\u00e9elle de sa blessure. N\u00e9anmoins, Mundo Deportivo se montre rassurant, le joueur ne souffrant \u00ab\u00a0que\u00a0\u00bb d&rsquo;une entorse \u00e0 la cheville.<\/p>\n","protected":false},"excerpt":{"rendered":"La poisse pour Jesse Bisiwu ! Align\u00e9 d&rsquo;entr\u00e9e de jeu avec le Bar\u00e7a Atletic lors de la finale&hellip;\n","protected":false},"author":2,"featured_media":237315,"comment_status":"","ping_status":"","sticky":false,"template":"","format":"standard","meta":{"footnotes":"","_share_on_mastodon":"0"},"categories":[8],"tags":[10,12,13,18,17,1074,11],"class_list":["post-237314","post","type-post","status-publish","format-standard","has-post-thumbnail","category-actualites","tag-actualites","tag-be","tag-be-fr","tag-belgique","tag-belgium","tag-bruges","tag-news"],"share_on_mastodon":{"url":"https:\/\/pubeurope.com\/@be_fr\/117206290591520343","error":""},"_links":{"self":[{"href":"https:\/\/www.europesays.com\/be-fr\/wp-json\/wp\/v2\/posts\/237314","targetHints":{"allow":["GET"]}}],"collection":[{"href":"https:\/\/www.europesays.com\/be-fr\/wp-json\/wp\/v2\/posts"}],"about":[{"href":"https:\/\/www.europesays.com\/be-fr\/wp-json\/wp\/v2\/types\/post"}],"author":[{"embeddable":true,"href":"https:\/\/www.europesays.com\/be-fr\/wp-json\/wp\/v2\/users\/2"}],"replies":[{"embeddable":true,"href":"https:\/\/www.europesays.com\/be-fr\/wp-json\/wp\/v2\/comments?post=237314"}],"version-history":[{"count":0,"href":"https:\/\/www.europesays.com\/be-fr\/wp-json\/wp\/v2\/posts\/237314\/revisions"}],"wp:featuredmedia":[{"embeddable":true,"href":"https:\/\/www.europesays.com\/be-fr\/wp-json\/wp\/v2\/media\/237315"}],"wp:attachment":[{"href":"https:\/\/www.europesays.com\/be-fr\/wp-json\/wp\/v2\/media?parent=237314"}],"wp:term":[{"taxonomy":"category","embeddable":true,"href":"https:\/\/www.europesays.com\/be-fr\/wp-json\/wp\/v2\/categories?post=237314"},{"taxonomy":"post_tag","embeddable":true,"href":"https:\/\/www.europesays.com\/be-fr\/wp-json\/wp\/v2\/tags?post=237314"}],"curies":[{"name":"wp","href":"https:\/\/api.w.org\/{rel}","templated":true}]}}