{"id":237348,"date":"2026-09-03T09:37:14","date_gmt":"2026-09-03T09:37:14","guid":{"rendered":"https:\/\/www.europesays.com\/be-fr\/237348\/"},"modified":"2026-09-03T09:37:14","modified_gmt":"2026-09-03T09:37:14","slug":"on-le-sait-les-causes-de-la-mort-de-la-petite-lyhanna-sont-connues-de-la-defense-mais-on-prefere-garder-cet-element-secret","status":"publish","type":"post","link":"https:\/\/www.europesays.com\/be-fr\/237348\/","title":{"rendered":"On le sait\u00a0\u00bb: les causes de la mort de la petite Lyhanna sont connues de la d\u00e9fense, mais \u00ab\u00a0on pr\u00e9f\u00e8re garder cet \u00e9l\u00e9ment secret"},"content":{"rendered":"<p class=\"ap-StoryElement ap-StoryElement--mb ap-StoryText\">Il y a 3 mois, le corps sans vie du <a href=\"https:\/\/www.lalibre.be\/international\/europe\/2026\/06\/05\/le-corps-de-lyhanna-disparue-en-france-a-ete-formellement-identifie-les-causes-du-deces-ne-sont-toujours-pas-connues-4RXODTMFXFHLPL73L2UPOD722E\/\" target=\"_self\" rel=\"nofollow noopener\">corps de Lyhanna<\/a>, une jeune Fran\u00e7aise de 11 ans, disparue \u00e0 la sortie de son coll\u00e8ge, \u00e9tait retrouv\u00e9 dans un silo dans le Gers. Une affaire qui avait \u00e9mu toute le France et \u00e9branl\u00e9 les responsables politiques.<\/p>\n<p class=\"ap-StoryElement ap-StoryElement--mb ap-StoryText\">Peu apr\u00e8s sa mort, une premi\u00e8re autopsie avait \u00e9t\u00e9 r\u00e9alis\u00e9e, r\u00e9v\u00e9lant que la jeune fille avait \u00e9t\u00e9 viol\u00e9e, mais ne permettant pas d&rsquo;\u00e9tablir avec certitude la cause de son d\u00e9c\u00e8s.<\/p>\n<p class=\"ap-StoryElement ap-StoryElement--mb ap-StoryText\">Des examens toxicologiques et anatomopathologiques (NdlR : qui consistent \u00e0 analyser des cellules ou des tissus pr\u00e9lev\u00e9s sur le patient) compl\u00e9mentaires s&rsquo;\u00e9taient av\u00e9r\u00e9s n\u00e9cessaires.<\/p>\n","protected":false},"excerpt":{"rendered":"Il y a 3 mois, le corps sans vie du corps de Lyhanna, une jeune Fran\u00e7aise de 11&hellip;\n","protected":false},"author":2,"featured_media":237349,"comment_status":"","ping_status":"","sticky":false,"template":"","format":"standard","meta":{"footnotes":"","_share_on_mastodon":"0"},"categories":[9],"tags":[12,13,18,17,1622,186,496,103,31,934,11062,104,183,32],"class_list":["post-237348","post","type-post","status-publish","format-standard","has-post-thumbnail","category-international","tag-be","tag-be-fr","tag-belgique","tag-belgium","tag-children","tag-essential","tag-government","tag-horizontal","tag-international","tag-justice","tag-parliament","tag-politics","tag-social","tag-world-news"],"share_on_mastodon":{"url":"https:\/\/pubeurope.com\/@be_fr\/117206440179578500","error":""},"_links":{"self":[{"href":"https:\/\/www.europesays.com\/be-fr\/wp-json\/wp\/v2\/posts\/237348","targetHints":{"allow":["GET"]}}],"collection":[{"href":"https:\/\/www.europesays.com\/be-fr\/wp-json\/wp\/v2\/posts"}],"about":[{"href":"https:\/\/www.europesays.com\/be-fr\/wp-json\/wp\/v2\/types\/post"}],"author":[{"embeddable":true,"href":"https:\/\/www.europesays.com\/be-fr\/wp-json\/wp\/v2\/users\/2"}],"replies":[{"embeddable":true,"href":"https:\/\/www.europesays.com\/be-fr\/wp-json\/wp\/v2\/comments?post=237348"}],"version-history":[{"count":0,"href":"https:\/\/www.europesays.com\/be-fr\/wp-json\/wp\/v2\/posts\/237348\/revisions"}],"wp:featuredmedia":[{"embeddable":true,"href":"https:\/\/www.europesays.com\/be-fr\/wp-json\/wp\/v2\/media\/237349"}],"wp:attachment":[{"href":"https:\/\/www.europesays.com\/be-fr\/wp-json\/wp\/v2\/media?parent=237348"}],"wp:term":[{"taxonomy":"category","embeddable":true,"href":"https:\/\/www.europesays.com\/be-fr\/wp-json\/wp\/v2\/categories?post=237348"},{"taxonomy":"post_tag","embeddable":true,"href":"https:\/\/www.europesays.com\/be-fr\/wp-json\/wp\/v2\/tags?post=237348"}],"curies":[{"name":"wp","href":"https:\/\/api.w.org\/{rel}","templated":true}]}}