{"id":237360,"date":"2026-09-03T09:50:15","date_gmt":"2026-09-03T09:50:15","guid":{"rendered":"https:\/\/www.europesays.com\/be-fr\/237360\/"},"modified":"2026-09-03T09:50:15","modified_gmt":"2026-09-03T09:50:15","slug":"la-reponse-radicale-de-la-russie-apres-la-fermeture-de-la-maison-russe-a-berlin","status":"publish","type":"post","link":"https:\/\/www.europesays.com\/be-fr\/237360\/","title":{"rendered":"La r\u00e9ponse radicale de la Russie apr\u00e8s la fermeture de la \u00ab\u00a0Maison russe\u00a0\u00bb \u00e0 Berlin"},"content":{"rendered":"<p class=\"ap-StoryElement ap-StoryElement--mb ap-StoryText\">La Russie va fermer les Instituts Goethe pr\u00e9sents sur son territoire, a annonc\u00e9 jeudi le chef de la diplomatie russe Sergue\u00ef Lavrov. Ces centres, implant\u00e9s dans pr\u00e8s de 100 pays, promeuvent la culture allemande.<\/p>\n<p class=\"ap-StoryElement ap-StoryElement--mb ap-StoryText\">Il s&rsquo;agit d&rsquo;une r\u00e9ponse \u00e0 la fermeture du centre culturel russe de Berlin, aussi appel\u00e9 \u00ab\u00a0Maison russe\u00a0\u00bb, selon l&rsquo;agence de presse russe Interfax.<\/p>\n<p><a href=\"https:\/\/www.lalibre.be\/international\/europe\/guerre-ukraine-russie\/2026\/09\/02\/une-magnifique-couverture-pour-lespionnage-pourquoi-lallemagne-veut-fermer-la-maison-russe-de-berlin-YIOOLNCRYJCLFJR2MKMT5TMCFQ\/\" target=\"_self\" class=\"ap-StoryInterstitialLink ap-StoryElement ap-StoryElement--mb\" rel=\"nofollow noopener\">Pourquoi l&rsquo;Allemagne veut fermer la Maison russe de Berlin, un b\u00e2timent \u00e0 la consommation d&rsquo;\u00e9lectricit\u00e9 anormalement \u00e9lev\u00e9e<\/a><\/p>\n<p class=\"ap-StoryElement ap-StoryElement--mb ap-StoryText\">L&rsquo;Allemagne a annonc\u00e9 mardi des mesures de r\u00e9torsion contre la Russie, apr\u00e8s l&rsquo;avoir accus\u00e9e d&rsquo;avoir envoy\u00e9 un drone charg\u00e9 d&rsquo;explosifs d\u00e9but ao\u00fbt \u00e0 l&rsquo;a\u00e9roport de Leipzig, une plateforme militaire capitale pour l&rsquo;arm\u00e9e allemande et pour l&rsquo;Otan. Outre la \u00ab\u00a0Maison russe\u00a0\u00bb berlinoise, l&rsquo;Allemagne fermera le dernier consulat russe encore en activit\u00e9 sur son territoire, situ\u00e9 \u00e0 Bonn (ouest), le 18 septembre.<\/p>\n","protected":false},"excerpt":{"rendered":"La Russie va fermer les Instituts Goethe pr\u00e9sents sur son territoire, a annonc\u00e9 jeudi le chef de la&hellip;\n","protected":false},"author":2,"featured_media":237361,"comment_status":"","ping_status":"","sticky":false,"template":"","format":"standard","meta":{"footnotes":"","_share_on_mastodon":"0"},"categories":[9],"tags":[629,12,13,18,17,5639,31,8609,331,332,32],"class_list":["post-237360","post","type-post","status-publish","format-standard","has-post-thumbnail","category-international","tag-allemagne","tag-be","tag-be-fr","tag-belgique","tag-belgium","tag-infrastructure","tag-international","tag-langues","tag-russie","tag-ukraine","tag-world-news"],"share_on_mastodon":{"url":"https:\/\/pubeurope.com\/@be_fr\/117206491304884771","error":""},"_links":{"self":[{"href":"https:\/\/www.europesays.com\/be-fr\/wp-json\/wp\/v2\/posts\/237360","targetHints":{"allow":["GET"]}}],"collection":[{"href":"https:\/\/www.europesays.com\/be-fr\/wp-json\/wp\/v2\/posts"}],"about":[{"href":"https:\/\/www.europesays.com\/be-fr\/wp-json\/wp\/v2\/types\/post"}],"author":[{"embeddable":true,"href":"https:\/\/www.europesays.com\/be-fr\/wp-json\/wp\/v2\/users\/2"}],"replies":[{"embeddable":true,"href":"https:\/\/www.europesays.com\/be-fr\/wp-json\/wp\/v2\/comments?post=237360"}],"version-history":[{"count":0,"href":"https:\/\/www.europesays.com\/be-fr\/wp-json\/wp\/v2\/posts\/237360\/revisions"}],"wp:featuredmedia":[{"embeddable":true,"href":"https:\/\/www.europesays.com\/be-fr\/wp-json\/wp\/v2\/media\/237361"}],"wp:attachment":[{"href":"https:\/\/www.europesays.com\/be-fr\/wp-json\/wp\/v2\/media?parent=237360"}],"wp:term":[{"taxonomy":"category","embeddable":true,"href":"https:\/\/www.europesays.com\/be-fr\/wp-json\/wp\/v2\/categories?post=237360"},{"taxonomy":"post_tag","embeddable":true,"href":"https:\/\/www.europesays.com\/be-fr\/wp-json\/wp\/v2\/tags?post=237360"}],"curies":[{"name":"wp","href":"https:\/\/api.w.org\/{rel}","templated":true}]}}