{"id":237432,"date":"2026-09-03T11:05:10","date_gmt":"2026-09-03T11:05:10","guid":{"rendered":"https:\/\/www.europesays.com\/be-fr\/237432\/"},"modified":"2026-09-03T11:05:10","modified_gmt":"2026-09-03T11:05:10","slug":"nicolas-raskin-une-histoire-de-tirs-hors-cadre-malgre-une-grosse-cote-pourquoi-na-t-il-pas-ete-transfere-cet-ete","status":"publish","type":"post","link":"https:\/\/www.europesays.com\/be-fr\/237432\/","title":{"rendered":"Nicolas Raskin, une histoire de tirs hors cadre : malgr\u00e9 une grosse cote, pourquoi n&rsquo;a-t-il pas \u00e9t\u00e9 transf\u00e9r\u00e9 cet \u00e9t\u00e9 ?"},"content":{"rendered":"<p class=\"ap-StoryQuote-text\">Ce n&rsquo;\u00e9tait ni son souhait ni celui du club.<\/p>\n<p class=\"ap-StoryElement ap-StoryElement--mb ap-StoryText\">La r\u00e9ponse tient en une succession de d\u00e9convenues et dans le fait qu&rsquo;aucun de ses pr\u00e9tendants n&rsquo;en avait fait sa cible num\u00e9ro une. Manchester United a par exemple pr\u00e9f\u00e9r\u00e9 faire sauter sa tirelire pour Carlos Baleba (76 M \u20ac) et Andrey Santos (56 M \u20ac), plus jeunes que Raskin et consid\u00e9r\u00e9s comme \u00e0 plus forts potentiels (sportif et \u00e9conomique).<\/p>\n<p><a href=\"https:\/\/www.dhnet.be\/sports\/football\/diablesrouges\/2026\/09\/02\/nicolas-raskin-de-retour-comme-titulaire-avec-les-glasgow-rangers-FW4YUZYCCNAFRFEUN53TN54HX4\/\" target=\"_self\" class=\"ap-StoryInterstitialLink ap-StoryElement ap-StoryElement--mb\" rel=\"nofollow noopener\">Nicolas Raskin de retour comme titulaire avec les Glasgow Rangers<\/a><\/p>\n<p class=\"ap-StoryElement ap-StoryElement--mb ap-StoryText\">Le Betis, l&rsquo;AS Rome et Aston Villa ont de leur c\u00f4t\u00e9 r\u00e9ussi \u00e0 attirer gratuitement un m\u00e9dian de renom : respectivement Dani Ceballos (Real Madrid), Maarten de Roon (Atalanta) et Leon Goretzka (Bayern Munich). Bologne comptait sur lui uniquement en cas de d\u00e9part de Lewis Ferguson, finalement rest\u00e9. Tandis que Villarreal a pr\u00e9f\u00e9r\u00e9 l&rsquo;Anderlechtois Nathan Saliba, plus jeune et surtout moins cher (15 millions) que Raskin.<\/p>\n<p class=\"ap-StoryElement ap-StoryElement--mb ap-StoryText\">Les Rangers r\u00e9clamaient en effet pr\u00e8s de 20 millions d&rsquo;euros pour le Diable rouge. Somme qu&rsquo;Hull City n&rsquo;a pas \u00e9t\u00e9 capable de proposer. <a href=\"https:\/\/www.dhnet.be\/sports\/football\/mercato\/2026\/09\/02\/nicolas-raskin-va-t-il-obtenir-son-transfert-un-club-turc-est-tombe-daccord-avec-les-rangers-TUE74IQB7ZH7ND6ZZMKURHZXVY\/\" target=\"_self\" rel=\"nofollow noopener\">Restait enfin l&rsquo;offre du Besiktas, comme derni\u00e8re porte de sortie entrouverte<\/a> cette semaine. <a href=\"https:\/\/www.dhnet.be\/sports\/football\/mercato\/2026\/09\/03\/un-mondialiste-a-saint-trond-raskin-refuse-besiktas-suivez-la-derniere-journee-du-mercato-en-belgique-WYZPHXGQVFBTHCBWD66JMFLXDU\/\" target=\"_self\" rel=\"nofollow noopener\">Mais le projet ne l&rsquo;a pas convaincu.<\/a> \u00ab\u00a0Nico a eu l&rsquo;occasion de partir, mais ce n&rsquo;\u00e9tait ni son souhait ni celui du club\u00a0\u00bb, a r\u00e9pondu son entra\u00eeneur Derek McInnes.<\/p>\n<p class=\"ap-StoryElement ap-StoryElement--mb ap-StoryText\">M\u00eame si le mercato reste ouvert jusqu&rsquo;\u00e0 vendredi soir en Turquie, la deadline pour l&rsquo;ajouter potentiellement \u00e0 la liste europ\u00e9enne est d\u00e9sormais pass\u00e9e. Conclusion : \u00ab\u00a0je pense qu&rsquo;il restera\u00a0\u00bb, a souri le coach des Rangers <a href=\"https:\/\/www.dhnet.be\/sports\/football\/diablesrouges\/2026\/09\/02\/nicolas-raskin-de-retour-comme-titulaire-avec-les-glasgow-rangers-FW4YUZYCCNAFRFEUN53TN54HX4\/\" target=\"_self\" rel=\"nofollow noopener\">qui l&rsquo;a d&rsquo;ailleurs symboliquement fait jouer 90 minutes ce mercredi soir \u00e0 Falkirk.<\/a><\/p>\n<p class=\"ap-StoryElement ap-StoryElement--mb ap-StoryText\">Nicolas Raskin passera donc les quatre prochains mois en \u00c9cosse, en attendant de nouvelles opportunit\u00e9s de transfert en janvier.<\/p>\n<p><a href=\"https:\/\/www.dhnet.be\/sports\/football\/mercato\/2026\/09\/02\/nicolas-raskin-wout-faes-mandela-keita-ou-a-thur-vermeeren-les-grands-perdants-de-la-derniere-journee-du-mercato-DS6SOLUBYJHG5JQ4AZS5NKBWIQ\/\" target=\"_self\" class=\"ap-StoryInterstitialLink ap-StoryElement ap-StoryElement--mb\" rel=\"nofollow noopener\">Nicolas Raskin, Wout Faes, Mandela Keita ou Arthur Vermeeren : les grands perdants de la derni\u00e8re journ\u00e9e du mercato<\/a><\/p>\n","protected":false},"excerpt":{"rendered":"Ce n&rsquo;\u00e9tait ni son souhait ni celui du club. La r\u00e9ponse tient en une succession de d\u00e9convenues et&hellip;\n","protected":false},"author":2,"featured_media":237433,"comment_status":"","ping_status":"","sticky":false,"template":"","format":"standard","meta":{"footnotes":"","_share_on_mastodon":"0"},"categories":[81],"tags":[12,13,18,17,38877,365,39463,753,103,53583,38457,906,48664,369,84],"class_list":["post-237432","post","type-post","status-publish","format-standard","has-post-thumbnail","category-sports","tag-be","tag-be-fr","tag-belgique","tag-belgium","tag-city-of-los-angeles","tag-color-image","tag-fifa-world-cup","tag-gettyimagerank2","tag-horizontal","tag-inglewood","tag-international-team-soccer","tag-soccer","tag-sofi-stadium","tag-sport","tag-sports"],"share_on_mastodon":{"url":"https:\/\/pubeurope.com\/@be_fr\/117206786219260258","error":""},"_links":{"self":[{"href":"https:\/\/www.europesays.com\/be-fr\/wp-json\/wp\/v2\/posts\/237432","targetHints":{"allow":["GET"]}}],"collection":[{"href":"https:\/\/www.europesays.com\/be-fr\/wp-json\/wp\/v2\/posts"}],"about":[{"href":"https:\/\/www.europesays.com\/be-fr\/wp-json\/wp\/v2\/types\/post"}],"author":[{"embeddable":true,"href":"https:\/\/www.europesays.com\/be-fr\/wp-json\/wp\/v2\/users\/2"}],"replies":[{"embeddable":true,"href":"https:\/\/www.europesays.com\/be-fr\/wp-json\/wp\/v2\/comments?post=237432"}],"version-history":[{"count":0,"href":"https:\/\/www.europesays.com\/be-fr\/wp-json\/wp\/v2\/posts\/237432\/revisions"}],"wp:featuredmedia":[{"embeddable":true,"href":"https:\/\/www.europesays.com\/be-fr\/wp-json\/wp\/v2\/media\/237433"}],"wp:attachment":[{"href":"https:\/\/www.europesays.com\/be-fr\/wp-json\/wp\/v2\/media?parent=237432"}],"wp:term":[{"taxonomy":"category","embeddable":true,"href":"https:\/\/www.europesays.com\/be-fr\/wp-json\/wp\/v2\/categories?post=237432"},{"taxonomy":"post_tag","embeddable":true,"href":"https:\/\/www.europesays.com\/be-fr\/wp-json\/wp\/v2\/tags?post=237432"}],"curies":[{"name":"wp","href":"https:\/\/api.w.org\/{rel}","templated":true}]}}