{"id":237446,"date":"2026-09-03T11:17:11","date_gmt":"2026-09-03T11:17:11","guid":{"rendered":"https:\/\/www.europesays.com\/be-fr\/237446\/"},"modified":"2026-09-03T11:17:11","modified_gmt":"2026-09-03T11:17:11","slug":"je-suis-avec-bruel-qui-vient-de-mappeler-mimie-mathy-revient-sur-ses-propos-concernant-patrick-bruel","status":"publish","type":"post","link":"https:\/\/www.europesays.com\/be-fr\/237446\/","title":{"rendered":"\u00ab\u00a0Je suis avec Bruel, qui vient de m&rsquo;appeler\u00a0\u00bb : Mimie Mathy revient sur ses propos concernant Patrick bruel"},"content":{"rendered":"<p>Mimie Mathy : \u00ab\u00a0Je ne prends aucun parti\u00a0\u00bb<\/p>\n<p class=\"ap-StoryElement ap-StoryElement--mb ap-StoryText\">Des propos largement repris dans la presse et sur lesquels Mimie Mathy est revenue plus tard dans les colonnes du Parisien. Un entretien accord\u00e9 dans des circonstances assez particuli\u00e8res puisque, lorsque le quotidien fran\u00e7ais la contacte, la com\u00e9dienne est justement au t\u00e9l\u00e9phone avec Patrick Bruel. \u00ab\u00a0Je suis avec Bruel, qui vient de m&rsquo;appeler\u00a0\u00bb, leur indique-t-elle alors, avant de rappeler le m\u00e9dia quelques minutes plus tard.<\/p>\n<p><a href=\"https:\/\/www.dhnet.be\/medias\/2026\/09\/02\/mimie-mathy-apporte-son-soutien-a-patrick-bruel-il-a-ete-plus-harcele-que-harceleur-5SQJZ2JZPFCO5PMK2PQLNF5PQA\/\" target=\"_self\" class=\"ap-StoryInterstitialLink ap-StoryElement ap-StoryElement--mb\" rel=\"nofollow noopener\">Mimie Mathy apporte son soutien \u00e0 Patrick Bruel: \u00ab\u00a0Il a \u00e9t\u00e9 plus harcel\u00e9 que harceleur\u00a0\u00bb<\/a><\/p>\n<p class=\"ap-StoryElement ap-StoryElement--mb ap-StoryText\">Interrog\u00e9e ensuite sur cette phrase, l&rsquo;actrice a tenu \u00e0 \u00e9claircir ses propos : \u00ab\u00a0Je ne prends aucun parti et je respecte toutes les victimes. Je dis simplement qu&rsquo;il faut laisser la justice faire son travail\u00a0\u00bb, estime-t-elle, avant de viser les maires qui se sont prononc\u00e9s contre les concerts. \u00ab\u00a0Les maires qui se sont prononc\u00e9s contre ses concerts auraient d\u00fb laisser le public choisir d&rsquo;y aller ou pas. L\u00e0, c&rsquo;est une mise \u00e0 mort bizarre.\u00a0\u00bb<\/p>\n<p><a href=\"https:\/\/www.dhnet.be\/lifestyle\/people\/2026\/09\/03\/affaire-patrick-bruel-des-details-de-sa-garde-a-vue-ont-fuite-voici-ce-quil-a-repondu-aux-accusations-de-karine-viseur-5L5XYWGJCREGXHOJHJREIIZ5SU\/\" target=\"_self\" class=\"ap-StoryInterstitialLink ap-StoryElement ap-StoryElement--mb\" rel=\"nofollow noopener\">Affaire Patrick Bruel : des d\u00e9tails de sa garde \u00e0 vue ont fuit\u00e9, voici ce qu&rsquo;il a r\u00e9pondu aux accusations de Karine Viseur<\/a>Mimie Mathy : \u00ab\u00a0Patrick Bruel ? Je ne le sens pas bien\u00a0\u00bb<\/p>\n<p class=\"ap-StoryElement ap-StoryElement--mb ap-StoryText\">Et si cette annulation a \u00e9t\u00e9 d\u00e9cid\u00e9e par Patrick Bruel lui-m\u00eame, le chanteur vivrait mal la situation. \u00ab\u00a0Je ne le sens pas bien. Il a la chance d&rsquo;\u00eatre entour\u00e9 par sa compagne, ses enfants, ses amis\u2026 Je pense qu&rsquo;il a h\u00e2te que tout cela soit derri\u00e8re lui\u00a0\u00bb, explique-t-elle, avant de pr\u00e9ciser toutefois qu&rsquo;elle ne fait pas partie de son premier cercle d&rsquo;amis. \u00ab\u00a0Il a toujours \u00e9t\u00e9 un s\u00e9ducteur, je suis consciente que ce n&rsquo;est pas un saint, personne ne l&rsquo;est. Personnellement, je ne l&rsquo;ai jamais vu forcer quelqu&rsquo;un.\u00a0\u00bb<\/p>\n","protected":false},"excerpt":{"rendered":"Mimie Mathy : \u00ab\u00a0Je ne prends aucun parti\u00a0\u00bb Des propos largement repris dans la presse et sur lesquels&hellip;\n","protected":false},"author":2,"featured_media":237447,"comment_status":"","ping_status":"","sticky":false,"template":"","format":"standard","meta":{"footnotes":"","_share_on_mastodon":"0"},"categories":[83],"tags":[73624,12,13,18,17,2932,46,96,95,73625,28684,942,12220,28685,73626,73627,42996,804,73628],"class_list":["post-237446","post","type-post","status-publish","format-standard","has-post-thumbnail","category-divertissement","tag-avenue-de-tervuren","tag-be","tag-be-fr","tag-belgique","tag-belgium","tag-brussel","tag-bruxelles","tag-divertissement","tag-entertainment","tag-luchtbeeld","tag-luchtfoto","tag-palais","tag-paleis","tag-photo-aerienne","tag-stoclet","tag-tervurenlaan","tag-toerisme","tag-tourisme","tag-vue-aerienne"],"share_on_mastodon":{"url":"https:\/\/pubeurope.com\/@be_fr\/117206833303234009","error":""},"_links":{"self":[{"href":"https:\/\/www.europesays.com\/be-fr\/wp-json\/wp\/v2\/posts\/237446","targetHints":{"allow":["GET"]}}],"collection":[{"href":"https:\/\/www.europesays.com\/be-fr\/wp-json\/wp\/v2\/posts"}],"about":[{"href":"https:\/\/www.europesays.com\/be-fr\/wp-json\/wp\/v2\/types\/post"}],"author":[{"embeddable":true,"href":"https:\/\/www.europesays.com\/be-fr\/wp-json\/wp\/v2\/users\/2"}],"replies":[{"embeddable":true,"href":"https:\/\/www.europesays.com\/be-fr\/wp-json\/wp\/v2\/comments?post=237446"}],"version-history":[{"count":0,"href":"https:\/\/www.europesays.com\/be-fr\/wp-json\/wp\/v2\/posts\/237446\/revisions"}],"wp:featuredmedia":[{"embeddable":true,"href":"https:\/\/www.europesays.com\/be-fr\/wp-json\/wp\/v2\/media\/237447"}],"wp:attachment":[{"href":"https:\/\/www.europesays.com\/be-fr\/wp-json\/wp\/v2\/media?parent=237446"}],"wp:term":[{"taxonomy":"category","embeddable":true,"href":"https:\/\/www.europesays.com\/be-fr\/wp-json\/wp\/v2\/categories?post=237446"},{"taxonomy":"post_tag","embeddable":true,"href":"https:\/\/www.europesays.com\/be-fr\/wp-json\/wp\/v2\/tags?post=237446"}],"curies":[{"name":"wp","href":"https:\/\/api.w.org\/{rel}","templated":true}]}}