{"id":237458,"date":"2026-09-03T11:24:15","date_gmt":"2026-09-03T11:24:15","guid":{"rendered":"https:\/\/www.europesays.com\/be-fr\/237458\/"},"modified":"2026-09-03T11:24:15","modified_gmt":"2026-09-03T11:24:15","slug":"chauffage-hiver-2026-hausse-des-prix-du-gaz-mazout-et-electricite","status":"publish","type":"post","link":"https:\/\/www.europesays.com\/be-fr\/237458\/","title":{"rendered":"Chauffage hiver 2026 : hausse des prix du gaz, mazout et \u00e9lectricit\u00e9"},"content":{"rendered":"<p>  <img decoding=\"async\" class=\"r-img lazyloaded\" src=\"https:\/\/www.europesays.com\/be-fr\/wp-content\/uploads\/2026\/09\/1788434654_291_dalessandra.jpg\" alt=\"Thomas D'Alessandro\"\/><\/p>\n<p>Par <a href=\"https:\/\/www.rtl.be\/373137\/dpi-authors\/thomas-dalessandro\" rel=\"nofollow noopener\" target=\"_blank\">Thomas D&rsquo;Alessandro<\/a><\/p>\n<p>\tPubli\u00e9 le 03 septembre \u00e0 08h40\n<\/p>\n<p>  <a href=\"https:\/\/www.google.com\/preferences\/source?q=rtl%20info\" class=\"r-link--google-favorites\" role=\"button\">Ajoutez-nous \u00e0 vos favoris Google<\/a><br \/>\n\tPour se chauffer cet hiver, il va falloir mettre la main au portefeuille. En effet, le gaz \u00e9tait au plus haut depuis 2023 dans la nuit de mardi \u00e0 mercredi, tandis que pour le mazout de chauffage, les prix ont gonfl\u00e9 par rapport \u00e0 l\u2019an dernier. Explications et d\u00e9tails avec Lilian Lefebvre.<\/p>\n<p>&#13;<br \/>\n&#13;<\/p>\n<p>L\u2019\u00e9t\u00e9 est bient\u00f4t fini, et il va falloir r\u00e9chauffer sa maison. Cette ann\u00e9e, les citoyens belges n\u2019auront pas le choix que de mettre la main au portefeuille pour se chauffer face \u00e0 l\u2019hiver. \u00ab\u00a0Nous allons clairement subir les cons\u00e9quences de cette hausse des prix cet hiver\u00a0\u00bb, \u00e9voque notre journaliste Lilian Lefebvre.<\/p>\n<p>Il d\u00e9bute par citer l\u2019exemple du gaz. \u00ab\u00a0La nuit de mardi \u00e0 mercredi, il \u00e9tait au plus haut depuis 2023 apr\u00e8s les nouvelles frappes des \u00c9tats-Unis en Iran. 74 euros le m\u00e9gawattheure hier sur le march\u00e9 de gros.\u00a0\u00bb Par rapport \u00e0 l\u2019an dernier, l\u2019augmentation est cons\u00e9quente. \u00ab\u00a032 euros le m\u00e9gawattheure le 02 septembre 2025. Plus du double en un an, c\u2019est tout simplement \u00e9norme\u00a0\u00bb, souligne-t-il.<\/p>\n<p>&#13;<br \/>\n&#13;<\/p>\n<p>&#13;<br \/>\n&#13;<\/p>\n<p>\n  &#13;<br \/>\n  \u00c0 lire aussi&#13;<br \/>\n  &#13;<\/p>\n<p>  <img decoding=\"async\" data-copyright=\"Adobe Stock\" class=\"r-img\"  typeof=\"foaf:Image\" src=\"https:\/\/www.europesays.com\/be-fr\/wp-content\/uploads\/2026\/09\/1788434655_576_51397452.jpeg\" alt=\"Pompe \u00e0 essence \u2013 illustration\"\/><br \/>\n        <a class=\"r-stories--link\" href=\"https:\/\/www.rtl.be\/actu\/conso\/augmentation-du-prix-des-carburants-lessence-va-depasser-la-barre-symbolique-des\/2026-09-02\/article\/799025\" rel=\"nofollow noopener\" target=\"_blank\">Augmentation du prix des carburants\u00a0: l\u2019essence va d\u00e9passer la barre symbolique des 2 euros le litre<\/a>&#13;<br \/>\n  &#13;<br \/>\n&#13;\n<\/p>\n<p>La tendance est similaire du c\u00f4t\u00e9 du mazout de chauffage. \u00ab\u00a0L\u00e0 aussi, les prix ont pratiquement fait fois deux par rapport \u00e0 l\u2019ann\u00e9e derni\u00e8re. Pour le moment, on est aux alentours d\u2019un euro 44 le litre, contre 77 centimes l\u2019an dernier\u00a0\u00bb, pr\u00e9cise notre journaliste. Pour l\u2019\u00e9lectricit\u00e9, c\u2019est le m\u00eame tarif. \u00ab\u00a0Augmentation de l\u2019\u00e9lectricit\u00e9 \u00e9galement, son prix en hiver \u00e9tant fortement corr\u00e9l\u00e9 \u00e0 celui du gaz\u00a0\u00bb, ajoute Lilian Lefebvre.<\/p>\n<p>Le charbon comme solution\u00a0?<\/p>\n<p>L\u2019alternative la plus avantageuse pour contrer cette augmentation des prix des moyens de chauffage, c\u2019est le pellet. \u00ab\u00a0On verra l\u00e0 aussi une diff\u00e9rence. Parce qu\u2019il est souvent utilis\u00e9 comme un moyen de substitution au gaz et au mazout lorsque ceux-ci sont en augmentation. Il y a une sorte de transfert entre les types de chauffage. Or, le march\u00e9 du pellet est un petit march\u00e9, d\u00e9pendant aussi, pour faire simple, du nombre d\u2019arbres \u00e0 br\u00fbler, ces quantit\u00e9s ne sont \u00e9videmment pas extensibles\u00a0\u00bb, d\u00e9taille notre journaliste.<\/p>\n<p>Pour conclure, il joint l\u2019alternative propos\u00e9e par Damien Ernst, professeur en \u00e9lectrom\u00e9canique \u00e0 l\u2019Universit\u00e9 de Li\u00e8ge. \u00ab\u00a0Il y a une alternative \u00e9conomiquement int\u00e9ressante pour le moment\u00a0: le charbon. Il reste plut\u00f4t bon march\u00e9 pour le moment. Attention, toutefois, si le po\u00eale au charbon peut \u00eatre une solution \u00e9conomique, il n\u2019en reste pas moins tr\u00e8s polluant\u00a0\u00bb<\/p>\n<p>&#13;<br \/>\n&#13;<\/p>\n<p>&#13;<br \/>\n&#13;<\/p>\n<p><a class=\"r-btn r-btn--tag\" href=\"https:\/\/www.rtl.be\/2287\/free-tags\/carburant\" title=\"carburant\" rel=\"nofollow noopener\" target=\"_blank\">carburant<\/a><br \/>\n<a class=\"r-btn r-btn--tag\" href=\"https:\/\/www.rtl.be\/832\/free-tags\/energie\" title=\"\u00e9nergie\" rel=\"nofollow noopener\" target=\"_blank\">\u00e9nergie<\/a><br \/>\n<a class=\"r-btn r-btn--tag\" href=\"https:\/\/www.rtl.be\/1064\/free-tags\/consommation\" title=\"consommation\" rel=\"nofollow noopener\" target=\"_blank\">consommation<\/a><\/p>\n","protected":false},"excerpt":{"rendered":"Par Thomas D&rsquo;Alessandro Publi\u00e9 le 03 septembre \u00e0 08h40 Ajoutez-nous \u00e0 vos favoris Google Pour se chauffer cet&hellip;\n","protected":false},"author":2,"featured_media":237459,"comment_status":"","ping_status":"","sticky":false,"template":"","format":"standard","meta":{"footnotes":"","_share_on_mastodon":"0"},"categories":[8],"tags":[10,12,13,18,17,25626,5614,67467,73655,73656,72864,11,73657,73239,59145],"class_list":["post-237458","post","type-post","status-publish","format-standard","has-post-thumbnail","category-actualites","tag-actualites","tag-be","tag-be-fr","tag-belgique","tag-belgium","tag-charbon","tag-chauffage","tag-damien-ernst","tag-hausse-energie","tag-hiver-2026","tag-lilian-lefebvre","tag-news","tag-pellet","tag-prix-gaz","tag-prix-mazout"],"share_on_mastodon":{"url":"https:\/\/pubeurope.com\/@be_fr\/117206861216625201","error":""},"_links":{"self":[{"href":"https:\/\/www.europesays.com\/be-fr\/wp-json\/wp\/v2\/posts\/237458","targetHints":{"allow":["GET"]}}],"collection":[{"href":"https:\/\/www.europesays.com\/be-fr\/wp-json\/wp\/v2\/posts"}],"about":[{"href":"https:\/\/www.europesays.com\/be-fr\/wp-json\/wp\/v2\/types\/post"}],"author":[{"embeddable":true,"href":"https:\/\/www.europesays.com\/be-fr\/wp-json\/wp\/v2\/users\/2"}],"replies":[{"embeddable":true,"href":"https:\/\/www.europesays.com\/be-fr\/wp-json\/wp\/v2\/comments?post=237458"}],"version-history":[{"count":0,"href":"https:\/\/www.europesays.com\/be-fr\/wp-json\/wp\/v2\/posts\/237458\/revisions"}],"wp:featuredmedia":[{"embeddable":true,"href":"https:\/\/www.europesays.com\/be-fr\/wp-json\/wp\/v2\/media\/237459"}],"wp:attachment":[{"href":"https:\/\/www.europesays.com\/be-fr\/wp-json\/wp\/v2\/media?parent=237458"}],"wp:term":[{"taxonomy":"category","embeddable":true,"href":"https:\/\/www.europesays.com\/be-fr\/wp-json\/wp\/v2\/categories?post=237458"},{"taxonomy":"post_tag","embeddable":true,"href":"https:\/\/www.europesays.com\/be-fr\/wp-json\/wp\/v2\/tags?post=237458"}],"curies":[{"name":"wp","href":"https:\/\/api.w.org\/{rel}","templated":true}]}}