{"id":237496,"date":"2026-09-03T12:10:31","date_gmt":"2026-09-03T12:10:31","guid":{"rendered":"https:\/\/www.europesays.com\/be-fr\/237496\/"},"modified":"2026-09-03T12:10:31","modified_gmt":"2026-09-03T12:10:31","slug":"on-essaie-de-faire-la-plus-grande-table-possible-la-princesse-claire-invite-les-belges-a-un-pique-nique-solidaire-soutenu-par-nostalgie-video","status":"publish","type":"post","link":"https:\/\/www.europesays.com\/be-fr\/237496\/","title":{"rendered":"\u00ab\u00a0On essaie de faire la plus grande table possible\u00a0\u00bb : la princesse Claire invite les Belges \u00e0 un pique-nique solidaire soutenu par Nostalgie (vid\u00e9o)"},"content":{"rendered":"<p class=\"ap-StoryElement ap-StoryElement--mb ap-StoryText\">\u00ab\u00a0La pr\u00e9carit\u00e9 touche deux \u00e0 trois enfants en moyenne par classe.\u00a0\u00bb C&rsquo;est avec ce constat alarmant que la princesse Claire a d\u00e9but\u00e9 son intervention sur les ondes de Nostalgie, en cette semaine qui suit la rentr\u00e9e scolaire des \u00e9l\u00e8ves belges. Pour lutter contre ce ph\u00e9nom\u00e8ne de pr\u00e9carit\u00e9 infantile, la Fondation Reine Paola, dont la princesse est une repr\u00e9sentante, a cr\u00e9\u00e9 le programme Pelicano.<\/p>\n<p class=\"ap-StoryElement ap-StoryElement--mb ap-StoryText\">\u00ab\u00a0R\u00e9ussir \u00e0 l&rsquo;\u00e9cole, ce n&rsquo;est d\u00e9j\u00e0 pas facile, mais passer la journ\u00e9e le ventre vide, c&rsquo;est encore plus difficile. L&rsquo;id\u00e9e de la Fondation Reine Paola, c&rsquo;est de donner \u00e0 chacun les m\u00eames chances de r\u00e9ussir dans la vie\u00a0\u00bb, indique la princesse. Dans cette optique, la Fondation, soutenue par Nostalgie, organise un \u00e9v\u00e9nement solidaire le 19 septembre prochain, auquel Claire sera pr\u00e9sente.<\/p>\n","protected":false},"excerpt":{"rendered":"\u00ab\u00a0La pr\u00e9carit\u00e9 touche deux \u00e0 trois enfants en moyenne par classe.\u00a0\u00bb C&rsquo;est avec ce constat alarmant que la&hellip;\n","protected":false},"author":2,"featured_media":237497,"comment_status":"","ping_status":"","sticky":false,"template":"","format":"standard","meta":{"footnotes":"","_share_on_mastodon":"0"},"categories":[83],"tags":[12,13,18,17,48619,96,95,73671,22538,73670,73669,41144],"class_list":["post-237496","post","type-post","status-publish","format-standard","has-post-thumbnail","category-divertissement","tag-be","tag-be-fr","tag-belgique","tag-belgium","tag-dejeuner","tag-divertissement","tag-entertainment","tag-fondation-reine-paola","tag-nostalgie","tag-pelicano","tag-pique-nique","tag-princesse-claire"],"share_on_mastodon":{"url":"https:\/\/pubeurope.com\/@be_fr\/117207041705338787","error":""},"_links":{"self":[{"href":"https:\/\/www.europesays.com\/be-fr\/wp-json\/wp\/v2\/posts\/237496","targetHints":{"allow":["GET"]}}],"collection":[{"href":"https:\/\/www.europesays.com\/be-fr\/wp-json\/wp\/v2\/posts"}],"about":[{"href":"https:\/\/www.europesays.com\/be-fr\/wp-json\/wp\/v2\/types\/post"}],"author":[{"embeddable":true,"href":"https:\/\/www.europesays.com\/be-fr\/wp-json\/wp\/v2\/users\/2"}],"replies":[{"embeddable":true,"href":"https:\/\/www.europesays.com\/be-fr\/wp-json\/wp\/v2\/comments?post=237496"}],"version-history":[{"count":0,"href":"https:\/\/www.europesays.com\/be-fr\/wp-json\/wp\/v2\/posts\/237496\/revisions"}],"wp:featuredmedia":[{"embeddable":true,"href":"https:\/\/www.europesays.com\/be-fr\/wp-json\/wp\/v2\/media\/237497"}],"wp:attachment":[{"href":"https:\/\/www.europesays.com\/be-fr\/wp-json\/wp\/v2\/media?parent=237496"}],"wp:term":[{"taxonomy":"category","embeddable":true,"href":"https:\/\/www.europesays.com\/be-fr\/wp-json\/wp\/v2\/categories?post=237496"},{"taxonomy":"post_tag","embeddable":true,"href":"https:\/\/www.europesays.com\/be-fr\/wp-json\/wp\/v2\/tags?post=237496"}],"curies":[{"name":"wp","href":"https:\/\/api.w.org\/{rel}","templated":true}]}}