{"id":237512,"date":"2026-09-03T12:23:17","date_gmt":"2026-09-03T12:23:17","guid":{"rendered":"https:\/\/www.europesays.com\/be-fr\/237512\/"},"modified":"2026-09-03T12:23:17","modified_gmt":"2026-09-03T12:23:17","slug":"stephane-plaza-reagit-au-retour-de-recherche-appartement-ou-maison-choisissez-les-bonnes-cles","status":"publish","type":"post","link":"https:\/\/www.europesays.com\/be-fr\/237512\/","title":{"rendered":"St\u00e9phane Plaza r\u00e9agit au retour de \u00ab\u00a0Recherche appartement ou maison\u00a0\u00bb\u00a0: \u00ab\u00a0Choisissez les bonnes cl\u00e9s\u00a0\u00bb"},"content":{"rendered":"<p class=\"ap-StoryElement ap-StoryElement--mb ap-StoryText\">Mais tout s&rsquo;est arr\u00eat\u00e9 net en f\u00e9vrier 2025 lorsqu&rsquo;il a \u00e9t\u00e9 condamn\u00e9 \u00e0 12 mois de prison avec sursis pour <a href=\"https:\/\/www.dhnet.be\/lifestyle\/people\/2026\/06\/29\/je-me-suis-demande-si-jallais-mourir-temoigne-une-ancienne-compagne-de-stephane-plaza-rejuge-pour-violences-conjugales-WXCA4NQK75BD5GIG37HR34O6GY\/\" target=\"_self\" rel=\"nofollow noopener\">violences habituelles sur une ex-compagne<\/a>. M6 a d\u00e9programm\u00e9 ses \u00e9missions et n&rsquo;a plus fait appel \u00e0 lui.<\/p>\n<p><a href=\"https:\/\/www.dhnet.be\/medias\/television\/2023\/10\/26\/violences-conjugales-management-toxique-menaces-stephane-plaza-est-dans-de-sales-draps-W7ABCIWYTRC4BAFL7E2NQR6L4A\/\" target=\"_self\" class=\"ap-StoryInterstitialLink ap-StoryElement ap-StoryElement--mb\" rel=\"nofollow noopener\">Violences conjugales, management toxique, menaces\u2026 St\u00e9phane Plaza est dans de sales draps<\/a>M\u00eame ADN mais une dynamique enti\u00e8rement revue<\/p>\n<p class=\"ap-StoryElement ap-StoryElement--mb ap-StoryText\"><a href=\"https:\/\/www.dhnet.be\/medias\/television\/2026\/08\/12\/stephane-plaza-recherche-appartement-ou-maison-revient-mais-sans-son-animateur-vedette-RJB3CVQN4NHHTEFACMKDAP3LJ4\/\" target=\"_self\" rel=\"nofollow noopener\">Plus d&rsquo;un an plus tard, M6 fait le pari de remettre \u00e0 l&rsquo;antenne ce rendez-vous bankable question audiences<\/a>, mais sans celui qui l&rsquo;a incarn\u00e9 pendant quasi deux d\u00e9cennies. La cha\u00eene a confi\u00e9 les cl\u00e9s de l&rsquo;\u00e9mission \u00e0 un quatuor. Thibault Chanel et Sandra Viricel, sont des visages connus des fid\u00e8les de Recherche appartement ou maison. L&rsquo;entrepreneur lyonnais et sp\u00e9cialiste en valorisation immobili\u00e8re \u00c9tienne Claude, et l&rsquo;experte immobili\u00e8re Caille Duquennoy compl\u00e8tent le casting d&rsquo;une \u00e9mission qui conserve son ADN a indiqu\u00e9 M6 mais modernis\u00e9 beaucoup de choses.<\/p>\n<p class=\"ap-StoryElement ap-StoryElement--mb ap-StoryText\">Reste \u00e0 savoir si le programme retrouvera son statut de locomotive pour les audiences de la cha\u00eene.<\/p>\n<p><a href=\"https:\/\/www.dhnet.be\/lifestyle\/people\/2026\/02\/06\/stephane-plaza-je-nexclus-rien-pour-mon-retour-QXJMS7EQL5FDTISPBTZ3J444ZQ\/\" target=\"_self\" class=\"ap-StoryInterstitialLink ap-StoryElement ap-StoryElement--mb\" rel=\"nofollow noopener\">St\u00e9phane Plaza : \u00ab\u00a0Je n&rsquo;exclus rien pour mon retour\u00a0\u00bb<\/a><\/p>\n<p class=\"ap-StoryElement ap-StoryElement--mb ap-StoryText\">Sur les r\u00e9seaux sociaux,<a href=\"https:\/\/www.dhnet.be\/lifestyle\/people\/2026\/06\/29\/je-nai-plus-de-salaire-stephane-plaza-a-nouveau-au-tribunal-pour-son-proces-en-appel-balance-ses-surprenants-revenus-actuels-IN5O3UCRI5BAFFOGOCVBGKEHBU\/\" target=\"_self\" rel=\"nofollow noopener\"> St\u00e9phane Plaza<\/a> a r\u00e9agi au retour de son programme f\u00e9tiche. Avec un fair-play \u00e0 souligner. \u00ab\u00a0Ce soir &lsquo;Recherche appartement ou maison&rsquo;vcontinue son chemin sans moi. 15 ann\u00e9es extraordinaires \u00e0 aimer cette \u00e9mission, \u00e0 la pr\u00e9senter, \u00e0 faire ces recherches, \u00e0 rencontrer tant de belles personnes\u2026 et \u00e0 partager tout cela avec vous, t\u00e9l\u00e9spectateurs. Je lui souhaite de continuer longtemps son chemin. Bonne chance Sandra, Thibaut et les nouveaux. Choisissez bien les cl\u00e9s.\u00a0\u00bb<\/p>\n<p class=\"ap-StoryElement ap-StoryElement--mb ap-StoryText\">Pour l&rsquo;heure, RTL, chez nous, n&rsquo;a pas annonc\u00e9 dans sa grille le retour de Recherche appartement ou maison. Peut-\u00eatre la cha\u00eene attend-elle de voir si la mayonnaise prend \u00e0 nouveau.<\/p>\n","protected":false},"excerpt":{"rendered":"Mais tout s&rsquo;est arr\u00eat\u00e9 net en f\u00e9vrier 2025 lorsqu&rsquo;il a \u00e9t\u00e9 condamn\u00e9 \u00e0 12 mois de prison avec&hellip;\n","protected":false},"author":2,"featured_media":237513,"comment_status":"","ping_status":"","sticky":false,"template":"","format":"standard","meta":{"footnotes":"","_share_on_mastodon":"0"},"categories":[83],"tags":[4086,4046,41,12,13,18602,18,17,4050,271,96,4051,95,4052,151,3029,2311,4058,4059,4060,4061,968,4063,406,4064,4065,4066,3566,369,4067,4068,40972,4087,661,4075,3904,4076,4077,4078,4079,4080,4081],"class_list":["post-237512","post","type-post","status-publish","format-standard","has-post-thumbnail","category-divertissement","tag-tomassisk","tag-2-uwt","tag-41","tag-be","tag-be-fr","tag-belfort","tag-belgique","tag-belgium","tag-cycling","tag-cyclisme","tag-divertissement","tag-elite","tag-entertainment","tag-etape","tag-france","tag-frankrijk","tag-hommes","tag-le-tour","tag-le-tour-de-france","tag-letour","tag-mannen","tag-men","tag-rit","tag-road","tag-roadcycling","tag-ronde","tag-ronde-van-frankrijk","tag-route","tag-sport","tag-stage","tag-tdf","tag-tdf2026","tag-tomas-sisk","tag-tour","tag-tour-de-france","tag-uci","tag-uwt","tag-weg","tag-wegrit","tag-wielrennen","tag-world","tag-world-tour"],"share_on_mastodon":{"url":"https:\/\/pubeurope.com\/@be_fr\/117207092754222999","error":""},"_links":{"self":[{"href":"https:\/\/www.europesays.com\/be-fr\/wp-json\/wp\/v2\/posts\/237512","targetHints":{"allow":["GET"]}}],"collection":[{"href":"https:\/\/www.europesays.com\/be-fr\/wp-json\/wp\/v2\/posts"}],"about":[{"href":"https:\/\/www.europesays.com\/be-fr\/wp-json\/wp\/v2\/types\/post"}],"author":[{"embeddable":true,"href":"https:\/\/www.europesays.com\/be-fr\/wp-json\/wp\/v2\/users\/2"}],"replies":[{"embeddable":true,"href":"https:\/\/www.europesays.com\/be-fr\/wp-json\/wp\/v2\/comments?post=237512"}],"version-history":[{"count":0,"href":"https:\/\/www.europesays.com\/be-fr\/wp-json\/wp\/v2\/posts\/237512\/revisions"}],"wp:featuredmedia":[{"embeddable":true,"href":"https:\/\/www.europesays.com\/be-fr\/wp-json\/wp\/v2\/media\/237513"}],"wp:attachment":[{"href":"https:\/\/www.europesays.com\/be-fr\/wp-json\/wp\/v2\/media?parent=237512"}],"wp:term":[{"taxonomy":"category","embeddable":true,"href":"https:\/\/www.europesays.com\/be-fr\/wp-json\/wp\/v2\/categories?post=237512"},{"taxonomy":"post_tag","embeddable":true,"href":"https:\/\/www.europesays.com\/be-fr\/wp-json\/wp\/v2\/tags?post=237512"}],"curies":[{"name":"wp","href":"https:\/\/api.w.org\/{rel}","templated":true}]}}