{"id":237584,"date":"2026-09-03T13:21:09","date_gmt":"2026-09-03T13:21:09","guid":{"rendered":"https:\/\/www.europesays.com\/be-fr\/237584\/"},"modified":"2026-09-03T13:21:09","modified_gmt":"2026-09-03T13:21:09","slug":"assassinat-de-la-baronne-ullens-la-date-du-proces-de-nicolas-ullens-est-connue","status":"publish","type":"post","link":"https:\/\/www.europesays.com\/be-fr\/237584\/","title":{"rendered":"Assassinat de la baronne Ullens : la date du proc\u00e8s de Nicolas Ullens est connue"},"content":{"rendered":"<p class=\"ap-StoryElement ap-StoryElement--mb ap-StoryText\">Son p\u00e8re, qui avait \u00e9t\u00e9 l\u00e9g\u00e8rement bless\u00e9 dans cette attaque, est d\u00e9c\u00e9d\u00e9 en avril 2025.<\/p>\n<p class=\"ap-StoryElement ap-StoryElement--mb ap-StoryText\">Apr\u00e8s s&rsquo;\u00eatre rendu imm\u00e9diatement \u00e0 la police, Nicolas Ullens de Schooten avait \u00e9t\u00e9 plac\u00e9 sous mandat d&rsquo;arr\u00eat. Au mois d&rsquo;octobre suivant, il avait obtenu de pouvoir effectuer sa d\u00e9tention pr\u00e9ventive sous la modalit\u00e9 de la surveillance \u00e9lectronique. Il a finalement \u00e9t\u00e9 remis en libert\u00e9 le 5 mars dernier, \u00e0 la suite d&rsquo;une d\u00e9cision de la chambre des mises en accusation, et comparait d\u00e8s lors libre \u00e0 son proc\u00e8s.<\/p>\n<p><a href=\"https:\/\/www.dhnet.be\/actu\/faits\/2023\/04\/14\/la-baronne-mimi-ullens-tuee-par-son-beau-fils-nicolas-non-il-ne-sagit-pas-quune-histoire-dargent-reagit-lavocat-jean-philippe-mayence-E7AEUMSA6VGDROMT2UVZJR2ZB4\/\" target=\"_self\" class=\"ap-StoryInterstitialLink ap-StoryElement ap-StoryElement--mb\" rel=\"nofollow noopener\">La baronne \u00ab\u00a0Mimi\u00a0\u00bb Ullens, tu\u00e9e par son beau-fils Nicolas : \u00ab\u00a0Non, il ne s&rsquo;agit pas qu&rsquo;une histoire d&rsquo;argent\u00a0\u00bb, r\u00e9agissent ses avocats<\/a><\/p>\n<p class=\"ap-StoryElement ap-StoryElement--mb ap-StoryText\">Compte tenu de la notori\u00e9t\u00e9 et de la fortune de la famille Ullens, ce fait divers avait connu un retentissement international.<\/p>\n<p class=\"ap-StoryElement ap-StoryElement--mb ap-StoryText\">Le sexag\u00e9naire a expliqu\u00e9 son geste dans le contexte d&rsquo;un conflit familial, notamment d&rsquo;ordre financier. Il est d\u00e9fendu par Mes Jean-Philippe et Quentin Mayence, tandis que Mes Laurent Kennes, Gilles Vanderbeck, Justine Wayntrub et Marko Obradovic repr\u00e9sentent les parties civiles, que sont la soeur (Genevi\u00e8ve Lechien) et les enfants de la victime.<\/p>\n<p class=\"ap-StoryElement ap-StoryElement--mb ap-StoryText\">Apr\u00e8s la constitution du jury le lundi 21 septembre, les d\u00e9bats seront lanc\u00e9s le jeudi suivant avec la lecture de l&rsquo;acte d&rsquo;accusation, qui devrait durer environ 1h30. Le proc\u00e8s est pr\u00e9sid\u00e9 par Pierre Delcour.<\/p>\n","protected":false},"excerpt":{"rendered":"Son p\u00e8re, qui avait \u00e9t\u00e9 l\u00e9g\u00e8rement bless\u00e9 dans cette attaque, est d\u00e9c\u00e9d\u00e9 en avril 2025. Apr\u00e8s s&rsquo;\u00eatre rendu&hellip;\n","protected":false},"author":2,"featured_media":237585,"comment_status":"","ping_status":"","sticky":false,"template":"","format":"standard","meta":{"footnotes":"","_share_on_mastodon":"0"},"categories":[2],"tags":[2387,12,13,18,17,391,23],"class_list":["post-237584","post","type-post","status-publish","format-standard","has-post-thumbnail","category-belgique","tag-agenda","tag-be","tag-be-fr","tag-belgique","tag-belgium","tag-brabant-wallon","tag-judiciaire"],"share_on_mastodon":{"url":"https:\/\/pubeurope.com\/@be_fr\/117207320648279214","error":""},"_links":{"self":[{"href":"https:\/\/www.europesays.com\/be-fr\/wp-json\/wp\/v2\/posts\/237584","targetHints":{"allow":["GET"]}}],"collection":[{"href":"https:\/\/www.europesays.com\/be-fr\/wp-json\/wp\/v2\/posts"}],"about":[{"href":"https:\/\/www.europesays.com\/be-fr\/wp-json\/wp\/v2\/types\/post"}],"author":[{"embeddable":true,"href":"https:\/\/www.europesays.com\/be-fr\/wp-json\/wp\/v2\/users\/2"}],"replies":[{"embeddable":true,"href":"https:\/\/www.europesays.com\/be-fr\/wp-json\/wp\/v2\/comments?post=237584"}],"version-history":[{"count":0,"href":"https:\/\/www.europesays.com\/be-fr\/wp-json\/wp\/v2\/posts\/237584\/revisions"}],"wp:featuredmedia":[{"embeddable":true,"href":"https:\/\/www.europesays.com\/be-fr\/wp-json\/wp\/v2\/media\/237585"}],"wp:attachment":[{"href":"https:\/\/www.europesays.com\/be-fr\/wp-json\/wp\/v2\/media?parent=237584"}],"wp:term":[{"taxonomy":"category","embeddable":true,"href":"https:\/\/www.europesays.com\/be-fr\/wp-json\/wp\/v2\/categories?post=237584"},{"taxonomy":"post_tag","embeddable":true,"href":"https:\/\/www.europesays.com\/be-fr\/wp-json\/wp\/v2\/tags?post=237584"}],"curies":[{"name":"wp","href":"https:\/\/api.w.org\/{rel}","templated":true}]}}