{"id":237590,"date":"2026-09-03T13:30:13","date_gmt":"2026-09-03T13:30:13","guid":{"rendered":"https:\/\/www.europesays.com\/be-fr\/237590\/"},"modified":"2026-09-03T13:30:13","modified_gmt":"2026-09-03T13:30:13","slug":"lavis-de-lexpert-averti-sept-fois-en-sept-matchs-kevin-mac-allister-empile-les-cartons-en-accumulant-les-responsabilites","status":"publish","type":"post","link":"https:\/\/www.europesays.com\/be-fr\/237590\/","title":{"rendered":"L&rsquo;avis de l&rsquo;expert : averti sept fois en sept matchs, Kevin Mac Allister empile les cartons en accumulant les responsabilit\u00e9s"},"content":{"rendered":"<p class=\"ap-StoryElement ap-StoryElement--mb ap-StoryText\">Voil\u00e0 une statistique loin d&rsquo;\u00eatre anodine : pour son septi\u00e8me match avec l&rsquo;Union cette saison, \u00e0 Saint-Trond, Kevin Mac Allister a r\u00e9colt\u00e9 son\u2026 septi\u00e8me carton jaune, pour un tirage de maillot.<\/p>\n<p class=\"ap-StoryElement ap-StoryElement--mb ap-StoryText\">Comment expliquer cette accumulation de cartons jaunes pour celui qui en avait r\u00e9colt\u00e9 quinze la saison derni\u00e8re (en 48 matchs), autant la saison pr\u00e9c\u00e9dente (47) et douze lors de sa premi\u00e8re saison \u00e0 l&rsquo;Union (46) ?<\/p>\n<p class=\"ap-StoryElement ap-StoryElement--mb ap-StoryText\">Le d\u00e9fenseur argentin a \u00e9videmment un style de jeu agressif, dur sur l&rsquo;homme, qui le pousse souvent \u00e0 la faute. Mais ses responsabilit\u00e9s accrues cette saison l&rsquo;am\u00e8nent aussi plus r\u00e9guli\u00e8rement \u00e0 franchir la limite.<\/p>\n<p class=\"ap-StoryElement ap-StoryElement--mb ap-StoryText\"><a href=\"https:\/\/www.dhnet.be\/sports\/football\/division-1a\/union-saint-gilloise\/2026\/09\/01\/avec-deux-clean-sheets-la-defense-de-lunion-tente-de-faire-oublier-les-departs-nous-sommes-a-la-recherche-dun-nouvel-equilibre-defensif-WV7LPFAJYFG7FCMH73LICEKYJI\/\" target=\"_self\" rel=\"nofollow noopener\">\u00c0 sa gauche en d\u00e9fense, il n&rsquo;a plus son capitaine<\/a> Christian Burgess, qui conna\u00eet parfaitement les ficelles du m\u00e9tier de d\u00e9fenseur, mais un jeune apprenti en la personne de Massir\u00e9 Sylla. Devant lui, dans le couloir droit, il n&rsquo;a plus la b\u00eate quasiment impassable qu&rsquo;\u00e9tait Anan Khalaili, capable de retours d\u00e9fensifs impressionnants, mais Louis Patris, qui doit encore mieux appr\u00e9hender ce r\u00f4le si particulier de wing-back.<\/p>\n<p class=\"ap-StoryElement ap-StoryElement--mb ap-StoryText\">Brassard autour du bras, Kevin Mac Allister a globalement plus de responsabilit\u00e9s \u00e0 l&rsquo;Union cette saison. Et, pour le moment, plus de cartons jaunes aussi.<\/p>\n<p>Pour acc\u00e9der \u00e0 cet article, veuillez vous connecter au r\u00e9seau internet.<\/p>\n","protected":false},"excerpt":{"rendered":"Voil\u00e0 une statistique loin d&rsquo;\u00eatre anodine : pour son septi\u00e8me match avec l&rsquo;Union cette saison, \u00e0 Saint-Trond, Kevin&hellip;\n","protected":false},"author":2,"featured_media":237591,"comment_status":"","ping_status":"","sticky":false,"template":"","format":"standard","meta":{"footnotes":"","_share_on_mastodon":"0"},"categories":[81],"tags":[12,13,18,17,38877,365,39463,753,103,53583,38457,906,48664,369,84],"class_list":["post-237590","post","type-post","status-publish","format-standard","has-post-thumbnail","category-sports","tag-be","tag-be-fr","tag-belgique","tag-belgium","tag-city-of-los-angeles","tag-color-image","tag-fifa-world-cup","tag-gettyimagerank2","tag-horizontal","tag-inglewood","tag-international-team-soccer","tag-soccer","tag-sofi-stadium","tag-sport","tag-sports"],"share_on_mastodon":{"url":"https:\/\/pubeurope.com\/@be_fr\/117207356270010071","error":""},"_links":{"self":[{"href":"https:\/\/www.europesays.com\/be-fr\/wp-json\/wp\/v2\/posts\/237590","targetHints":{"allow":["GET"]}}],"collection":[{"href":"https:\/\/www.europesays.com\/be-fr\/wp-json\/wp\/v2\/posts"}],"about":[{"href":"https:\/\/www.europesays.com\/be-fr\/wp-json\/wp\/v2\/types\/post"}],"author":[{"embeddable":true,"href":"https:\/\/www.europesays.com\/be-fr\/wp-json\/wp\/v2\/users\/2"}],"replies":[{"embeddable":true,"href":"https:\/\/www.europesays.com\/be-fr\/wp-json\/wp\/v2\/comments?post=237590"}],"version-history":[{"count":0,"href":"https:\/\/www.europesays.com\/be-fr\/wp-json\/wp\/v2\/posts\/237590\/revisions"}],"wp:featuredmedia":[{"embeddable":true,"href":"https:\/\/www.europesays.com\/be-fr\/wp-json\/wp\/v2\/media\/237591"}],"wp:attachment":[{"href":"https:\/\/www.europesays.com\/be-fr\/wp-json\/wp\/v2\/media?parent=237590"}],"wp:term":[{"taxonomy":"category","embeddable":true,"href":"https:\/\/www.europesays.com\/be-fr\/wp-json\/wp\/v2\/categories?post=237590"},{"taxonomy":"post_tag","embeddable":true,"href":"https:\/\/www.europesays.com\/be-fr\/wp-json\/wp\/v2\/tags?post=237590"}],"curies":[{"name":"wp","href":"https:\/\/api.w.org\/{rel}","templated":true}]}}