{"id":237682,"date":"2026-09-03T15:00:11","date_gmt":"2026-09-03T15:00:11","guid":{"rendered":"https:\/\/www.europesays.com\/be-fr\/237682\/"},"modified":"2026-09-03T15:00:11","modified_gmt":"2026-09-03T15:00:11","slug":"brigitte-macron-et-la-reine-camilla-accordent-leurs-tenues-pour-accueillir-la-tapisserie-de-bayeux-a-londres","status":"publish","type":"post","link":"https:\/\/www.europesays.com\/be-fr\/237682\/","title":{"rendered":"Brigitte Macron et la reine Camilla accordent leurs tenues pour accueillir la tapisserie de Bayeux \u00e0 Londres"},"content":{"rendered":"<p class=\"ap-StoryElement ap-StoryElement--mb ap-StoryText\">Sur les marches du mus\u00e9e ou face \u00e0 ce chef-d&rsquo;\u0153uvre m\u00e9di\u00e9val long de pr\u00e8s de 70 m\u00e8tres et estim\u00e9 \u00e0 960 millions d&rsquo;euros, les deux couples ont affich\u00e9 une franche complicit\u00e9. La reine d&rsquo;Angleterre et la Premi\u00e8re dame se sont m\u00eame surprises \u00e0 \u00eatre habill\u00e9e de fa\u00e7on similaire, avec une robe blanche qui leur tombait au-dessous du genou, des manches trois-quarts, des escarpins beige et un sac \u00e0 main gris.<\/p>\n<p class=\"ap-StoryElement ap-StoryElement--mb ap-StoryText\">Dans le d\u00e9tail, <a href=\"https:\/\/www.parismatch.be\/actualites\/people\/2026\/08\/29\/la-reine-camilla-dans-les-pas-de-meghan-markle-elle-a-failli-devenir-actrice-dans-une-serie-a-succes-XTO3EEFTGNCXHBFDB2JVPPNTXM\/\" target=\"_self\" rel=\"nofollow noopener\">la reine Camilla<\/a> a choisi une robe-manteau haute couture sign\u00e9e Anna Valentine, \u00e0 la silhouette cintr\u00e9e mais l\u00e9g\u00e8rement \u00e9vas\u00e9e, orn\u00e9e de d\u00e9tails en fil d&rsquo;argent et de broderies raffin\u00e9es, qu&rsquo;elle avait d\u00e9j\u00e0 port\u00e9e lors de sa visite aux \u00c9tats-Unis en avril, un sac Lady Dior et des escarpins Chanel bicolores. Quant \u00e0 Brigitte Macron, elle portait une robe droite avec un empi\u00e8cement boutonn\u00e9 au niveau de la poitrine et un sac \u00e0 main Capucines de chez Vuitton.<\/p>\n<p><a href=\"https:\/\/www.parismatch.be\/actualites\/people\/2026\/09\/01\/buckingham-palace-annonce-le-depart-de-jonathan-thompson-lecuyer-sexy-de-charles-iii-leurs-majestes-lui-souhaitent-le-meilleur-pour-lavenir-C3KUE35AHZFAHGM7VQECEXW2FI\/\" target=\"_self\" class=\"ap-StoryInterstitialLink ap-StoryElement ap-StoryElement--mb\" rel=\"nofollow noopener\">Buckingham Palace annonce le d\u00e9part de Jonathan Thompson, l&rsquo;\u00e9cuyer sexy de Charles III : \u00ab\u00a0Leurs Majest\u00e9s lui souhaitent le meilleur pour l&rsquo;avenir\u00a0\u00bb<\/a>\u00ab\u00a0Un exemple de notre unit\u00e9\u00a0\u00bb<\/p>\n<p class=\"ap-StoryElement ap-StoryElement--mb ap-StoryText\">Durant son discours, le roi Charles III a salu\u00e9 un \u00ab\u00a0pr\u00eat sans pr\u00e9c\u00e9dent\u00a0\u00bb, qui repr\u00e9sente le \u00ab\u00a0meilleur symbole possible\u00a0\u00bb de la proximit\u00e9 entre le Royaume-Uni et la France et de la \u00ab\u00a0confiance mutuelle\u00a0\u00bb entre les deux pays. Emmanuel Macron a abond\u00e9 quelques minutes plus tard en qualifiant cette exposition d'\u00a0\u00bbexemple de notre unit\u00e9 et un rappel de ce que nos pays peuvent accomplir en unissant leurs forces\u00a0\u00bb. Durant la visite, ils \u00e9taient accompagn\u00e9 d&rsquo;\u00e9coliers du lyc\u00e9e fran\u00e7ais Charles-de-Gaulle de Londres, ainsi que du Premier ministre anglais Andy Burnham et son \u00e9pouse, Marie-France Van-Heel. Apr\u00e8s le mus\u00e9e, les deux couples se sont retrouv\u00e9s en priv\u00e9 autour d&rsquo;un th\u00e9.<\/p>\n<p class=\"ap-StoryElement ap-StoryElement--mb ap-StoryText\">Avec pr\u00e8s de 70 m\u00e8tres de long, la tapisserie de Bayeux, r\u00e9alis\u00e9e au XI\u1d49 si\u00e8cle par des brodeuses, est consid\u00e9r\u00e9e comme l&rsquo;un des t\u00e9moignages les plus pr\u00e9cieux de l&rsquo;histoire m\u00e9di\u00e9vale europ\u00e9enne. Elle retrace la conqu\u00eate de l&rsquo;Angleterre par Guillaume le Conqu\u00e9rant &#8211; anc\u00eatre de Charles III &#8211; en 1066. La demande de billets pour voir la tapisserie \u00e9tait si forte qui l&rsquo;exposition affiche d\u00e9j\u00e0 complet jusqu&rsquo;\u00e0 fin 2026. Les prochains billets, valables pour des visites entre janvier et mars 2027, seront disponibles aupr\u00e8s du British Museum \u00e0 partir du 21 octobre.<\/p>\n","protected":false},"excerpt":{"rendered":"Sur les marches du mus\u00e9e ou face \u00e0 ce chef-d&rsquo;\u0153uvre m\u00e9di\u00e9val long de pr\u00e8s de 70 m\u00e8tres et&hellip;\n","protected":false},"author":2,"featured_media":237683,"comment_status":"","ping_status":"","sticky":false,"template":"","format":"standard","meta":{"footnotes":"","_share_on_mastodon":"0"},"categories":[83],"tags":[12,13,18,17,27958,21135,6252,96,2562,95],"class_list":["post-237682","post","type-post","status-publish","format-standard","has-post-thumbnail","category-divertissement","tag-be","tag-be-fr","tag-belgique","tag-belgium","tag-brigitte-macron","tag-camilla","tag-charles-iii","tag-divertissement","tag-emmanuel-macron","tag-entertainment"],"share_on_mastodon":{"url":"https:\/\/pubeurope.com\/@be_fr\/117207710361741905","error":""},"_links":{"self":[{"href":"https:\/\/www.europesays.com\/be-fr\/wp-json\/wp\/v2\/posts\/237682","targetHints":{"allow":["GET"]}}],"collection":[{"href":"https:\/\/www.europesays.com\/be-fr\/wp-json\/wp\/v2\/posts"}],"about":[{"href":"https:\/\/www.europesays.com\/be-fr\/wp-json\/wp\/v2\/types\/post"}],"author":[{"embeddable":true,"href":"https:\/\/www.europesays.com\/be-fr\/wp-json\/wp\/v2\/users\/2"}],"replies":[{"embeddable":true,"href":"https:\/\/www.europesays.com\/be-fr\/wp-json\/wp\/v2\/comments?post=237682"}],"version-history":[{"count":0,"href":"https:\/\/www.europesays.com\/be-fr\/wp-json\/wp\/v2\/posts\/237682\/revisions"}],"wp:featuredmedia":[{"embeddable":true,"href":"https:\/\/www.europesays.com\/be-fr\/wp-json\/wp\/v2\/media\/237683"}],"wp:attachment":[{"href":"https:\/\/www.europesays.com\/be-fr\/wp-json\/wp\/v2\/media?parent=237682"}],"wp:term":[{"taxonomy":"category","embeddable":true,"href":"https:\/\/www.europesays.com\/be-fr\/wp-json\/wp\/v2\/categories?post=237682"},{"taxonomy":"post_tag","embeddable":true,"href":"https:\/\/www.europesays.com\/be-fr\/wp-json\/wp\/v2\/tags?post=237682"}],"curies":[{"name":"wp","href":"https:\/\/api.w.org\/{rel}","templated":true}]}}