{"id":237718,"date":"2026-09-03T15:41:24","date_gmt":"2026-09-03T15:41:24","guid":{"rendered":"https:\/\/www.europesays.com\/be-fr\/237718\/"},"modified":"2026-09-03T15:41:24","modified_gmt":"2026-09-03T15:41:24","slug":"mercato-raskin-vers-besiktas-un-transfert-avec-les-rangers-en-vue","status":"publish","type":"post","link":"https:\/\/www.europesays.com\/be-fr\/237718\/","title":{"rendered":"Mercato\u00a0: Raskin vers Besiktas, un transfert avec les Rangers en vue"},"content":{"rendered":"<p>  <img decoding=\"async\" class=\"r-img lazyloaded\" src=\"https:\/\/www.europesays.com\/be-fr\/wp-content\/uploads\/2026\/09\/1788450084_625_dalessandra.jpg\" alt=\"Thomas D'Alessandro\"\/><\/p>\n<p>par <a href=\"https:\/\/www.rtl.be\/373137\/dpi-authors\/thomas-dalessandro\" rel=\"nofollow noopener\" target=\"_blank\">Thomas D&rsquo;Alessandro<\/a><\/p>\n<p>\tPubli\u00e9 le 02 septembre \u00e0 13h58<\/p>\n<p>  <a href=\"https:\/\/www.google.com\/preferences\/source?q=rtl%20info\" class=\"r-link--google-favorites\" role=\"button\">Ajoutez-nous \u00e0 vos favoris Google<\/a><br \/>\n\tApr\u00e8s une Coupe du monde r\u00e9ussie, Raskin int\u00e9resse Besiktas, qui s\u2019est accord\u00e9 avec les Rangers pour un transfert sous r\u00e9serve du choix du joueur belge.<\/p>\n<p>&#13;<br \/>\n&#13;<\/p>\n<p>Le mercato estival 2026 est d\u00e9sormais cl\u00f4tur\u00e9 dans les grands championnats, mais le championnat turc est encore ouvert \u00e0 diff\u00e9rents transferts.\u00a0Nicolas Raskin n\u2019a pas encore trouv\u00e9 de porte de sortie des Glasgow Rangers, mais le Besiktas pourrait toquer et convaincre le Diable Rouge.<\/p>\n<p>\n  <a class=\"embedly-card\" href=\"https:\/\/x.com\/FabrizioRomano\/status\/2095092871007273400?ref_src=twsrc%5Etfw%7Ctwcamp%5Etweetembed%7Ctwterm%5E2095092871007273400%7Ctwgr%5Ee1d25e56539174bf763bb944fcc311a24a04ed20%7Ctwcon%5Es1_&amp;ref_url=https:\/\/www.7sur7.be\/football\/nicolas-raskin-pourrait-rejoindre-leandro-trossard-un-deuxieme-argentin-debarque-a-luniona0318dfe\/\" rel=\"nofollow\">uri<\/a>\n<\/p>\n<p>Apr\u00e8s une Coupe du monde plus que r\u00e9ussie pour l\u2019ancien du Standard de Li\u00e8ge, plusieurs clubs souhaitaient s\u2019attirer les services du milieu de terrain. Il y a eu d\u2019abord Villarreal, mais le deal entre les deux ne s\u2019est finalement pas fait. Fabrizio Romano, le c\u00e9l\u00e8bre journaliste mercato, a annonc\u00e9 sur son compte X que les Rangers et Beskitas \u00e9taient tomb\u00e9s d\u2019accord. Le transfert ne d\u00e9pendrait que du Belge.<\/p>\n<p>&#13;<br \/>\n&#13;<\/p>\n<p>&#13;<br \/>\n&#13;<\/p>\n<p>Si cela se boucle, Nicolas Raskin rejoindrait un autre Diable, Leandro Trossard et \u00e9voluerait sous les ordres de Vincenzo Italiano. Affaire \u00e0 suivre.<\/p>\n<p><a class=\"r-btn r-btn--tag\" href=\"https:\/\/www.rtl.be\/206\/free-tags\/diables-rouges\" title=\"Diables Rouges\" rel=\"nofollow noopener\" target=\"_blank\">Diables Rouges<\/a><br \/>\n<a class=\"r-btn r-btn--tag\" href=\"https:\/\/www.rtl.be\/381831\/persons\/leandro-trossard\" title=\"Leandro Trossard\" rel=\"nofollow noopener\" target=\"_blank\">Leandro Trossard<\/a><\/p>\n","protected":false},"excerpt":{"rendered":"par Thomas D&rsquo;Alessandro Publi\u00e9 le 02 septembre \u00e0 13h58 Ajoutez-nous \u00e0 vos favoris Google Apr\u00e8s une Coupe du&hellip;\n","protected":false},"author":2,"featured_media":237719,"comment_status":"","ping_status":"","sticky":false,"template":"","format":"standard","meta":{"footnotes":"","_share_on_mastodon":"0"},"categories":[81],"tags":[12,13,18,17,73751,68436,23101,3028,12643,12843,45410,17610,84,8568,73752],"class_list":["post-237718","post","type-post","status-publish","format-standard","has-post-thumbnail","category-sports","tag-be","tag-be-fr","tag-belgique","tag-belgium","tag-besiktas","tag-championnat-turc","tag-coupe-du-monde","tag-diables-rouges","tag-leandro-trossard","tag-mercato","tag-nicolas-raskin","tag-rangers","tag-sports","tag-transfert","tag-vincenzo-italiano"],"share_on_mastodon":{"url":"https:\/\/pubeurope.com\/@be_fr\/117207871774086033","error":""},"_links":{"self":[{"href":"https:\/\/www.europesays.com\/be-fr\/wp-json\/wp\/v2\/posts\/237718","targetHints":{"allow":["GET"]}}],"collection":[{"href":"https:\/\/www.europesays.com\/be-fr\/wp-json\/wp\/v2\/posts"}],"about":[{"href":"https:\/\/www.europesays.com\/be-fr\/wp-json\/wp\/v2\/types\/post"}],"author":[{"embeddable":true,"href":"https:\/\/www.europesays.com\/be-fr\/wp-json\/wp\/v2\/users\/2"}],"replies":[{"embeddable":true,"href":"https:\/\/www.europesays.com\/be-fr\/wp-json\/wp\/v2\/comments?post=237718"}],"version-history":[{"count":0,"href":"https:\/\/www.europesays.com\/be-fr\/wp-json\/wp\/v2\/posts\/237718\/revisions"}],"wp:featuredmedia":[{"embeddable":true,"href":"https:\/\/www.europesays.com\/be-fr\/wp-json\/wp\/v2\/media\/237719"}],"wp:attachment":[{"href":"https:\/\/www.europesays.com\/be-fr\/wp-json\/wp\/v2\/media?parent=237718"}],"wp:term":[{"taxonomy":"category","embeddable":true,"href":"https:\/\/www.europesays.com\/be-fr\/wp-json\/wp\/v2\/categories?post=237718"},{"taxonomy":"post_tag","embeddable":true,"href":"https:\/\/www.europesays.com\/be-fr\/wp-json\/wp\/v2\/tags?post=237718"}],"curies":[{"name":"wp","href":"https:\/\/api.w.org\/{rel}","templated":true}]}}