{"id":237758,"date":"2026-09-03T16:12:12","date_gmt":"2026-09-03T16:12:12","guid":{"rendered":"https:\/\/www.europesays.com\/be-fr\/237758\/"},"modified":"2026-09-03T16:12:12","modified_gmt":"2026-09-03T16:12:12","slug":"un-peu-plus-de-liberte-une-preparation-complete-de-laide-au-milieu-et-un-impact-plus-important-pourquoi-casper-nielsen-reussit-son-debut-de-saison","status":"publish","type":"post","link":"https:\/\/www.europesays.com\/be-fr\/237758\/","title":{"rendered":"Un peu plus de libert\u00e9, une pr\u00e9paration compl\u00e8te, de l&rsquo;aide au milieu et un impact plus important\u00a0: pourquoi Casper Nielsen r\u00e9ussit son d\u00e9but de saison"},"content":{"rendered":"<p class=\"ap-StoryElement ap-StoryElement--mb ap-StoryText\">\u00c0 l&rsquo;image du reste de l&rsquo;\u00e9quipe, les Europe Playoffs ont \u00e9t\u00e9 un meilleur souvenir, <a href=\"https:\/\/www.dhnet.be\/sports\/football\/division-1a\/standard\/2026\/04\/27\/casper-nielsen-traduit-son-retour-en-forme-au-standard-par-un-superbe-coup-franc-decisif-le-coach-mavait-tue-MSFHHA56LRCR5B4EFXEESJSNKE\/\" target=\"_self\" rel=\"nofollow noopener\">avec trois buts marqu\u00e9s et une passe d\u00e9cisive donn\u00e9e en huit matchs (sur dix)<\/a>, contre 2 buts et 2 passes d\u00e9cisives en phase r\u00e9guli\u00e8re. Son impact avait \u00e9t\u00e9 plus visible en deuxi\u00e8me partie de saison et la motivation \u00e9tait renouvel\u00e9e en pr\u00e9vision du prochain exercice.<\/p>\n<p><a href=\"https:\/\/www.dhnet.be\/sports\/football\/division-1a\/standard\/2026\/09\/01\/henry-nkada-et-zeqiri-comment-le-standard-a-reequilibre-son-attaque-et-a-priori-cloture-son-mercato-UL73N6B7S5DTPAMKDPISPQNATI\/\" target=\"_self\" class=\"ap-StoryInterstitialLink ap-StoryElement ap-StoryElement--mb\" rel=\"nofollow noopener\">Henry, Nkada et Zeqiri : comment le Standard a r\u00e9\u00e9quilibr\u00e9 son attaque et a priori cl\u00f4tur\u00e9 son mercato<\/a><\/p>\n<p class=\"ap-StoryElement ap-StoryElement--mb ap-StoryText\">Nielsen n&rsquo;est pas un joueur diff\u00e9rent, cette saison. Il reste un leader de vestiaire, qui commande, relance, entretient une relation proche avec Euvrard sur le plan tactique, les deux hommes \u00e9changeant r\u00e9guli\u00e8rement. Marc Wilmots avait envisag\u00e9 l&rsquo;arriv\u00e9e de l&rsquo;ancien joueur de l&rsquo;Union SG dans cette optique : un ancien (32 ans) qui est l\u00e0 pour encadrer les plus jeunes, \u00eatre un relais sur le terrain et montrer l&rsquo;exemple.<\/p>\n<p>guillement<\/p>\n<p class=\"ap-StoryQuote-text\">\u00ab\u00a0Ses t\u00e2ches restent les m\u00eames, mais notre d\u00e9fense joue plus haut\u00a0\u00bb<\/p>\n<p class=\"ap-StoryElement ap-StoryElement--mb ap-StoryText\">La saison pass\u00e9e, il a pu donner l&rsquo;impression, sur la pelouse, de devoir g\u00e9rer son cas personnel et celui de l&rsquo;\u00e9quipe, d&rsquo;\u00eatre un peu partout en m\u00eame temps, dans une configuration o\u00f9 il devait compenser plut\u00f4t qu&rsquo;impulser. La donne a \u00e9volu\u00e9, cette saison, avec un plan de jeu qui a chang\u00e9, plus ambitieux sur le plan offensif.<\/p>\n<p><a href=\"https:\/\/www.dhnet.be\/sports\/football\/division-1a\/standard\/2026\/09\/01\/ce-nest-pas-un-joueur-hypertalentueux-mais-cest-un-bosseur-florian-maurice-a-decouvert-bernard-nguene-et-la-heberge-NGWUHSVQIZEB7BEDP5PQXHFCYQ\/\" target=\"_self\" class=\"ap-StoryInterstitialLink ap-StoryElement ap-StoryElement--mb\" rel=\"nofollow noopener\">\u00ab\u00a0Ce n&rsquo;est pas un joueur hypertalentueux, mais c&rsquo;est un bosseur\u00a0\u00bb : Florian Maurice a d\u00e9couvert Bernard Nguene et l&rsquo;a h\u00e9berg\u00e9<\/a><\/p>\n<p class=\"ap-StoryElement ap-StoryElement--mb ap-StoryText\">Les \u00e9quipiers, aussi, ne sont plus les m\u00eames. Les arriv\u00e9es de Rayan Touzghar, Alexis Trouillet et Ryan Fosso \u00ab\u00a0me permettent de jouer un peu plus haut, par moments, pour aider Bernard (Nguene) ou Dennis (Ayensa)\u00a0\u00bb, compl\u00e8te le Danois, qui dit \u00ab\u00a0aimer cette forme de libert\u00e9\u00a0\u00bb dans le 4-3-3 du moment.<\/p>\n<p class=\"ap-StoryElement ap-StoryElement--mb ap-StoryText\">Euvrard envisage le repositionnement autrement, sans nier l&rsquo;id\u00e9e que son m\u00e9dian joue un cran plus haut. \u00ab\u00a0Ses t\u00e2ches restent les m\u00eames, assure le technicien. Ce qui a chang\u00e9, c&rsquo;est que notre ligne d\u00e9fensive joue plus haut, ce qui lui permet d&rsquo;\u00eatre plus souvent dans le camp adverse. Avec Touzghar et lui, on a deux num\u00e9ros 8 et Alexis (Trouillet) en 6. Cela donne plus de solutions dans le jeu et offre une meilleure connexion pour les infiltrations ou \u00eatre plus d\u00e9cisif.\u00a0\u00bb<\/p>\n<p>Impliqu\u00e9 dans les buts par son contre-pressing<\/p>\n<p class=\"ap-StoryElement ap-StoryElement--mb ap-StoryText\">Dans la pratique, Nielsen peut \u00eatre utile dans le contre-pressing, <a href=\"https:\/\/www.dhnet.be\/sports\/football\/division-1a\/standard\/2026\/08\/22\/vincent-euvrard-apres-la-victoire-du-standard-contre-la-louviere-on-sent-que-tout-le-monde-est-engage-dans-notre-projet-YPRLVEBGE5DABFM6ZVJT75I3RU\/\" target=\"_self\" rel=\"nofollow noopener\">comme il l&rsquo;a montr\u00e9 contre La Louvi\u00e8re (2-0)<\/a>, quand il avait r\u00e9cup\u00e9r\u00e9 le ballon dans la partie de terrain louvi\u00e9roise pour enclencher la phase du deuxi\u00e8me but de Salieu Drammeh ; <a href=\"https:\/\/www.dhnet.be\/sports\/football\/division-1a\/standard\/2026\/08\/16\/abid-en-opportuniste-les-ailes-fossey-mortensen-en-grandes-difficultes-touzghar-seduisant-le-bulletin-du-standard-apres-le-nul-a-malines-BR6JFGG4XBDIBLFGOCKJBMSS4E\/\" target=\"_self\" rel=\"nofollow noopener\">\u00e0 Malines (3-3), le Danois avait \u00e9t\u00e9 impliqu\u00e9<\/a> sur deux des trois buts puisqu&rsquo;il avait arrach\u00e9 un ballon pour aider Abid \u00e0 lancer son solo et armer sa frappe sur le deuxi\u00e8me but puis le m\u00eame duo avait \u00e9t\u00e9 impliqu\u00e9 dans un une-deux \u00e0 proximit\u00e9 du grand rectangle, avec une frappe d\u00e9cisive d&rsquo;Abid.<\/p>\n<p class=\"ap-StoryElement ap-StoryElement--mb ap-StoryText\">Samedi, \u00e0 Louvain, Nielsen a ouvert son compteur buts de la saison, avec un penalty transform\u00e9, et il a \u00e0 nouveau affich\u00e9 ce visage conqu\u00e9rant qu&rsquo;on lui conna\u00eet. \u00ab\u00a0En (Europe) playoffs, j&rsquo;ai d\u00e9j\u00e0 un peu \u00e9volu\u00e9 dans ce nouveau r\u00f4le\u00a0\u00bb, glissait encore le Danois, qui n&rsquo;a pas encore \u00e9t\u00e9 remplac\u00e9 cette saison.<\/p>\n<p class=\"ap-StoryElement ap-StoryElement--mb ap-StoryText\">S&rsquo;il peut rester sur la pelouse aussi longtemps que possible, ce sera une autre \u00e9volution depuis son arriv\u00e9e au Standard, et la confirmation qu&rsquo;il est revenu \u00e0 un niveau physique attendu et toujours utile.<\/p>\n","protected":false},"excerpt":{"rendered":"\u00c0 l&rsquo;image du reste de l&rsquo;\u00e9quipe, les Europe Playoffs ont \u00e9t\u00e9 un meilleur souvenir, avec trois buts marqu\u00e9s&hellip;\n","protected":false},"author":2,"featured_media":237759,"comment_status":"","ping_status":"","sticky":false,"template":"","format":"standard","meta":{"footnotes":"","_share_on_mastodon":"0"},"categories":[8],"tags":[10,12,13,18,17,1074,143,4142,645,11],"class_list":["post-237758","post","type-post","status-publish","format-standard","has-post-thumbnail","category-actualites","tag-actualites","tag-be","tag-be-fr","tag-belgique","tag-belgium","tag-bruges","tag-charleroi","tag-la-louviere","tag-louvain","tag-news"],"share_on_mastodon":{"url":"https:\/\/pubeurope.com\/@be_fr\/117207993431707018","error":""},"_links":{"self":[{"href":"https:\/\/www.europesays.com\/be-fr\/wp-json\/wp\/v2\/posts\/237758","targetHints":{"allow":["GET"]}}],"collection":[{"href":"https:\/\/www.europesays.com\/be-fr\/wp-json\/wp\/v2\/posts"}],"about":[{"href":"https:\/\/www.europesays.com\/be-fr\/wp-json\/wp\/v2\/types\/post"}],"author":[{"embeddable":true,"href":"https:\/\/www.europesays.com\/be-fr\/wp-json\/wp\/v2\/users\/2"}],"replies":[{"embeddable":true,"href":"https:\/\/www.europesays.com\/be-fr\/wp-json\/wp\/v2\/comments?post=237758"}],"version-history":[{"count":0,"href":"https:\/\/www.europesays.com\/be-fr\/wp-json\/wp\/v2\/posts\/237758\/revisions"}],"wp:featuredmedia":[{"embeddable":true,"href":"https:\/\/www.europesays.com\/be-fr\/wp-json\/wp\/v2\/media\/237759"}],"wp:attachment":[{"href":"https:\/\/www.europesays.com\/be-fr\/wp-json\/wp\/v2\/media?parent=237758"}],"wp:term":[{"taxonomy":"category","embeddable":true,"href":"https:\/\/www.europesays.com\/be-fr\/wp-json\/wp\/v2\/categories?post=237758"},{"taxonomy":"post_tag","embeddable":true,"href":"https:\/\/www.europesays.com\/be-fr\/wp-json\/wp\/v2\/tags?post=237758"}],"curies":[{"name":"wp","href":"https:\/\/api.w.org\/{rel}","templated":true}]}}