{"id":237764,"date":"2026-09-03T16:15:08","date_gmt":"2026-09-03T16:15:08","guid":{"rendered":"https:\/\/www.europesays.com\/be-fr\/237764\/"},"modified":"2026-09-03T16:15:08","modified_gmt":"2026-09-03T16:15:08","slug":"le-showrunner-de-ncis-origins-en-dit-plus-sur-le-retour-evenement-de-mark-harmon-et-tease-des-crossovers-avec-la-serie-mere","status":"publish","type":"post","link":"https:\/\/www.europesays.com\/be-fr\/237764\/","title":{"rendered":"Le showrunner de NCIS : Origins en dit plus sur le retour \u00e9v\u00e9nement de Mark Harmon et tease des crossovers avec la s\u00e9rie m\u00e8re"},"content":{"rendered":"<p>Cette ann\u00e9e, les fans de la premi\u00e8re heure de NCIS sont servis. Entre <a href=\"https:\/\/www.programme-tv.net\/news\/series-tv\/405424-ncis-michael-weatherly-donne-des-indices-sur-son-retour-et-il-est-lie-au-spin-off-sur-tony-et-ziva\/\" data-api-deeplink=\"teleloisirs:\/\/news\/405424\" rel=\"nofollow noopener\" target=\"_blank\">le retour de Tony DiNozzo<\/a> dans la s\u00e9rie originale et la <a href=\"https:\/\/www.programme-tv.net\/news\/series-tv\/404823-ncis-mark-harmon-reprend-enfin-son-role-de-gibbs\/\" data-api-deeplink=\"teleloisirs:\/\/news\/404823\" rel=\"nofollow noopener\" target=\"_blank\">r\u00e9apparition de Mark Harmon dans le r\u00f4le de Gibbs<\/a> pour le prequel, les cr\u00e9ateurs ont mis le paquet pour continuer d&rsquo;attirer les adeptes de l&rsquo;univers des agents sp\u00e9ciaux. En juin dernier, la cha\u00eene am\u00e9ricaine CBS r\u00e9v\u00e9lait en effet que le premier interpr\u00e8te de Gibbs, Mark Harmon, rempilait pour toute la saison 3 de la s\u00e9rie d\u00e9riv\u00e9e diffus\u00e9e sur Paramount+.<\/p>\n<p>Quatre ans apr\u00e8s son d\u00e9part de la s\u00e9rie originale, Mark Harmon fait donc un retour particuli\u00e8rement attendu et demand\u00e9 par les fans. Mais une question intrigue : quel sera son arc puisque la fiction se d\u00e9roule au d\u00e9but des ann\u00e9es 1990, lorsque le jeune Gibbs (<a href=\"https:\/\/www.programme-tv.net\/news\/series-tv\/362962-ncis-origins-les-jours-les-plus-sombres-de-ma-vie-comment-lacteur-austin-stowell-sest-inspire-dune-tragedie-personnelle-pour-jouer-gibbs\/\" data-api-deeplink=\"teleloisirs:\/\/news\/362962\" rel=\"nofollow noopener\" target=\"_blank\">Austin Stowell<\/a>) a fait ses d\u00e9buts au NIS (futur NCIS) ? \u00c0 l&rsquo;approche de la diffusion, le producteur a r\u00e9v\u00e9l\u00e9 de pr\u00e9cieuses informations.<\/p>\n<p>                        Comment Mark Harmon fait-il son grand retour dans le r\u00f4le de Gibbs dans le pr\u00e9quel de NCIS ?<\/p>\n<p>Aupr\u00e8s du site am\u00e9ricain Deadline, le producteur ex\u00e9cutif David J. North a r\u00e9v\u00e9l\u00e9 que la saison 3 de NCIS : Origins jonglerait entre le pass\u00e9 et le pr\u00e9sent de Gibbs. Six ans apr\u00e8s sa nouvelle vie paisible en Alaska, qu&rsquo;il m\u00e8ne aux c\u00f4t\u00e9s de son fid\u00e8le chien, l&rsquo;ancien agent est en effet rattrap\u00e9 par les fant\u00f4mes de son pass\u00e9. Sa tranquillit\u00e9 est boulevers\u00e9e par un \u00e9v\u00e9nement survenu des ann\u00e9es plus t\u00f4t.<\/p>\n<p>\u00ab\u00a0Au fil de la saison, on d\u00e9couvrira que les \u00e9v\u00e9nements actuels sont directement li\u00e9s \u00e0 ceux survenus durant son s\u00e9jour \u00e0 Camp Pendleton dans les ann\u00e9es 1990\u00a0\u00bb, explique le producteur. La nouvelle salve permettra aussi de faire avancer la relation entre le jeune Gibbs et Lala : \u00ab\u00a0Ils ont \u00e9chang\u00e9 un baiser passionn\u00e9 \u00e0 la fin de la saison pr\u00e9c\u00e9dente, mais leurs sentiments r\u00e9ciproques sont complexes\u00a0\u00bb.<\/p>\n<p>            Un crossover avec NCIS est-il attendu dans la saison 3 ?<\/p>\n<p>\u00ab\u00a0Cette saison, on mise vraiment sur la nostalgie des ann\u00e9es 1990\u00a0\u00bb, indique le producteur. Quant \u00e0 la question d&rsquo;un potentiel crossover entre NCIS et NCIS : Origins il r\u00e9pond de fa\u00e7on suggestive : \u00ab\u00a0Je dirais que c&rsquo;est tout \u00e0 fait possible\u2026\u00a0\u00bb. Tout est possible donc&#8230; D&rsquo;autant plus que <a href=\"https:\/\/www.programme-tv.net\/news\/series-tv\/407528-ncis-tony-dinozzo-michael-weatherly-nest-pas-le-seul-a-faire-son-retour-dans-la-bande-annonce-evenement-de-la-saison-24\/\" data-api-deeplink=\"teleloisirs:\/\/news\/407528\" rel=\"nofollow noopener\" target=\"_blank\">Mark Harmon fait une apparition dans la bande-annonce de la saison 24<\/a> de NCIS. <\/p>\n<p>La saison 3 promet de nombreuses surprises, on l&rsquo;esp\u00e8re, loin d&rsquo;\u00eatre d\u00e9cevantes. Interrog\u00e9 sur le sort r\u00e9serv\u00e9 au Gibbs de Mark Harmon, le producteur explique, faisant r\u00e9f\u00e9rence \u00e0 une potentielle mort du personnage : \u00ab\u00a0Vous verrez bien. NCIS a l&rsquo;habitude de faire ce genre de choses\u00a0\u00bb, avant de rassurer : \u00ab\u00a0Mais ce personnage compte autant pour moi que pour vous, alors je le soutiens\u00a0\u00bb.<\/p>\n<p>Article \u00e9crit en collaboration avec 6M\u00e9dias.<\/p>\n","protected":false},"excerpt":{"rendered":"Cette ann\u00e9e, les fans de la premi\u00e8re heure de NCIS sont servis. Entre le retour de Tony DiNozzo&hellip;\n","protected":false},"author":2,"featured_media":237765,"comment_status":"","ping_status":"","sticky":false,"template":"","format":"standard","meta":{"footnotes":"","_share_on_mastodon":"0"},"categories":[99],"tags":[12,13,18,17,118,96,95,51242,51245,13186,5158,2438,112],"class_list":["post-237764","post","type-post","status-publish","format-standard","has-post-thumbnail","category-television","tag-be","tag-be-fr","tag-belgique","tag-belgium","tag-commentaire","tag-divertissement","tag-entertainment","tag-mark-harmon","tag-ncis-origins","tag-paramount-plus","tag-pub-streaming","tag-svod","tag-television"],"share_on_mastodon":{"url":"https:\/\/pubeurope.com\/@be_fr\/117208005062944537","error":""},"_links":{"self":[{"href":"https:\/\/www.europesays.com\/be-fr\/wp-json\/wp\/v2\/posts\/237764","targetHints":{"allow":["GET"]}}],"collection":[{"href":"https:\/\/www.europesays.com\/be-fr\/wp-json\/wp\/v2\/posts"}],"about":[{"href":"https:\/\/www.europesays.com\/be-fr\/wp-json\/wp\/v2\/types\/post"}],"author":[{"embeddable":true,"href":"https:\/\/www.europesays.com\/be-fr\/wp-json\/wp\/v2\/users\/2"}],"replies":[{"embeddable":true,"href":"https:\/\/www.europesays.com\/be-fr\/wp-json\/wp\/v2\/comments?post=237764"}],"version-history":[{"count":0,"href":"https:\/\/www.europesays.com\/be-fr\/wp-json\/wp\/v2\/posts\/237764\/revisions"}],"wp:featuredmedia":[{"embeddable":true,"href":"https:\/\/www.europesays.com\/be-fr\/wp-json\/wp\/v2\/media\/237765"}],"wp:attachment":[{"href":"https:\/\/www.europesays.com\/be-fr\/wp-json\/wp\/v2\/media?parent=237764"}],"wp:term":[{"taxonomy":"category","embeddable":true,"href":"https:\/\/www.europesays.com\/be-fr\/wp-json\/wp\/v2\/categories?post=237764"},{"taxonomy":"post_tag","embeddable":true,"href":"https:\/\/www.europesays.com\/be-fr\/wp-json\/wp\/v2\/tags?post=237764"}],"curies":[{"name":"wp","href":"https:\/\/api.w.org\/{rel}","templated":true}]}}