{"id":237828,"date":"2026-09-03T16:53:20","date_gmt":"2026-09-03T16:53:20","guid":{"rendered":"https:\/\/www.europesays.com\/be-fr\/237828\/"},"modified":"2026-09-03T16:53:20","modified_gmt":"2026-09-03T16:53:20","slug":"5-expos-gratuites-dans-les-galeries-parisiennes-a-decouvrir-pour-la-rentree","status":"publish","type":"post","link":"https:\/\/www.europesays.com\/be-fr\/237828\/","title":{"rendered":"5 expos gratuites dans les galeries parisiennes \u00e0 d\u00e9couvrir pour la rentr\u00e9e"},"content":{"rendered":"<p class=\"editor-content__paragraph\">En cette rentr\u00e9e parisienne, les galeries jouent la carte de la red\u00e9couverte\u00a0! On plonge dans l\u2019intimit\u00e9 du Nabi Maurice Denis \u00e0 la galerie Pavec, on relit Nadja, \u00e9g\u00e9rie surr\u00e9aliste, \u00e0 la galerie Gallimard et on admire, pour la premi\u00e8re fois, une artiste de l\u2019Op Art chez Alina Pinsky. \u00c0 vos agendas\u00a0!<\/p>\n<p class=\"editor-content__paragraph\">Vous aurez aussi le choix de voir le sculpteur Johan Creten r\u00e9gler ses comptes avec ses obsessions chez Perrotin, et de contempler les \u0153uvres de Leonora Carrington chez Almine Rech, quelques mois apr\u00e8s sa r\u00e9trospective au mus\u00e9e du Luxembourg. Cinq rendez-vous et autant de fa\u00e7ons de bien commencer l\u2019ann\u00e9e.<\/p>\n<p>        \u00c0 lire aussi :<br \/>\n        <a class=\"renvoi-explicite__link\" href=\"https:\/\/www.beauxarts.com\/expos\/cezanne-zurbaran-seraphine-louis-irving-penn-les-plus-belles-expos-de-la-rentree-dans-toute-la-france\/\" rel=\"nofollow noopener\" target=\"_blank\">Cezanne, Zurbar\u00e1n, S\u00e9raphine Louis, Irving Penn&#8230; Les plus belles expos de la rentr\u00e9e dans toute la France<\/a><\/p>\n<p>La tendresse de Maurice Denis \u00e0 la galerie Pavec<\/p>\n<p>    <img loading=\"lazy\" decoding=\"async\" class=\"image__img\" src=\"https:\/\/www.europesays.com\/be-fr\/wp-content\/uploads\/2026\/09\/gpp-2026-r0726-denis-signac-lamba-roche-011-copie_carre-964x822.jpg\" alt=\"Maurice Denis, Le berceau du petit fr\u00e8re\" width=\"964\" height=\"822\"\/><\/p>\n<p>Maurice Denis, Le berceau du petit fr\u00e8re, vers 1915<\/p>\n<p>    i<\/p>\n<p class=\"legende__cartel\">Huile sur carton \u2022 37 \u00d7 48,5\u00a0cm \u2022 \u00a9 Maurice Denis \/ Courtesy de la galerie Pavec \/ photo: Pauline Assathiany<\/p>\n<p class=\"editor-content__paragraph\">Chez <a href=\"https:\/\/www.beauxarts.com\/grand-format\/maurice-denis-en-2-minutes\/\" target=\"_blank\" rel=\"noopener nofollow\">Maurice Denis<\/a> (1870\u20131943), l\u2019amour est plus qu\u2019un motif, c\u2019est une m\u00e9thode. La <a href=\"https:\/\/www.beauxarts.com\/lifestyle\/5-jeunes-galeristes-qui-font-bouger-les-lignes\/\" target=\"_blank\" rel=\"noopener nofollow\">galerie Pavec<\/a> consacre au <a href=\"https:\/\/www.beauxarts.com\/grand-format\/les-nabis-en-3-minutes\/\" target=\"_blank\" rel=\"noopener nofollow\">Nabi<\/a> sa premi\u00e8re monographie, fruit d\u2019un cons\u00e9quent travail d\u2019archives, entrepris avec la famille de l\u2019artiste. Entre 1892\u00a0et 1915, son \u00e9pouse Marthe, leurs enfants, les jardins et le foyer familial constituent le terreau d\u2019un laboratoire pictural, tout en couleurs franches et en tendresse. La red\u00e9couverte d\u2019un peintre dont on croyait avoir d\u00e9j\u00e0 tout vu.<\/p>\n<p>  Arrow<\/p>\n<p>Maurice Denis \u2013 \u00ab La premi\u00e8re p\u00e9riode de ma peinture, c\u2019est l\u2019amour&#8230; \u00bb<\/p>\n<p>Du 11 septembre 2026 au 14 novembre 2026<\/p>\n<p class=\"annexe-content__infos\">Galerie Pavec \u2022 4 Rue de Jarente \u2022 75004 Paris<br \/><a href=\"https:\/\/www.paulinepavec.com\/\" rel=\"nofollow noopener\" target=\"_blank\">www.paulinepavec.com<\/a><\/p>\n<p>Nadja r\u00e9pond \u00e0 Andr\u00e9 Breton \u00e0 la galerie Gallimard<\/p>\n<p>    <img loading=\"lazy\" decoding=\"async\" class=\"image__img\" src=\"https:\/\/www.europesays.com\/be-fr\/wp-content\/uploads\/2026\/09\/bldj_brt-44-1r-964x761.jpg\" alt=\"Nadja (L\u00e9ona Delcourt), \u00c0 garder sur vous\" width=\"964\" height=\"761\"\/><\/p>\n<p>Nadja (L\u00e9ona Delcourt), \u00c0 garder sur vous, 1926\u20131927<\/p>\n<p>    i<\/p>\n<p class=\"legende__cartel\">\u00a9 Paris, Biblioth\u00e8que litt\u00e9raire Jacques-Doucet<\/p>\n<p class=\"editor-content__paragraph\">En parall\u00e8le d\u2019une publication chez Gallimard, la galerie parisienne de l\u2019\u00e9diteur expose, avec le concours de la BnF et de la biblioth\u00e8que Jacques-Doucet, les lettres et dessins que L\u00e9ona Delcourt, plus connue sous le nom de Nadja, adressait \u00e0 <a href=\"https:\/\/www.beauxarts.com\/videos\/quest-ce-que-le-surrealisme-andre-breton-repond-en-video\/\" target=\"_blank\" rel=\"noopener nofollow\">Andr\u00e9 Breton<\/a> en 1926\u20131927. Il y a 100\u00a0ans, le chef de file du <a href=\"https:\/\/www.beauxarts.com\/grand-format\/le-surrealisme-en-3-minutes\/\" target=\"_blank\" rel=\"noopener nofollow\">surr\u00e9alisme<\/a> rencontrait cette jeune fille m\u00e8re \u00e0 la situation pr\u00e9caire au hasard des rues de Paris. Leur br\u00e8ve liaison, du 4\u00a0au 13\u00a0octobre 1926, sera la mati\u00e8re du chef-d\u2019\u0153uvre en prose Nadja, paru en 1928. Derri\u00e8re le mythe litt\u00e9raire, l\u2019exposition brosse le portrait d\u2019une femme au destin bris\u00e9 qui finira ses jours \u00e0 l\u2019asile psychiatrique, et dont les mots bouleversent par leur lucidit\u00e9 crue et leur lyrisme.<\/p>\n<p>  Arrow<\/p>\n<p>Nadja &#8211; \u00ab Ma main \u00e9crit ce que tu penses&#8230; \u00bb<\/p>\n<p>Du 4 septembre 2026 au 3 octobre 2026<\/p>\n<p class=\"annexe-content__infos\">Galerie Gallimard \u2022 30 rue de l&rsquo;Universit\u00e9 \u2022 75007 Paris<br \/><a href=\"https:\/\/www.galeriegallimard.com\/\" rel=\"nofollow noopener\" target=\"_blank\">www.galeriegallimard.com<\/a><\/p>\n<p>        \u00c0 lire aussi :<br \/>\n        <a class=\"renvoi-explicite__link\" href=\"https:\/\/www.beauxarts.com\/videos\/quest-ce-que-le-surrealisme-andre-breton-repond-en-video\/\" rel=\"nofollow noopener\" target=\"_blank\">Qu\u2019est-ce que le surr\u00e9alisme ? Andr\u00e9 Breton r\u00e9pond en vid\u00e9o !<\/a><\/p>\n<p>Leonora Carrington, premi\u00e8re expo chez Almine Rech<\/p>\n<p>    <img loading=\"lazy\" decoding=\"async\" class=\"image__img\" src=\"https:\/\/www.europesays.com\/be-fr\/wp-content\/uploads\/2026\/09\/lca0002-leonora-carrington-1987_00000000-046c-7fc4-0000-00000002485a-964x717.jpg\" alt=\"Leonora Carrington, The Lovers\" width=\"964\" height=\"717\"\/><\/p>\n<p>Leonora Carrington, The Lovers, 1987<\/p>\n<p>    i<\/p>\n<p class=\"legende__cartel\">Huile sur toile \u2022 75 \u00d7 102, 9\u00a0cm \u2022 \u00a9 Leonora Carrington, ADAGP, Paris, 2026 \/ courtesy du FAMM (Femmes Artistes du Mus\u00e9e de Mougins)<\/p>\n<p class=\"editor-content__paragraph\">Apr\u00e8s sa <a href=\"https:\/\/www.beauxarts.com\/expos\/leonora-carrington-grande-oubliee-du-surrealisme-enfin-mise-en-lumiere-au-musee-du-luxembourg\/\" target=\"_blank\" rel=\"noopener nofollow\">remarquable r\u00e9trospective au mus\u00e9e du Luxembourg<\/a>, <a href=\"https:\/\/www.beauxarts.com\/grand-format\/leonora-carrington-en-2-minutes\/\" target=\"_blank\" rel=\"noopener nofollow\">Leonora Carrington<\/a> (1917\u20132011) est \u00e0 l\u2019honneur chez Almine Rech pour sa premi\u00e8re exposition personnelle en galerie \u00e0 Paris. De peintures en sculptures, en passant par ses tapisseries et ses masques, sont r\u00e9unis tous les m\u00e9diums d\u2019une artiste qui n\u2019a jamais choisi entre l\u2019humain et l\u2019animal, le r\u00eave et la mati\u00e8re. Chevaux, hy\u00e8nes et cr\u00e9atures hybrides y composent cette mythologie intime, nourrie d\u2019alchimie et de cosmologies mexicaines. \u00c0 voir pour continuer d\u2019avoir la t\u00eate ailleurs en ce d\u00e9but d\u2019ann\u00e9e scolaire\u2026<\/p>\n<p>Du 8 septembre 2026 au 10 octobre 2026<\/p>\n<p class=\"url-expo\"><a href=\"https:\/\/www.alminerech.com\/exhibitions\/12530-leonora-carrington\" rel=\"nofollow noopener\" target=\"_blank\">www.alminerech.com<\/a><\/p>\n<p class=\"annexe-content__infos\">Almine Rech \u2022 64, rue de Turenne \u2022 75003 Paris<br \/><a href=\"http:\/\/www.alminerech.com\" rel=\"nofollow noopener\" target=\"_blank\">www.alminerech.com<\/a><\/p>\n<p>        \u00c0 lire aussi :<br \/>\n        <a class=\"renvoi-explicite__link\" href=\"https:\/\/www.beauxarts.com\/expos\/leonora-carrington-grande-oubliee-du-surrealisme-enfin-mise-en-lumiere-au-musee-du-luxembourg\/\" rel=\"nofollow noopener\" target=\"_blank\">Leonora Carrington, grande oubli\u00e9e du surr\u00e9alisme enfin mise en lumi\u00e8re au mus\u00e9e du Luxembourg<\/a><\/p>\n<p>Hypnotisante Tatiana Andreeva \u00e0 la galerie Alina Pinsky<\/p>\n<p class=\"editor-content__paragraph\">Elle a fait dialoguer les math\u00e9matiques et le paysage\u00a0: Tatiana Andreeva a creus\u00e9 un sillon trop peu connu dans l\u2019histoire de l\u2019<a href=\"https:\/\/www.beauxarts.com\/grand-format\/lop-art-en-3-minutes\/\" target=\"_blank\" rel=\"noopener nofollow\">Op Art<\/a>. N\u00e9e \u00e0 Moscou en 1951, form\u00e9e \u00e0 l\u2019\u00e9cole de <a href=\"https:\/\/www.beauxarts.com\/grand-format\/victor-vasarely-en-2-minutes\/\" target=\"_blank\" rel=\"noopener nofollow\">Victor Vasarely<\/a> et <a href=\"https:\/\/www.beauxarts.com\/expos\/au-centre-pompidou-metz-100-oeuvres-pour-comprendre-le-double-visage-de-francois-morellet\/\" target=\"_blank\" rel=\"noopener nofollow\">Fran\u00e7ois Morellet<\/a>, l\u2019artiste transforme depuis les ann\u00e9es 1970\u00a0ses observations de la nature en syst\u00e8mes visuels d\u2019une rare rigueur chromatique. Con\u00e7ue avec l\u2019historien d\u2019art Bernard Blist\u00e8ne, ancien directeur du mus\u00e9e national d\u2019Art moderne au Centre Pompidou, cette exposition constitue sa toute premi\u00e8re pr\u00e9sentation en France. Une d\u00e9couverte en avant-premi\u00e8re \u00e0 la galerie Alina Pinsky, en attendant que cet hiver la fondation Vasarely d\u2019Aix-en-Provence lui ouvre ses cimaises.<\/p>\n<p>Du 18 septembre 2026 au 28 novembre 2026<\/p>\n<p class=\"annexe-content__infos\">Galerie Alina Pinsky \u2022 11 Rue Pastourelle \u2022 75003 Paris<br \/><a href=\"https:\/\/fr.alinapinskygallery.com\/\" rel=\"nofollow noopener\" target=\"_blank\">fr.alinapinskygallery.com<\/a><\/p>\n<p>Johan Creten, arch\u00e9ologue technologique \u00e0 la galerie Perrotin<\/p>\n<p>    <img loading=\"lazy\" decoding=\"async\" class=\"image__img\" src=\"https:\/\/www.europesays.com\/be-fr\/wp-content\/uploads\/2026\/09\/jcr_a094298_705674.4500xmax-964x1191.jpg\" alt=\"Johan Creten, New Glory \u2013 Le Grand perp\u00e9tuel\" width=\"964\" height=\"1191\"\/><\/p>\n<p>Johan Creten, New Glory \u2013 Le Grand perp\u00e9tuel, 2024\u20132025<\/p>\n<p>    i<\/p>\n<p class=\"legende__cartel\">Gr\u00e8s \u00e9maill\u00e9, lustre or \u2022 97 \u00d7 75 \u00d7 20\u00a0cm \u2022 \u00a9 Johan Creten, ADAGP, Paris, 2026 \/ courtesy de la galerie Perrotin, Paris<\/p>\n<p class=\"editor-content__paragraph\">Apr\u00e8s la mort de son p\u00e8re il y a trois ans, Johan Creten (n\u00e9 en 1963) a h\u00e9rit\u00e9 de 40\u00a0ans d\u2019ordinateurs entass\u00e9s. De ce deuil tr\u00e8s intime na\u00eet un mur d\u2019arch\u00e9ologie technologique, c\u0153ur battant de sa dixi\u00e8me exposition chez le galeriste Perrotin. Autour, le sculpteur belge entretient son obsession pour des motifs, des fleurs devenues corps, des mythes recycl\u00e9s en commentaires politiques, des assises d\u00e9di\u00e9es aux sept vertus sur lesquelles l\u2019on est invit\u00e9 \u00e0 s\u2019asseoir. Au contraire du chien du Pavlov, les \u0153uvres de Johan Creten agissent comme un nouveau stimulus, faisant \u00e9voluer la dynamique entre elles et un flot d\u2019interpr\u00e9tations sans cesse renouvel\u00e9es.<\/p>\n<p>  Arrow<\/p>\n<p>Johan Creten &#8211; Les chiens de Pavlov<\/p>\n<p>Du 5 septembre 2026 au 10 octobre 2026<\/p>\n<p class=\"annexe-content__infos\">Galerie Perrotin \u2022 76 Rue de Turenne \u2022 75003 Paris<br \/><a href=\"https:\/\/www.perrotin.com\/fr\" rel=\"nofollow noopener\" target=\"_blank\">www.perrotin.com<\/a><\/p>\n<p>        \u00c0 lire aussi :<br \/>\n        <a class=\"renvoi-explicite__link\" href=\"https:\/\/www.beauxarts.com\/videos\/dans-les-coulisses-de-la-villa-medicis-avec-johan-creten\/\" rel=\"nofollow noopener\" target=\"_blank\">Dans les coulisses de la Villa M\u00e9dicis avec Johan Creten<\/a><\/p>\n","protected":false},"excerpt":{"rendered":"En cette rentr\u00e9e parisienne, les galeries jouent la carte de la red\u00e9couverte\u00a0! On plonge dans l\u2019intimit\u00e9 du Nabi&hellip;\n","protected":false},"author":2,"featured_media":237829,"comment_status":"","ping_status":"","sticky":false,"template":"","format":"standard","meta":{"footnotes":"","_share_on_mastodon":"0"},"categories":[101],"tags":[73789,7432,2728,126,124,125,12,13,18,17,127,96,95,7433,73792,73790,73791,73787,7436,73788],"class_list":["post-237828","post","type-post","status-publish","format-standard","has-post-thumbnail","category-arts-et-design","tag-almine-rech","tag-art-contemporain","tag-art-moderne","tag-arts","tag-arts-and-design","tag-arts-et-design","tag-be","tag-be-fr","tag-belgique","tag-belgium","tag-design","tag-divertissement","tag-entertainment","tag-expos-gratuites","tag-galerie-alina-pinsky","tag-galerie-gallimard","tag-galerie-pavec","tag-galerie-perrotin","tag-galeries","tag-johan-creten"],"share_on_mastodon":{"url":"https:\/\/pubeurope.com\/@be_fr\/117208154664869595","error":""},"_links":{"self":[{"href":"https:\/\/www.europesays.com\/be-fr\/wp-json\/wp\/v2\/posts\/237828","targetHints":{"allow":["GET"]}}],"collection":[{"href":"https:\/\/www.europesays.com\/be-fr\/wp-json\/wp\/v2\/posts"}],"about":[{"href":"https:\/\/www.europesays.com\/be-fr\/wp-json\/wp\/v2\/types\/post"}],"author":[{"embeddable":true,"href":"https:\/\/www.europesays.com\/be-fr\/wp-json\/wp\/v2\/users\/2"}],"replies":[{"embeddable":true,"href":"https:\/\/www.europesays.com\/be-fr\/wp-json\/wp\/v2\/comments?post=237828"}],"version-history":[{"count":0,"href":"https:\/\/www.europesays.com\/be-fr\/wp-json\/wp\/v2\/posts\/237828\/revisions"}],"wp:featuredmedia":[{"embeddable":true,"href":"https:\/\/www.europesays.com\/be-fr\/wp-json\/wp\/v2\/media\/237829"}],"wp:attachment":[{"href":"https:\/\/www.europesays.com\/be-fr\/wp-json\/wp\/v2\/media?parent=237828"}],"wp:term":[{"taxonomy":"category","embeddable":true,"href":"https:\/\/www.europesays.com\/be-fr\/wp-json\/wp\/v2\/categories?post=237828"},{"taxonomy":"post_tag","embeddable":true,"href":"https:\/\/www.europesays.com\/be-fr\/wp-json\/wp\/v2\/tags?post=237828"}],"curies":[{"name":"wp","href":"https:\/\/api.w.org\/{rel}","templated":true}]}}