{"id":237876,"date":"2026-09-03T17:22:12","date_gmt":"2026-09-03T17:22:12","guid":{"rendered":"https:\/\/www.europesays.com\/be-fr\/237876\/"},"modified":"2026-09-03T17:22:12","modified_gmt":"2026-09-03T17:22:12","slug":"robert-pattinson-explique-pourquoi-le-tournage-de-batman-2-est-plus-difficile-que-le-precedent","status":"publish","type":"post","link":"https:\/\/www.europesays.com\/be-fr\/237876\/","title":{"rendered":"Robert Pattinson explique pourquoi le tournage de Batman 2 est plus difficile que le pr\u00e9c\u00e9dent"},"content":{"rendered":"<p class=\"dm_article-chapeau\">Alors qu&rsquo;il reprend le costume du justicier masqu\u00e9 dans \u00abThe Batman Part II\u00bb de Matt Reeves qui doit sortir en 2028, Robert Pattinson a d\u00e9clar\u00e9 qu&rsquo;incarner le super-h\u00e9ros est \u00abnettement plus difficile qu&rsquo;avant\u00bb.\u00a0<\/p>\n<p>Incarner l&rsquo;homme-chauve-souris n\u2019est pas de tout repos. Alors que <a href=\"https:\/\/www.cnews.fr\/robert-pattinson\" rel=\"nofollow noopener\" target=\"_blank\">Robert Pattinson <\/a>doit enfiler de nouveau le costume de <a href=\"https:\/\/www.cnews.fr\/batman\" rel=\"nofollow noopener\" target=\"_blank\">Batman<\/a> pour les besoins de \u00abThe Batman part II\u00bb de Matt Reeves, il a confi\u00e9 cette semaine \u00e0 <a href=\"https:\/\/www.gqindia.com\/content\/exclusive-robert-pattinson-dishes-on-the-batman-sequel-perfecting-his-chris-hansen-voice-and-falling-in-love-with-watches\" rel=\"nofollow noopener\" target=\"_blank\">GQ India<\/a> que l\u2019exercice s\u2019av\u00e8re, pour lui, \u00abplus difficile\u00bb que la premi\u00e8re fois.\u00a0<\/p>\n<p>\u00c9voquant son s\u00e9jour \u00e0 Londres, pr\u00e9vu jusqu\u2019\u00e0 la fin de l\u2019ann\u00e9e pour les besoins du tournage, la star a en effet expliqu\u00e9, qu\u2019en raison des cinq ans qui se sont \u00e9coul\u00e9s depuis le premier volet, il ressentait beaucoup \u00able poids des ann\u00e9es pass\u00e9es\u00bb. \u00abSurtout dans les sc\u00e8nes de combat. Je me dis : &lsquo;Bon sang, c\u2019est nettement plus difficile qu\u2019avant !&rsquo;\u00bb, a dit l&rsquo;acteur, d\u00e9sormais \u00e2g\u00e9 de 40 ans.<\/p>\n<p>La star de \u00abMickey 17\u00bb souligne que l\u2019exp\u00e9rience reste n\u00e9anmoins globalement positive. \u00abC&rsquo;est vraiment amusant. Et je pense que le film va \u00eatre excellent\u00bb, a-t-il confi\u00e9. \u00abIl y a une distribution vraiment formidable, mais c&rsquo;est un marathon.\u00bb<\/p>\n<p>La sortie de \u00abThe Batman Part II\u00bb est actuellement pr\u00e9vue pour le 16 f\u00e9vrier 2028, soit pr\u00e8s de six ans apr\u00e8s celle du premier volet. Tr\u00e8s peu d\u2019informations sur l\u2019intrigue ont circul\u00e9. Le r\u00e9alisateur Matt Reeves a officiellement confirm\u00e9 que Sebastian Stan et Scarlett Johansson, stars d&rsquo;\u00abAvengers : Infinity War\u00bb, avaient rejoint le casting de cette suite tr\u00e8s attendue. Comme le rel\u00e8ve <a href=\"https:\/\/ew.com\/robert-pattinson-reveals-why-its-significantly-harder-to-play-batman-now-12076099\" rel=\"nofollow noopener\" target=\"_blank\">EW<\/a>, il se pourrait que Sebastian Stan y incarne Harvey Dent, le procureur qui deviendra Double-Face (personnage jou\u00e9 jadis par Aaron Eckhart, Tommy Lee Jones et Billy Dee Williams).<\/p>\n","protected":false},"excerpt":{"rendered":"Alors qu&rsquo;il reprend le costume du justicier masqu\u00e9 dans \u00abThe Batman Part II\u00bb de Matt Reeves qui doit&hellip;\n","protected":false},"author":2,"featured_media":237877,"comment_status":"","ping_status":"","sticky":false,"template":"","format":"standard","meta":{"footnotes":"","_share_on_mastodon":"0"},"categories":[97],"tags":[33403,12,13,18,17,2389,419,9249,96,95,106,105,6803],"class_list":["post-237876","post","type-post","status-publish","format-standard","has-post-thumbnail","category-films","tag-batman","tag-be","tag-be-fr","tag-belgique","tag-belgium","tag-cinu00e9ma","tag-culture","tag-dc-comics","tag-divertissement","tag-entertainment","tag-films","tag-movies","tag-robert-pattinson"],"share_on_mastodon":{"url":"https:\/\/pubeurope.com\/@be_fr\/117208268543443321","error":""},"_links":{"self":[{"href":"https:\/\/www.europesays.com\/be-fr\/wp-json\/wp\/v2\/posts\/237876","targetHints":{"allow":["GET"]}}],"collection":[{"href":"https:\/\/www.europesays.com\/be-fr\/wp-json\/wp\/v2\/posts"}],"about":[{"href":"https:\/\/www.europesays.com\/be-fr\/wp-json\/wp\/v2\/types\/post"}],"author":[{"embeddable":true,"href":"https:\/\/www.europesays.com\/be-fr\/wp-json\/wp\/v2\/users\/2"}],"replies":[{"embeddable":true,"href":"https:\/\/www.europesays.com\/be-fr\/wp-json\/wp\/v2\/comments?post=237876"}],"version-history":[{"count":0,"href":"https:\/\/www.europesays.com\/be-fr\/wp-json\/wp\/v2\/posts\/237876\/revisions"}],"wp:featuredmedia":[{"embeddable":true,"href":"https:\/\/www.europesays.com\/be-fr\/wp-json\/wp\/v2\/media\/237877"}],"wp:attachment":[{"href":"https:\/\/www.europesays.com\/be-fr\/wp-json\/wp\/v2\/media?parent=237876"}],"wp:term":[{"taxonomy":"category","embeddable":true,"href":"https:\/\/www.europesays.com\/be-fr\/wp-json\/wp\/v2\/categories?post=237876"},{"taxonomy":"post_tag","embeddable":true,"href":"https:\/\/www.europesays.com\/be-fr\/wp-json\/wp\/v2\/tags?post=237876"}],"curies":[{"name":"wp","href":"https:\/\/api.w.org\/{rel}","templated":true}]}}