{"id":237898,"date":"2026-09-03T17:34:11","date_gmt":"2026-09-03T17:34:11","guid":{"rendered":"https:\/\/www.europesays.com\/be-fr\/237898\/"},"modified":"2026-09-03T17:34:11","modified_gmt":"2026-09-03T17:34:11","slug":"lequipe-de-dolivier-primeau-annonce-quune-superstar-annule-sa-performance-au-beachclub","status":"publish","type":"post","link":"https:\/\/www.europesays.com\/be-fr\/237898\/","title":{"rendered":"L\u2019\u00e9quipe de d\u2019Olivier Primeau annonce qu\u2019une superstar annule sa performance au Beachclub"},"content":{"rendered":"<p class=\"c-paragraph\">La m\u00e9gastar du rap GIMS a annul\u00e9 sa pr\u00e9sence au Beachclub, \u00e0 quelques jours seulement de son spectacle.<\/p>\n<p class=\"c-paragraph\">La nouvelle a \u00e9t\u00e9 annonc\u00e9e par l\u2019\u00e9quipe d\u2019<a href=\"https:\/\/www.noovomoi.ca\/en-vedette\/actualites-potins\/article\/olivier-primeau-explique-le-role-quil-jouera-pour-la-caq-lors-des-prochaines-elections\/\" target=\"_self\" rel=\"nofollow noopener\" title=\"https:\/\/www.noovomoi.ca\/en-vedette\/actualites-potins\/article\/olivier-primeau-explique-le-role-quil-jouera-pour-la-caq-lors-des-prochaines-elections\/\">Olivier Primeau<\/a> sur la page Facebook du populaire club. Des raisons de sant\u00e9 emp\u00eacheraient le chanteur de se rendre au Qu\u00e9bec pour l\u2019\u00e9v\u00e9nement.<\/p>\n<p class=\"c-paragraph\">Comme il s\u2019agit de la fin de semaine de fermeture du Beachclub, l\u2019\u00e9quipe a \u00e9galement confirm\u00e9 qu\u2019un autre artiste prendra sa place afin que les festivit\u00e9s puissent tout de m\u00eame avoir lieu comme pr\u00e9vu.<\/p>\n<p class=\"c-paragraph\">Gims avait d\u2019ailleurs fait fureur lors de son passage \u00e0 \u00ceLESONIQ il y a deux ans. La foule \u00e9tait compl\u00e8tement en feu, et plusieurs esp\u00e9raient sans doute retrouver une ambiance semblable lors de son spectacle au Beachclub.<\/p>\n<p class=\"c-paragraph\">Voici un extrait de son passage au festival montr\u00e9alais:<\/p>\n<p class=\"c-paragraph\">C\u2019est finalement 50 Cent qui reprendra le flambeau. Le populaire rappeur sera donc au Beachclub le 5 septembre, en remplacement de Gims.<\/p>\n<p class=\"c-paragraph\">L\u2019\u00e9quipe de l\u2019\u00e9tablissement pr\u00e9cise que les d\u00e9tenteurs de billets n\u2019ont aucune d\u00e9marche \u00e0 effectuer et que leurs billets demeurent valides pour l\u2019\u00e9v\u00e9nement.<\/p>\n<p class=\"c-paragraph\">\u00abC\u2019est pourquoi notre \u00e9quipe a mis tout en \u0153uvre pour offrir un \u00e9v\u00e9nement \u00e0 cette m\u00eame date. Nous sommes donc tr\u00e8s heureux d\u2019annoncer que 50 Cent sera au Beachclub le 5 septembre\u00bb, peut-on lire dans l\u2019annonce.<\/p>\n<p class=\"c-paragraph\">En faisant quelques recherches, on constate que GIMS avait plusieurs \u00e9v\u00e9nements pr\u00e9vus dans les prochains jours. Le rappeur devait notamment participer ce soir au Z Event, un important \u00e9v\u00e9nement caritatif de streaming organis\u00e9 en France.<\/p>\n<p class=\"c-paragraph\">Il devait \u00e9galement \u00eatre pr\u00e9sent demain au Complexe Le Marina, \u00e0 Port-Barcar\u00e8s, pour un autre spectacle.<\/p>\n<p class=\"c-paragraph\">Pour le moment, on ne sait pas si ces autres engagements seront eux aussi touch\u00e9s par son \u00e9tat de sant\u00e9.<\/p>\n<p class=\"c-paragraph\">On ignore pour le moment si les autres spectacles pr\u00e9vus \u00e0 l\u2019horaire de Gims seront \u00e9galement touch\u00e9s. Une chose est certaine, au Beachclub, la f\u00eate aura bel et bien lieu avec 50 Cent!<\/p>\n<p>Articles connexes<\/p>\n","protected":false},"excerpt":{"rendered":"La m\u00e9gastar du rap GIMS a annul\u00e9 sa pr\u00e9sence au Beachclub, \u00e0 quelques jours seulement de son spectacle.&hellip;\n","protected":false},"author":2,"featured_media":237899,"comment_status":"","ping_status":"","sticky":false,"template":"","format":"standard","meta":{"footnotes":"","_share_on_mastodon":"0"},"categories":[98],"tags":[73803,12,13,73802,18,17,96,95,4237,107,108,73801],"class_list":["post-237898","post","type-post","status-publish","format-standard","has-post-thumbnail","category-musique","tag-50-cents","tag-be","tag-be-fr","tag-beachclub","tag-belgique","tag-belgium","tag-divertissement","tag-entertainment","tag-gims","tag-music","tag-musique","tag-olivier-primeau"],"share_on_mastodon":{"url":"https:\/\/pubeurope.com\/@be_fr\/117208315956664508","error":""},"_links":{"self":[{"href":"https:\/\/www.europesays.com\/be-fr\/wp-json\/wp\/v2\/posts\/237898","targetHints":{"allow":["GET"]}}],"collection":[{"href":"https:\/\/www.europesays.com\/be-fr\/wp-json\/wp\/v2\/posts"}],"about":[{"href":"https:\/\/www.europesays.com\/be-fr\/wp-json\/wp\/v2\/types\/post"}],"author":[{"embeddable":true,"href":"https:\/\/www.europesays.com\/be-fr\/wp-json\/wp\/v2\/users\/2"}],"replies":[{"embeddable":true,"href":"https:\/\/www.europesays.com\/be-fr\/wp-json\/wp\/v2\/comments?post=237898"}],"version-history":[{"count":0,"href":"https:\/\/www.europesays.com\/be-fr\/wp-json\/wp\/v2\/posts\/237898\/revisions"}],"wp:featuredmedia":[{"embeddable":true,"href":"https:\/\/www.europesays.com\/be-fr\/wp-json\/wp\/v2\/media\/237899"}],"wp:attachment":[{"href":"https:\/\/www.europesays.com\/be-fr\/wp-json\/wp\/v2\/media?parent=237898"}],"wp:term":[{"taxonomy":"category","embeddable":true,"href":"https:\/\/www.europesays.com\/be-fr\/wp-json\/wp\/v2\/categories?post=237898"},{"taxonomy":"post_tag","embeddable":true,"href":"https:\/\/www.europesays.com\/be-fr\/wp-json\/wp\/v2\/tags?post=237898"}],"curies":[{"name":"wp","href":"https:\/\/api.w.org\/{rel}","templated":true}]}}