{"id":237910,"date":"2026-09-03T17:40:14","date_gmt":"2026-09-03T17:40:14","guid":{"rendered":"https:\/\/www.europesays.com\/be-fr\/237910\/"},"modified":"2026-09-03T17:40:14","modified_gmt":"2026-09-03T17:40:14","slug":"aldi-rappelle-des-mini-ventilateurs-ambiano-pour-raison-de-securite","status":"publish","type":"post","link":"https:\/\/www.europesays.com\/be-fr\/237910\/","title":{"rendered":"Aldi rappelle des mini-ventilateurs Ambiano pour raison de s\u00e9curit\u00e9"},"content":{"rendered":"<p>  <img decoding=\"async\" class=\"r-img lazyloaded\" src=\"\/sites\/all\/themes\/enacarbon_rtl\/images\/rtlinfo-192x192.png\" alt=\"Image auteur par d\u00e9faut\"\/><\/p>\n<p>par RTL info avec Belga<br \/>\n\tPubli\u00e9 le 03 septembre \u00e0 16h48<\/p>\n<p>  <a href=\"https:\/\/www.google.com\/preferences\/source?q=rtl%20info\" class=\"r-link--google-favorites\" role=\"button\">Ajoutez-nous \u00e0 vos favoris Google<\/a><br \/>\n\tAldi rappelle en urgence plusieurs mod\u00e8les de mini-ventilateurs Ambiano vendus le 27 juin apr\u00e8s la d\u00e9couverte d\u2019un c\u00e2ble USB d\u00e9fectueux pouvant endommager les appareils connect\u00e9s.<\/p>\n<p>&#13;<br \/>\n&#13;<\/p>\n<p>Aldi rappelle jeudi des mini-ventilateurs rechargeables de la marque Ambiano \u00ab\u00a0pour des raisons de s\u00e9curit\u00e9\u00a0\u00bb, a indiqu\u00e9 l\u2019enseigne dans un communiqu\u00e9. L\u2019utilisation du c\u00e2ble USB pr\u00e9sent dans la bo\u00eete peut entra\u00eener des dommages irr\u00e9versibles aux appareils connect\u00e9s.<\/p>\n<p>Les produits ont \u00e9t\u00e9 vendus par l\u2019enseigne le 27 juin dernier. Ils portent les codes EAN 4070757014229, 4070757014236 ou 4070757014243. En outre, les num\u00e9ros de mod\u00e8le concern\u00e9s sont les 1239-W, 1239-G et 1239-C et figurent sur la plaque signal\u00e9tique situ\u00e9e \u00e0 l\u2019arri\u00e8re de l\u2019appareil.<\/p>\n<p>&#13;<br \/>\n&#13;<\/p>\n<p>&#13;<br \/>\n&#13;<\/p>\n<p>Il est demand\u00e9 aux clients ayant achet\u00e9 l\u2019appareil de cesser d\u2019utiliser le c\u00e2ble en question et de le rapporter en magasin o\u00f9 il leur sera rembours\u00e9, m\u00eame sans ticket de caisse ou en l\u2019absence de l\u2019emballage original.<\/p>\n","protected":false},"excerpt":{"rendered":"par RTL info avec Belga Publi\u00e9 le 03 septembre \u00e0 16h48 Ajoutez-nous \u00e0 vos favoris Google Aldi rappelle&hellip;\n","protected":false},"author":2,"featured_media":237911,"comment_status":"","ping_status":"","sticky":false,"template":"","format":"standard","meta":{"footnotes":"","_share_on_mastodon":"0"},"categories":[35],"tags":[12,13,18,17,38,73816,73818,73819,73820,37,36,51056,73815,73817,73814,35180,651],"class_list":["post-237910","post","type-post","status-publish","format-standard","has-post-thumbnail","category-economie","tag-be","tag-be-fr","tag-belgique","tag-belgium","tag-business","tag-cable-usb-defectueux","tag-ean-4070757014229","tag-ean-4070757014236","tag-ean-4070757014243","tag-economie","tag-economy","tag-ete-2024","tag-mini-ventilateur-ambiano","tag-modeles-1239-w-1239-g-1239-c","tag-rappel-aldi","tag-remboursement","tag-securite"],"share_on_mastodon":{"url":"https:\/\/pubeurope.com\/@be_fr\/117208339754430681","error":""},"_links":{"self":[{"href":"https:\/\/www.europesays.com\/be-fr\/wp-json\/wp\/v2\/posts\/237910","targetHints":{"allow":["GET"]}}],"collection":[{"href":"https:\/\/www.europesays.com\/be-fr\/wp-json\/wp\/v2\/posts"}],"about":[{"href":"https:\/\/www.europesays.com\/be-fr\/wp-json\/wp\/v2\/types\/post"}],"author":[{"embeddable":true,"href":"https:\/\/www.europesays.com\/be-fr\/wp-json\/wp\/v2\/users\/2"}],"replies":[{"embeddable":true,"href":"https:\/\/www.europesays.com\/be-fr\/wp-json\/wp\/v2\/comments?post=237910"}],"version-history":[{"count":0,"href":"https:\/\/www.europesays.com\/be-fr\/wp-json\/wp\/v2\/posts\/237910\/revisions"}],"wp:featuredmedia":[{"embeddable":true,"href":"https:\/\/www.europesays.com\/be-fr\/wp-json\/wp\/v2\/media\/237911"}],"wp:attachment":[{"href":"https:\/\/www.europesays.com\/be-fr\/wp-json\/wp\/v2\/media?parent=237910"}],"wp:term":[{"taxonomy":"category","embeddable":true,"href":"https:\/\/www.europesays.com\/be-fr\/wp-json\/wp\/v2\/categories?post=237910"},{"taxonomy":"post_tag","embeddable":true,"href":"https:\/\/www.europesays.com\/be-fr\/wp-json\/wp\/v2\/tags?post=237910"}],"curies":[{"name":"wp","href":"https:\/\/api.w.org\/{rel}","templated":true}]}}